{"id":173849,"date":"2019-06-25T14:47:22","date_gmt":"2019-06-25T11:47:22","guid":{"rendered":"http:\/\/www.tvturk.com\/index.php\/kulup-baskanlarindan-nihat-ozdemire-ziyaret\/"},"modified":"2019-06-25T14:47:22","modified_gmt":"2019-06-25T11:47:22","slug":"kulup-baskanlarindan-nihat-ozdemire-ziyaret","status":"publish","type":"post","link":"http:\/\/www.tvturk.com\/index.php\/kulup-baskanlarindan-nihat-ozdemire-ziyaret\/","title":{"rendered":"Kul\u00fcp ba\u015fkanlar\u0131ndan Nihat \u00d6zdemir\u2019e ziyaret"},"content":{"rendered":"<p>Spor Toto 1. Lig kul\u00fcplerinden Akhisar Belediyespor Ba\u015fkan\u0131 H\u00fcseyin Ery\u00fcksel, B\u00fcy\u00fck\u015fehir Belediye Erzurumspor Ba\u015fkan\u0131 H\u00fcseyin \u00dcne\u015f ve Bursaspor Ba\u015fkan\u0131 Mesut Mestan, T\u00fcrkiye Futbol Federasyonu Ba\u015fkan\u0131 Nihat \u00d6zdemir\u2019i ziyaret etti.<\/p>\n<p>Spor Toto S\u00fcper Lig\u2019e bu sene veda eden ve gelecek sezon 1. Lig\u2019de m\u00fccadele verecek olan Akhisarspor, BB. Erzurumspor ve Bursaspor Ba\u015fkanlar\u0131, T\u00fcrkiye Futbol Federasyonu Ba\u015fkan\u0131 Nihat \u00d6zdemir\u2019i ziyaret etti. TFF Hasan Do\u011fan Milli Tak\u0131mlar Kamp ve E\u011fitim Tesisleri\u2019nde ger\u00e7ekle\u015fen nezaket ziyaretinde TFF 1. Ba\u015fkan Vekili Servet Yard\u0131mc\u0131, TFF Ba\u015fkan Vekilleri Erhan Kam\u0131\u015fl\u0131 ve Y\u0131lmaz B\u00fcy\u00fckayd\u0131n ile Genel Sekreter Kadir Karda\u015f yer ald\u0131.<\/p>\n","protected":false},"excerpt":{"rendered":"<p>SPOR TOTO 1. L\u0130G KUL\u00dcPLER\u0130NDEN AKH\u0130SAR BELED\u0130YESPOR BA\u015eKANI H\u00dcSEY\u0130N ERY\u00dcKSEL, B\u00dcY\u00dcK\u015eEH\u0130R BELED\u0130YE ERZURUMSPOR BA\u015eKANI H\u00dcSEY\u0130N \u00dcNE\u015e VE BURSASPOR BA\u015eKANI MESUT MESTAN, T\u00dcRK\u0130YE FUTBOL FEDERASYONU BA\u015eKANI N\u0130HAT \u00d6ZDEM\u0130R&#8217;\u0130 Z\u0130YARET ETT\u0130.<\/p>\n","protected":false},"author":1,"featured_media":0,"comment_status":"closed","ping_status":"open","sticky":false,"template":"","format":"standard","meta":{"jetpack_post_was_ever_published":false,"_jetpack_newsletter_access":"","_jetpack_dont_email_post_to_subs":false,"_jetpack_newsletter_tier_id":0,"_jetpack_memberships_contains_paywalled_content":false,"_jetpack_memberships_contains_paid_content":false,"footnotes":"","jetpack_publicize_message":"","jetpack_publicize_feature_enabled":true,"jetpack_social_post_already_shared":true,"jetpack_social_options":{"image_generator_settings":{"template":"highway","default_image_id":0,"font":"","enabled":false},"version":2}},"categories":[657],"tags":[2000,987,4609,16756,150],"class_list":["post-173849","post","type-post","status-publish","format-standard","hentry","category-spor","tag-baskanlarindan","tag-kulup","tag-nihat","tag-ozdemire","tag-ziyaret"],"jetpack_publicize_connections":[],"jetpack_featured_media_url":"","jetpack_sharing_enabled":true,"jetpack_shortlink":"https:\/\/wp.me\/paKIfm-Je1","_links":{"self":[{"href":"http:\/\/www.tvturk.com\/index.php\/wp-json\/wp\/v2\/posts\/173849","targetHints":{"allow":["GET"]}}],"collection":[{"href":"http:\/\/www.tvturk.com\/index.php\/wp-json\/wp\/v2\/posts"}],"about":[{"href":"http:\/\/www.tvturk.com\/index.php\/wp-json\/wp\/v2\/types\/post"}],"author":[{"embeddable":true,"href":"http:\/\/www.tvturk.com\/index.php\/wp-json\/wp\/v2\/users\/1"}],"replies":[{"embeddable":true,"href":"http:\/\/www.tvturk.com\/index.php\/wp-json\/wp\/v2\/comments?post=173849"}],"version-history":[{"count":0,"href":"http:\/\/www.tvturk.com\/index.php\/wp-json\/wp\/v2\/posts\/173849\/revisions"}],"wp:attachment":[{"href":"http:\/\/www.tvturk.com\/index.php\/wp-json\/wp\/v2\/media?parent=173849"}],"wp:term":[{"taxonomy":"category","embeddable":true,"href":"http:\/\/www.tvturk.com\/index.php\/wp-json\/wp\/v2\/categories?post=173849"},{"taxonomy":"post_tag","embeddable":true,"href":"http:\/\/www.tvturk.com\/index.php\/wp-json\/wp\/v2\/tags?post=173849"}],"curies":[{"name":"wp","href":"https:\/\/api.w.org\/{rel}","templated":true}]}}