{"id":173871,"date":"2019-06-25T15:16:13","date_gmt":"2019-06-25T12:16:13","guid":{"rendered":"http:\/\/www.tvturk.com\/index.php\/filistinli-multeciden-abdnin-yuzyilin-anlasmasina-tepki\/"},"modified":"2019-06-25T15:16:13","modified_gmt":"2019-06-25T12:16:13","slug":"filistinli-multeciden-abdnin-yuzyilin-anlasmasina-tepki","status":"publish","type":"post","link":"http:\/\/www.tvturk.com\/index.php\/filistinli-multeciden-abdnin-yuzyilin-anlasmasina-tepki\/","title":{"rendered":"Filistinli m\u00fclteciden ABD\u2019nin \u2018Y\u00fczy\u0131l\u0131n Anla\u015fmas\u0131\u2019na tepki"},"content":{"rendered":"<p>\u0130srail\u2019in kurulmas\u0131yla evinden zorla \u00e7\u0131kar\u0131lan ve L\u00fcbnan\u2019da ya\u015fayan Filistinli bir m\u00fclteci ABD\u2019nin \u201cY\u00fczy\u0131l\u0131n Anla\u015fmas\u0131\u201d plan\u0131na tepki g\u00f6sterdi.<\/p>\n<p>Filistin bir m\u00fclteci ABD\u2019nin \u0130srail ile Filistin aras\u0131ndaki \u00e7at\u0131\u015fmalara son vermek amac\u0131yla haz\u0131rlad\u0131\u011f\u0131 Y\u00fczy\u0131l\u0131n Anla\u015fmas\u0131 olarak adland\u0131r\u0131lan bir bar\u0131\u015f plan\u0131na b\u00fcy\u00fck tepki g\u00f6sterdi. L\u00fcbnan\u2019da ya\u015fayan Filistinli M\u00fclteci H\u00fcseyin El-Mansi, ABD\u2019nin Y\u00fczy\u0131l\u0131n Anla\u015fmas\u0131 ile birlikte \u0130srail ile yap\u0131lan b\u00fct\u00fcn anla\u015fmalar \u00e7\u00f6p kutusunun \u00fczerine ast\u0131. El-Mansi, ABD\u2019nin Y\u00fczy\u0131l\u0131n Anla\u015fmas\u0131n\u0131n di\u011fer anla\u015fmalar gibi ge\u00e7meyece\u011fini vurgulad\u0131.  ABD\u2019nin \u201cY\u00fczy\u0131l\u0131n Anla\u015fmas\u0131\u201d plan\u0131yla Filistinli m\u00fcltecilerin geri d\u00f6n\u00fc\u015f hakk\u0131n\u0131 tasfiye etmeyi hedefledi\u011fini s\u00f6yleyen El-Mansi, t\u00fcm haklar\u0131na sahip \u00e7\u0131kmaya devam edeceklerini vurgulad\u0131.<\/p>\n<p>Hamas\u2019\u0131n \u00e7a\u011fr\u0131s\u0131 \u00fczerine bug\u00fcn Filistinli m\u00fclteciler, L\u00fcbnan\u2019\u0131n ba\u015fkenti Beyrut\u2019ta \u201cY\u00fczy\u0131l\u0131n Anla\u015fmas\u0131\u201d plan\u0131na kar\u015f\u0131 protesto g\u00f6sterisi d\u00fczenledi. Protestocular, Beyrut\u2019taki Birle\u015fmi\u015f Milletler binas\u0131 \u00f6n\u00fcnde bir araya gelerek tepkilerini dile getirdi.<\/p>\n<p>ABD\u2019nin haz\u0131rlad\u0131\u011f\u0131 Y\u00fczy\u0131l\u0131n Anla\u015fmas\u0131 kapsam\u0131nda bug\u00fcn Bahreyn\u2019in ba\u015fkenti Manama\u2019da \u2019Refah i\u00e7in Bar\u0131\u015f\u2019 ba\u015fl\u0131kl\u0131 ekonomi \u00e7al\u0131\u015ftay\u0131 d\u00fczenlenecek. Binlerce Filistinli, \u0130srail\u2019in 14 May\u0131s 1948\u2019de tarihi Filistin topraklar\u0131 \u00fczerinde kurulmas\u0131yla \u00dcrd\u00fcn, L\u00fcbnan ve Suriye gibi bir\u00e7ok \u00fclkeye g\u00f6\u00e7 etmek zorunda kalm\u0131\u015ft\u0131. ABD\u2019nin Anla\u015fmas\u0131 Filistinli m\u00fcltecilerin geri d\u00f6n\u00fc\u015f hakk\u0131n\u0131 tasfiye etmeyi hedefledi\u011fini ifade ediliyor.<\/p>\n","protected":false},"excerpt":{"rendered":"<p>HAMAS&#8217;IN \u00c7A\u011eRISI \u00dcZER\u0130NE BUG\u00dcN F\u0130L\u0130ST\u0130NL\u0130 M\u00dcLTEC\u0130LER, L\u00dcBNAN\u2019IN BA\u015eKENT\u0130 BEYRUT&#8217;TA \u201cY\u00dcZYILIN ANLA\u015eMASI\u201d PLANINA KAR\u015eI PROTESTO G\u00d6STER\u0130S\u0130 D\u00dcZENLED\u0130.<\/p>\n","protected":false},"author":1,"featured_media":0,"comment_status":"closed","ping_status":"open","sticky":false,"template":"","format":"standard","meta":{"jetpack_post_was_ever_published":false,"_jetpack_newsletter_access":"","_jetpack_dont_email_post_to_subs":false,"_jetpack_newsletter_tier_id":0,"_jetpack_memberships_contains_paywalled_content":false,"_jetpack_memberships_contains_paid_content":false,"footnotes":"","jetpack_publicize_message":"","jetpack_publicize_feature_enabled":true,"jetpack_social_post_already_shared":true,"jetpack_social_options":{"image_generator_settings":{"template":"highway","default_image_id":0,"font":"","enabled":false},"version":2}},"categories":[10],"tags":[3078,42194,17996,42193,961,24490],"class_list":["post-173871","post","type-post","status-publish","format-standard","hentry","category-dunya","tag-abdnin","tag-anlasmasina","tag-filistinli","tag-multeciden","tag-tepki","tag-yuzyilin"],"jetpack_publicize_connections":[],"jetpack_featured_media_url":"","jetpack_sharing_enabled":true,"jetpack_shortlink":"https:\/\/wp.me\/paKIfm-Jen","_links":{"self":[{"href":"http:\/\/www.tvturk.com\/index.php\/wp-json\/wp\/v2\/posts\/173871","targetHints":{"allow":["GET"]}}],"collection":[{"href":"http:\/\/www.tvturk.com\/index.php\/wp-json\/wp\/v2\/posts"}],"about":[{"href":"http:\/\/www.tvturk.com\/index.php\/wp-json\/wp\/v2\/types\/post"}],"author":[{"embeddable":true,"href":"http:\/\/www.tvturk.com\/index.php\/wp-json\/wp\/v2\/users\/1"}],"replies":[{"embeddable":true,"href":"http:\/\/www.tvturk.com\/index.php\/wp-json\/wp\/v2\/comments?post=173871"}],"version-history":[{"count":0,"href":"http:\/\/www.tvturk.com\/index.php\/wp-json\/wp\/v2\/posts\/173871\/revisions"}],"wp:attachment":[{"href":"http:\/\/www.tvturk.com\/index.php\/wp-json\/wp\/v2\/media?parent=173871"}],"wp:term":[{"taxonomy":"category","embeddable":true,"href":"http:\/\/www.tvturk.com\/index.php\/wp-json\/wp\/v2\/categories?post=173871"},{"taxonomy":"post_tag","embeddable":true,"href":"http:\/\/www.tvturk.com\/index.php\/wp-json\/wp\/v2\/tags?post=173871"}],"curies":[{"name":"wp","href":"https:\/\/api.w.org\/{rel}","templated":true}]}}