{"id":173901,"date":"2019-06-25T16:02:02","date_gmt":"2019-06-25T13:02:02","guid":{"rendered":"http:\/\/www.tvturk.com\/index.php\/cumhurbaskani-erdogan-badavuttan-sonra-maden-adalarini-da-koruma-kalkani-icine-aldi\/"},"modified":"2019-06-25T16:02:02","modified_gmt":"2019-06-25T13:02:02","slug":"cumhurbaskani-erdogan-badavuttan-sonra-maden-adalarini-da-koruma-kalkani-icine-aldi","status":"publish","type":"post","link":"http:\/\/www.tvturk.com\/index.php\/cumhurbaskani-erdogan-badavuttan-sonra-maden-adalarini-da-koruma-kalkani-icine-aldi\/","title":{"rendered":"Cumhurba\u015fkan\u0131 Erdo\u011fan Badavut\u2019tan sonra Maden Adalar\u0131n\u0131 da koruma kalkan\u0131 i\u00e7ine ald\u0131"},"content":{"rendered":"<p>Bal\u0131kesir\u2019in Ayval\u0131k il\u00e7esinde; T\u00fcrkiye\u2019nin y\u00fcz\u00f6l\u00e7\u00fcm\u00fc olarak en b\u00fcy\u00fck do\u011fal sit alan\u0131 olarak kabul edilen Ayval\u0131k Adalar\u0131 Tabiat Park\u0131 s\u0131n\u0131rlar\u0131 i\u00e7erisinde kalan B\u00fcy\u00fck ve K\u00fc\u00e7\u00fck Maden Adalar\u0131, Cumhurba\u015fkan\u0131 Recep Tayyip Erdo\u011fan taraf\u0131ndan \u201cKesin korunacak hassas alan\u201d olarak ilan edildi.<\/p>\n<p>\u0130stanbul, Bal\u0131kesir, Kayseri ve Trabzon\u2019daki do\u011fal sit alan\u0131 kapsam\u0131na giren baz\u0131 yerlerin &#8220;kesin korunacak hassas alan&#8221; ilan edilmesi hakk\u0131ndaki karar Cumhurba\u015fkan\u0131 Erdo\u011fan\u2019\u0131n imzas\u0131yla Resmi Gazete\u2019de yay\u0131mland\u0131.<\/p>\n<p>Karar gere\u011fi, Bal\u0131kesir\u2019in Ayval\u0131k il\u00e7esinin 22 adas\u0131ndan 2\u2019si olan K\u00fc\u00e7\u00fck Maden ve B\u00fcy\u00fck Maden Adalar\u0131 da bu koruma kalkan\u0131n\u0131n i\u00e7erisine al\u0131nd\u0131.<\/p>\n<p>\u0130ki ay \u00f6nce yine Cumhurba\u015fkan\u0131 Recep Tayyip Erdo\u011fan taraf\u0131ndan &#8220;kesin korunacak hassas alan&#8221; ilan edilen Ayval\u0131k\u2019\u0131n K\u00fc\u00e7\u00fckk\u00f6y Mahallesi s\u0131n\u0131rlar\u0131 i\u00e7erisinde kalan Badavut mevkiinin kuzeyinde sahilden yakla\u015f\u0131k 3 mil a\u00e7\u0131klar\u0131nda bulunan, B\u00fcy\u00fck Maden ve K\u00fc\u00e7\u00fck Maden Adalar\u0131\u2019n\u0131n 1. Derece Do\u011fal Sit Alan\u0131 kapsam\u0131na giren alanlar\u0131 d\u00e2hilinde, \u2019kesin korunacak hassas alan\u2019 olarak tescil ve ilan edilmesine karar verilmesi \u00e7evreciler taraf\u0131ndan memnuniyetle kar\u015f\u0131land\u0131.<\/p>\n<p>Ayval\u0131k Tabiat Park\u0131 Platformu Y\u00fcr\u00fctme Kurulu \u00dcyesi Salih \u00d6z muhabirimize yapt\u0131\u011f\u0131 a\u00e7\u0131klamada, Cumhurba\u015fkan\u0131 Recep Tayyip Erdo\u011fan\u2019\u0131n Badavut\u2019un ard\u0131ndan B\u00fcy\u00fck ve K\u00fc\u00e7\u00fck Maden Adalar\u0131\u2019n\u0131 kesin korunacak hassas alan olarak ilan etmesinin sevindirici oldu\u011fu s\u00f6yledi.<\/p>\n<p>2017 y\u0131l\u0131nda; platform \u00f6nc\u00fcl\u00fc\u011f\u00fcnde Ayval\u0131k halk\u0131n\u0131n Cunda Adas\u0131 ile Pateri\u00e7a Yar\u0131madas\u0131\u2019n\u0131n do\u011fal sit alanlar\u0131 i\u00e7erisinde kalabilmesi i\u00e7in b\u00fcy\u00fck bir m\u00fccadele verdi\u011fini hat\u0131rlatan Salih \u00d6z, \u201c\u015eu anda Ayval\u0131k\u2019\u0131n 22 adas\u0131 da do\u011fal sit alan\u0131d\u0131r. Ancak, B\u00fcy\u00fck ve K\u00fc\u00e7\u00fck Maden Adalar\u0131\u2019n\u0131n Cumhurba\u015fkanl\u0131\u011f\u0131 taraf\u0131ndan hassas ilan edilmesi son derece olumlu bir geli\u015fmedir. Ayval\u0131kl\u0131 \u00e7evreciler ve tabii ki Ayval\u0131k halk\u0131 olarak sadece Badavut ve maden adalar\u0131m\u0131z\u0131n de\u011fil, Ayval\u0131k Adalar\u0131 Tabiat Park\u0131\u2019n\u0131 olu\u015fturan t\u00fcm adalar\u0131n \u2019kesin korunacak hassas alan\u2019 olarak ilan edilmesini istiyoruz. Bu y\u00fczden de Cumhurba\u015fkan\u0131 Recep Tayip Erdo\u011fan \u00f6nc\u00fcl\u00fc\u011f\u00fcnde at\u0131lan bu ad\u0131m bizim i\u00e7in son derece memnuniyet vericidir\u201d dedi.<\/p>\n<p>&#8220;Kesin korunacak hassas alan&#8221; s\u0131n\u0131rlar\u0131 i\u00e7erisinde bulunan b\u00f6lgelerde kesinlikle imara izin verilmedi\u011finin alt\u0131n\u0131 \u00e7izen Ayval\u0131k Tabiat Park\u0131 Platformu Y\u00fcr\u00fctme Kurulu \u00dcyesi Salih \u00d6z, \u201cBu durum o b\u00f6lgelere dokunulmamas\u0131 ve do\u011fal olarak kalmas\u0131 anlam\u0131n\u0131 ta\u015f\u0131yor\u201d diye konu\u015ftu.<\/p>\n","protected":false},"excerpt":{"rendered":"<p>AYVALIK ADALARI TAB\u0130AT PARKI SINIRLARI \u0130\u00c7ER\u0130S\u0130NDE KALAN B\u00dcY\u00dcK VE K\u00dc\u00c7\u00dcK MADEN ADALARI, \u201cKES\u0130N KORUNACAK HASSAS ALAN\u201d OLARAK \u0130LAN ED\u0130LD\u0130.<\/p>\n","protected":false},"author":1,"featured_media":0,"comment_status":"closed","ping_status":"open","sticky":false,"template":"","format":"standard","meta":{"jetpack_post_was_ever_published":false,"_jetpack_newsletter_access":"","_jetpack_dont_email_post_to_subs":false,"_jetpack_newsletter_tier_id":0,"_jetpack_memberships_contains_paywalled_content":false,"_jetpack_memberships_contains_paid_content":false,"footnotes":"","jetpack_publicize_message":"","jetpack_publicize_feature_enabled":true,"jetpack_social_post_already_shared":true,"jetpack_social_options":{"image_generator_settings":{"template":"highway","default_image_id":0,"font":"","enabled":false},"version":2}},"categories":[1],"tags":[42206,1075,42205,503,649,14602,2027,1185,4622,2022],"class_list":["post-173901","post","type-post","status-publish","format-standard","hentry","category-genel","tag-adalarini","tag-aldi","tag-badavuttan","tag-cumhurbaskani","tag-erdogan","tag-icine","tag-kalkani","tag-koruma","tag-maden","tag-sonra"],"jetpack_publicize_connections":[],"jetpack_featured_media_url":"","jetpack_sharing_enabled":true,"jetpack_shortlink":"https:\/\/wp.me\/paKIfm-JeR","_links":{"self":[{"href":"http:\/\/www.tvturk.com\/index.php\/wp-json\/wp\/v2\/posts\/173901","targetHints":{"allow":["GET"]}}],"collection":[{"href":"http:\/\/www.tvturk.com\/index.php\/wp-json\/wp\/v2\/posts"}],"about":[{"href":"http:\/\/www.tvturk.com\/index.php\/wp-json\/wp\/v2\/types\/post"}],"author":[{"embeddable":true,"href":"http:\/\/www.tvturk.com\/index.php\/wp-json\/wp\/v2\/users\/1"}],"replies":[{"embeddable":true,"href":"http:\/\/www.tvturk.com\/index.php\/wp-json\/wp\/v2\/comments?post=173901"}],"version-history":[{"count":0,"href":"http:\/\/www.tvturk.com\/index.php\/wp-json\/wp\/v2\/posts\/173901\/revisions"}],"wp:attachment":[{"href":"http:\/\/www.tvturk.com\/index.php\/wp-json\/wp\/v2\/media?parent=173901"}],"wp:term":[{"taxonomy":"category","embeddable":true,"href":"http:\/\/www.tvturk.com\/index.php\/wp-json\/wp\/v2\/categories?post=173901"},{"taxonomy":"post_tag","embeddable":true,"href":"http:\/\/www.tvturk.com\/index.php\/wp-json\/wp\/v2\/tags?post=173901"}],"curies":[{"name":"wp","href":"https:\/\/api.w.org\/{rel}","templated":true}]}}