{"id":173903,"date":"2019-06-25T16:16:10","date_gmt":"2019-06-25T13:16:10","guid":{"rendered":"http:\/\/www.tvturk.com\/index.php\/turkiyeden-ithalati-yasaklayan-irakta-yumurtanin-fiyati-artti\/"},"modified":"2019-06-25T16:16:10","modified_gmt":"2019-06-25T13:16:10","slug":"turkiyeden-ithalati-yasaklayan-irakta-yumurtanin-fiyati-artti","status":"publish","type":"post","link":"http:\/\/www.tvturk.com\/index.php\/turkiyeden-ithalati-yasaklayan-irakta-yumurtanin-fiyati-artti\/","title":{"rendered":"T\u00fcrkiye\u2019den ithalat\u0131 yasaklayan Irak\u2019ta yumurtan\u0131n fiyat\u0131 artt\u0131"},"content":{"rendered":"<p>Irak h\u00fck\u00fcmetinin ba\u015fta T\u00fcrkiye olmak \u00fczere kom\u015fu \u00fclkelerden yumurta ithalat\u0131n\u0131 yasaklamas\u0131, iki hafta i\u00e7erisinde yumurta fiyatlar\u0131n\u0131n 2 kat artmas\u0131na neden oldu.<\/p>\n<p>Her yerde oldu\u011fu gibi Irak\u2019ta da kahvalt\u0131 sofras\u0131n\u0131n vazge\u00e7ilmezi olan yumurta, son g\u00fcnlerde fiyat\u0131yla konu\u015fuluyor. Irak Tar\u0131m Bakanl\u0131\u011f\u0131n\u0131n, \u201cYeterli yerli \u00fcr\u00fcn\u201d oldu\u011fu gerek\u00e7esiyle yurt d\u0131\u015f\u0131ndan ithalini yasaklad\u0131\u011f\u0131 yakla\u015f\u0131k 20 \u00e7e\u015fit g\u0131da \u00fcr\u00fcn\u00fcne yumurtay\u0131 da eklemesi yumurta fiyatlar\u0131n\u0131n y\u00fckselmesine neden oldu. Yasaktan \u00f6nce 2 bin 500 Irak dinar\u0131na sat\u0131lan (2 dolar) yumurtan\u0131n fiyat\u0131 bug\u00fcn yakla\u015f\u0131k 5 bin dinara (4 dolar) y\u00fckselince \u00f6zellikle yoksul aileler yumurtadan mahrum kalmaya ba\u015flad\u0131.<\/p>\n<p>Ter\u00f6r \u00f6rg\u00fct\u00fc DEA\u015e ile s\u00fcren 4 y\u0131ll\u0131k sava\u015f ve yerel y\u00f6netimlerin Ba\u011fdat ile 5 y\u0131ld\u0131r ya\u015fad\u0131\u011f\u0131 anla\u015fmazl\u0131klar\u0131n neden oldu\u011fu ekonomik s\u0131k\u0131nt\u0131lar\u0131n etkiledi\u011fi vatanda\u015flar i\u00e7in bir koli yumurta almak zorla\u015fmaya ba\u015flad\u0131.<\/p>\n<p>\u0130thalat yasa\u011f\u0131yla birlikte meydana gelen fiyat art\u0131\u015f\u0131ndan yak\u0131nan bir vatanda\u015f, &#8220;Sadece yerli \u00fcr\u00fcn oldu\u011fu i\u00e7in art\u0131k m\u00fc\u015fteri de azald\u0131. \u00c7\u00fcnk\u00fc buradaki insanlar a\u011f\u0131rl\u0131kl\u0131 olarak T\u00fcrk yumurtalar\u0131na al\u0131\u015ft\u0131. Yerli \u00fcr\u00fcn hem kaliteli de\u011fil hem de pahal\u0131 bu y\u00fczden sat\u0131\u015flar azald\u0131\u201d dedi.<\/p>\n<p>Yumurta fiyat\u0131ndaki art\u0131\u015f\u0131 \u00f6nlemeye \u00e7al\u0131\u015fan Irak K\u00fcrt B\u00f6lgesel Y\u00f6netimi (IKBY) ise Irak\u2019\u0131n di\u011fer illerine yumurta sat\u0131lmas\u0131n\u0131 yasaklad\u0131.<\/p>\n<p>Ge\u00e7ti\u011fimiz g\u00fcnlerde Irak Tar\u0131m Bakan\u0131 Salih H\u00fcsni ile bir araya gelen T\u00fcrkiye\u2019nin Ba\u011fdat B\u00fcy\u00fckel\u00e7isi Fatih Y\u0131ld\u0131z yasa\u011f\u0131n kald\u0131r\u0131lmas\u0131n\u0131 istedi ancak Irak taraf\u0131 yerli \u00fcr\u00fcn ihtiyac\u0131 kar\u015f\u0131lad\u0131\u011f\u0131 i\u00e7in teklifi reddetti.<\/p>\n","protected":false},"excerpt":{"rendered":"<p>IRAK H\u00dcK\u00dcMET\u0130N\u0130N BA\u015eTA T\u00dcRK\u0130YE OLMAK \u00dcZERE KOM\u015eU \u00dcLKELERDEN YUMURTAYI \u0130THAL\u0130 YASAKLANAN \u00dcR\u00dcNLER L\u0130STES\u0130NE ALMASI \u0130K\u0130 HAFTA \u0130\u00c7ER\u0130S\u0130NDE YUMURTA F\u0130YATLARININ 2 KAT ARTMASINA NEDEN OLDU.<\/p>\n","protected":false},"author":1,"featured_media":0,"comment_status":"closed","ping_status":"open","sticky":false,"template":"","format":"standard","meta":{"jetpack_post_was_ever_published":false,"_jetpack_newsletter_access":"","_jetpack_dont_email_post_to_subs":false,"_jetpack_newsletter_tier_id":0,"_jetpack_memberships_contains_paywalled_content":false,"_jetpack_memberships_contains_paid_content":false,"footnotes":"","jetpack_publicize_message":"","jetpack_publicize_feature_enabled":true,"jetpack_social_post_already_shared":true,"jetpack_social_options":{"image_generator_settings":{"template":"highway","default_image_id":0,"font":"","enabled":false},"version":2}},"categories":[10],"tags":[2929,1877,14607,12976,11565,30371,41286],"class_list":["post-173903","post","type-post","status-publish","format-standard","hentry","category-dunya","tag-artti","tag-fiyati","tag-irakta","tag-ithalati","tag-turkiyeden","tag-yasaklayan","tag-yumurtanin"],"jetpack_publicize_connections":[],"jetpack_featured_media_url":"","jetpack_sharing_enabled":true,"jetpack_shortlink":"https:\/\/wp.me\/paKIfm-JeT","_links":{"self":[{"href":"http:\/\/www.tvturk.com\/index.php\/wp-json\/wp\/v2\/posts\/173903","targetHints":{"allow":["GET"]}}],"collection":[{"href":"http:\/\/www.tvturk.com\/index.php\/wp-json\/wp\/v2\/posts"}],"about":[{"href":"http:\/\/www.tvturk.com\/index.php\/wp-json\/wp\/v2\/types\/post"}],"author":[{"embeddable":true,"href":"http:\/\/www.tvturk.com\/index.php\/wp-json\/wp\/v2\/users\/1"}],"replies":[{"embeddable":true,"href":"http:\/\/www.tvturk.com\/index.php\/wp-json\/wp\/v2\/comments?post=173903"}],"version-history":[{"count":0,"href":"http:\/\/www.tvturk.com\/index.php\/wp-json\/wp\/v2\/posts\/173903\/revisions"}],"wp:attachment":[{"href":"http:\/\/www.tvturk.com\/index.php\/wp-json\/wp\/v2\/media?parent=173903"}],"wp:term":[{"taxonomy":"category","embeddable":true,"href":"http:\/\/www.tvturk.com\/index.php\/wp-json\/wp\/v2\/categories?post=173903"},{"taxonomy":"post_tag","embeddable":true,"href":"http:\/\/www.tvturk.com\/index.php\/wp-json\/wp\/v2\/tags?post=173903"}],"curies":[{"name":"wp","href":"https:\/\/api.w.org\/{rel}","templated":true}]}}