{"id":173909,"date":"2019-06-25T16:31:28","date_gmt":"2019-06-25T13:31:28","guid":{"rendered":"http:\/\/www.tvturk.com\/index.php\/norvec-disisleri-bakani-soriedin-kosova-temaslari\/"},"modified":"2019-06-25T16:31:28","modified_gmt":"2019-06-25T13:31:28","slug":"norvec-disisleri-bakani-soriedin-kosova-temaslari","status":"publish","type":"post","link":"http:\/\/www.tvturk.com\/index.php\/norvec-disisleri-bakani-soriedin-kosova-temaslari\/","title":{"rendered":"Norve\u00e7 D\u0131\u015fi\u015fleri Bakan\u0131 Soried\u2019in Kosova temaslar\u0131"},"content":{"rendered":"<p>Resmi ziyaret i\u00e7in Kosova\u2019ya gelen Norve\u00e7 D\u0131\u015fi\u015fleri Bakan\u0131 Ine Eriksen Soreide, Pri\u015ftine\u2019de ev sahibi Kosova D\u0131\u015fi\u015fleri Bakan\u0131 Behgjet Pacolli ile bir araya geldi.<\/p>\n<p>Kosova D\u0131\u015fi\u015fleri Bakanl\u0131\u011f\u0131nda ger\u00e7ekle\u015fen ba\u015f ba\u015fa ve heyetler aras\u0131 g\u00f6r\u00fc\u015fmelerin ard\u0131ndan Norve\u00e7 D\u0131\u015fi\u015fleri Bakan\u0131 Ine Eriksen Soreide ve Kosova D\u0131\u015fi\u015fleri Bakan\u0131 Behgjet Pacolli ortak bas\u0131n toplant\u0131s\u0131 d\u00fczenledi. Bakan Pacolli, Kosova\u2019n\u0131n Avrupa-Atlantik entegrasyon s\u00fcrecinde Norve\u00e7\u2019in \u00f6nemli bir rol oynad\u0131\u011f\u0131n\u0131 kaydetti. Pacolli konu\u015fmas\u0131nda vize muafiyeti konusuna da a\u011f\u0131rl\u0131k verdi. Bakan Pacolli, Kosova\u2019n\u0131n istenen t\u00fcm kriterleri yerine getirdi\u011fini ve s\u00fcrecin ilerlememesinden dolay\u0131 b\u00fcy\u00fck hayal k\u0131r\u0131kl\u0131\u011f\u0131 duyduklar\u0131n\u0131 kaydetti. Kosova diplomasi \u015fefi, &#8220;Vize muafiyeti s\u00fcrecinde ilerleme kaydedilmemesi art\u0131k politik boyutlara ula\u015ft\u0131\u201d ifadesini kulland\u0131.<\/p>\n<p>Bakan Pacolli, Kosova-S\u0131rbistan diyalog s\u00fcrecine de de\u011finerek, \u201c\u0130li\u015fkilerimiz ancak iki egemen \u00fclke olarak e\u015fit muamele ile d\u00fczelebilir. Bar\u0131\u015f ve serbest dola\u015f\u0131m amac\u0131m\u0131z do\u011frultusunda durmaks\u0131z\u0131n yolumuza devam edece\u011fiz\u201d dedi.<\/p>\n<p>Norve\u00e7 D\u0131\u015fi\u015fleri Bakan\u0131 ise Kosova\u2019n\u0131n Avrupa-Atlantik entegrasyon yolunda, siyasi partilerin daha fazla i\u015fbirli\u011fi ve koordinasyon i\u00e7inde olmalar\u0131 gerekti\u011fini dile getirdi.<\/p>\n<p>Kosova ve S\u0131rbistan diyalog s\u00fcreci kapsam\u0131nda ise Norve\u00e7 diplomasi \u015fefi Sreide, b\u00f6lgesel i\u015fbirli\u011finin g\u00fc\u00e7lendirilmesini desteklediklerini ifade etti.<\/p>\n<p>Kosova ziyaretini ger\u00e7ekle\u015ftiren Norve\u00e7 D\u0131\u015fi\u015fleri Bakan\u0131 Ine Eriksen Soreide, Kosova Ba\u015fbakan\u0131 Ramush Haradinaj taraf\u0131ndan da kabul edildi.<\/p>\n","protected":false},"excerpt":{"rendered":"<p>NORVE\u00c7 DI\u015e\u0130\u015eLER\u0130 BAKANI INE ER\u0130KSEN SORE\u0130DE VE KOSOVALI BAKAN<\/p>\n","protected":false},"author":1,"featured_media":0,"comment_status":"closed","ping_status":"open","sticky":false,"template":"","format":"standard","meta":{"jetpack_post_was_ever_published":false,"_jetpack_newsletter_access":"","_jetpack_dont_email_post_to_subs":false,"_jetpack_newsletter_tier_id":0,"_jetpack_memberships_contains_paywalled_content":false,"_jetpack_memberships_contains_paid_content":false,"footnotes":"","jetpack_publicize_message":"","jetpack_publicize_feature_enabled":true,"jetpack_social_post_already_shared":true,"jetpack_social_options":{"image_generator_settings":{"template":"highway","default_image_id":0,"font":"","enabled":false},"version":2}},"categories":[10],"tags":[933,1498,5347,37339,42208,5862],"class_list":["post-173909","post","type-post","status-publish","format-standard","hentry","category-dunya","tag-bakani","tag-disisleri","tag-kosova","tag-norvec","tag-soriedin","tag-temaslari"],"jetpack_publicize_connections":[],"jetpack_featured_media_url":"","jetpack_sharing_enabled":true,"jetpack_shortlink":"https:\/\/wp.me\/paKIfm-JeZ","_links":{"self":[{"href":"http:\/\/www.tvturk.com\/index.php\/wp-json\/wp\/v2\/posts\/173909","targetHints":{"allow":["GET"]}}],"collection":[{"href":"http:\/\/www.tvturk.com\/index.php\/wp-json\/wp\/v2\/posts"}],"about":[{"href":"http:\/\/www.tvturk.com\/index.php\/wp-json\/wp\/v2\/types\/post"}],"author":[{"embeddable":true,"href":"http:\/\/www.tvturk.com\/index.php\/wp-json\/wp\/v2\/users\/1"}],"replies":[{"embeddable":true,"href":"http:\/\/www.tvturk.com\/index.php\/wp-json\/wp\/v2\/comments?post=173909"}],"version-history":[{"count":0,"href":"http:\/\/www.tvturk.com\/index.php\/wp-json\/wp\/v2\/posts\/173909\/revisions"}],"wp:attachment":[{"href":"http:\/\/www.tvturk.com\/index.php\/wp-json\/wp\/v2\/media?parent=173909"}],"wp:term":[{"taxonomy":"category","embeddable":true,"href":"http:\/\/www.tvturk.com\/index.php\/wp-json\/wp\/v2\/categories?post=173909"},{"taxonomy":"post_tag","embeddable":true,"href":"http:\/\/www.tvturk.com\/index.php\/wp-json\/wp\/v2\/tags?post=173909"}],"curies":[{"name":"wp","href":"https:\/\/api.w.org\/{rel}","templated":true}]}}