{"id":173933,"date":"2019-06-25T17:01:51","date_gmt":"2019-06-25T14:01:51","guid":{"rendered":"http:\/\/www.tvturk.com\/index.php\/kore-savasi-69ncu-yil-donumunde-anildi\/"},"modified":"2019-06-25T17:01:51","modified_gmt":"2019-06-25T14:01:51","slug":"kore-savasi-69ncu-yil-donumunde-anildi","status":"publish","type":"post","link":"http:\/\/www.tvturk.com\/index.php\/kore-savasi-69ncu-yil-donumunde-anildi\/","title":{"rendered":"Kore Sava\u015f\u0131 69\u2019ncu y\u0131l d\u00f6n\u00fcm\u00fcnde an\u0131ld\u0131"},"content":{"rendered":"<p>Kore Sava\u015f\u0131\u2019n\u0131n 69\u2019uncu y\u0131l d\u00f6n\u00fcm\u00fc kapsam\u0131nda, &#8220;Kore\u2019de Sava\u015fan T\u00fcrkler An\u0131t\u0131&#8221;nda t\u00f6ren d\u00fczenlendi.<\/p>\n<p>Kore Sava\u015f\u0131\u2019n\u0131n 69\u2019uncu y\u0131l d\u00f6n\u00fcm\u00fc kapsam\u0131nda, Ankara\u2019da bulunan &#8220;Kore\u2019de Sava\u015fan T\u00fcrkler An\u0131t\u0131&#8221;nda t\u00f6ren d\u00fczenlendi. T\u00f6rene, Genelkurmay 2\u2019nci Ba\u015fkan\u0131 Metin G\u00fcrak, Kore Cumhuriyeti Genelkurmay 2\u2019nci Ba\u015fkan\u0131 Korgeneral Kim Hyun Jip, Kore B\u00fcy\u00fckel\u00e7isi Choi Hong-Ghi, 4. Kolordu Komutan\u0131 ve Ankara Garnizon Komutan\u0131 Korgeneral Ali Sivri, T\u00fcrkiye Muharip Gaziler Derne\u011fi Ba\u015fkan\u0131 \u015e\u00fckr\u00fc Tando\u011fan ve \u00e7ok say\u0131da Kore gazisi kat\u0131ld\u0131.<\/p>\n<p>T\u00f6rende konu\u015fan T\u00fcrkiye Muharip Gaziler Derne\u011fi Ba\u015fkan\u0131 Emekli Albay \u015e\u00fckr\u00fc Tando\u011fan, &#8220;Kore Sava\u015f\u0131\u2019nda T\u00fcrk Tugaylar\u0131, \u00e7e\u015fitli \u00e7ap ve b\u00fcy\u00fckl\u00fckte bir\u00e7ok oylama ve taarruz ve savunma muharebeleri icra etmi\u015flerdir. Bu muharebelerden baz\u0131lar\u0131 Kore Sava\u015f\u0131\u2019n\u0131n kaderini ve seyrini de\u011fi\u015ftirmi\u015ftir&#8221; diye konu\u015ftu.<\/p>\n<p>Kore gazilerinin ecdatlar\u0131na yak\u0131\u015f\u0131r \u015fekilde sava\u015ft\u0131\u011f\u0131n\u0131 belirten Tando\u011fan, \u015funlar\u0131 kaydetti:<\/p>\n<p>&#8220;Kahraman Kore gazileri, sizler Kore Sava\u015f\u0131\u2019nda ecdad\u0131m\u0131za lay\u0131k, birer kahraman olarak \u00e7arp\u0131\u015ft\u0131n\u0131z. Zaferleriniz tarihimizin alt\u0131n sayfalar\u0131nda yerine alm\u0131\u015ft\u0131r. T\u00fcrk milleti sizinle iftihar etmektedir. Kore Sava\u015f\u0131\u2019n\u0131n kazan\u0131lmas\u0131nda, G\u00fcney Kore halk\u0131n\u0131n ba\u011f\u0131ms\u0131zl\u0131k ve \u00f6zg\u00fcrl\u00fc\u011f\u00fcne kavu\u015fmas\u0131nda b\u00fcy\u00fck pay\u0131n\u0131z vard\u0131r. Sizler \u00fclkenizin kahramanlar\u0131s\u0131n\u0131z.&#8221;<\/p>\n<p>Konu\u015fma sonras\u0131nda an\u0131ta, Genelkurmay Ba\u015fkanl\u0131\u011f\u0131, Kore B\u00fcy\u00fckel\u00e7ili\u011fi ve T\u00fcrkiye Muharip Gaziler Derne\u011fi ad\u0131na \u00e7elenkler b\u0131rak\u0131ld\u0131. An\u0131t\u2019ta d\u00fczenlenen t\u00f6ren sonras\u0131nda etkinli\u011fin devam\u0131 olarak misafirler Gazi Orduevine ge\u00e7erek \u00f6d\u00fcl t\u00f6reni ve \u00f6\u011fle yeme\u011fine kat\u0131ld\u0131. T\u00f6rende, Kore B\u00fcy\u00fckel\u00e7isi Choi Hong-Ghi, 4. Kolordu Komutan\u0131 Ali Sivri\u2019ye hediye takdim ederken, yemek \u00f6ncesinde misafirlere Kore ve T\u00fcrkiye halk danslar\u0131 izletildi. Ayr\u0131ca, yemek s\u0131ras\u0131nda misafirlere Kore ve T\u00fcrkiye kar\u0131\u015f\u0131k korosu m\u00fczik ziyafeti verdi.<\/p>\n<p>Kore\u2019de ne olmu\u015ftu?<\/p>\n<p>Kore Sava\u015f\u0131, 1950-1953 y\u0131llar\u0131 aras\u0131nda, Kuzey Kore ve G\u00fcney Kore aras\u0131nda i\u00e7 sava\u015f\u0131n \u00e7\u0131kmas\u0131 sonucu meydana geldi. So\u011fuk sava\u015f\u0131n ilk y\u0131llar\u0131nda meydana gelen bu \u00e7at\u0131\u015fma, ilk \u00f6nce ABD ve m\u00fcttefiklerinin daha sonra da \u00c7in Halk Cumhuriyeti\u2019nin kat\u0131lmas\u0131yla uluslararas\u0131 bir boyut kazand\u0131. T\u00fcrkiye, Kore Sava\u015f\u0131\u2019na 5 bin 90 ki\u015filik bir tugay ile kat\u0131l\u0131rken, T\u00fcrkiye\u2019nin 1950 y\u0131l\u0131ndan 1971 y\u0131l\u0131na kadar Kore\u2019ye g\u00f6nderdi\u011fi asker say\u0131s\u0131 toplam da 56 bin 538\u2019dir. Bu askerlerden 21 bin 212\u2019si sava\u015fa kat\u0131larak &#8220;Gazi&#8221; unvan\u0131 ald\u0131.<\/p>\n","protected":false},"excerpt":{"rendered":"<p>KORE SAVA\u015eI&#8217;NIN 69&#8217;UNCU YIL D\u00d6N\u00dcM\u00dc KAPSAMINDA, &#8220;KORE&#8217;DE SAVA\u015eAN T\u00dcRKLER ANITI&#8221;NDA T\u00d6REN D\u00dcZENLEND\u0130.<\/p>\n","protected":false},"author":1,"featured_media":0,"comment_status":"closed","ping_status":"open","sticky":false,"template":"","format":"standard","meta":{"jetpack_post_was_ever_published":false,"_jetpack_newsletter_access":"","_jetpack_dont_email_post_to_subs":false,"_jetpack_newsletter_tier_id":0,"_jetpack_memberships_contains_paywalled_content":false,"_jetpack_memberships_contains_paid_content":false,"footnotes":"","jetpack_publicize_message":"","jetpack_publicize_feature_enabled":true,"jetpack_social_post_already_shared":true,"jetpack_social_options":{"image_generator_settings":{"template":"highway","default_image_id":0,"font":"","enabled":false},"version":2}},"categories":[1],"tags":[42222,241,283,146,12730,231],"class_list":["post-173933","post","type-post","status-publish","format-standard","hentry","category-genel","tag-69ncu","tag-anildi","tag-donumunde","tag-kore","tag-savasi","tag-yil"],"jetpack_publicize_connections":[],"jetpack_featured_media_url":"","jetpack_sharing_enabled":true,"jetpack_shortlink":"https:\/\/wp.me\/paKIfm-Jfn","_links":{"self":[{"href":"http:\/\/www.tvturk.com\/index.php\/wp-json\/wp\/v2\/posts\/173933","targetHints":{"allow":["GET"]}}],"collection":[{"href":"http:\/\/www.tvturk.com\/index.php\/wp-json\/wp\/v2\/posts"}],"about":[{"href":"http:\/\/www.tvturk.com\/index.php\/wp-json\/wp\/v2\/types\/post"}],"author":[{"embeddable":true,"href":"http:\/\/www.tvturk.com\/index.php\/wp-json\/wp\/v2\/users\/1"}],"replies":[{"embeddable":true,"href":"http:\/\/www.tvturk.com\/index.php\/wp-json\/wp\/v2\/comments?post=173933"}],"version-history":[{"count":0,"href":"http:\/\/www.tvturk.com\/index.php\/wp-json\/wp\/v2\/posts\/173933\/revisions"}],"wp:attachment":[{"href":"http:\/\/www.tvturk.com\/index.php\/wp-json\/wp\/v2\/media?parent=173933"}],"wp:term":[{"taxonomy":"category","embeddable":true,"href":"http:\/\/www.tvturk.com\/index.php\/wp-json\/wp\/v2\/categories?post=173933"},{"taxonomy":"post_tag","embeddable":true,"href":"http:\/\/www.tvturk.com\/index.php\/wp-json\/wp\/v2\/tags?post=173933"}],"curies":[{"name":"wp","href":"https:\/\/api.w.org\/{rel}","templated":true}]}}