{"id":173979,"date":"2019-06-25T19:46:33","date_gmt":"2019-06-25T16:46:33","guid":{"rendered":"http:\/\/www.tvturk.com\/index.php\/urdunde-kadim-turk-varligi-ve-akraba-topluluklar-raporu-tanitim-toplantisi\/"},"modified":"2019-06-25T19:46:33","modified_gmt":"2019-06-25T16:46:33","slug":"urdunde-kadim-turk-varligi-ve-akraba-topluluklar-raporu-tanitim-toplantisi","status":"publish","type":"post","link":"http:\/\/www.tvturk.com\/index.php\/urdunde-kadim-turk-varligi-ve-akraba-topluluklar-raporu-tanitim-toplantisi\/","title":{"rendered":"&#8220;\u00dcrd\u00fcn\u2019de Kadim T\u00fcrk Varl\u0131\u011f\u0131 ve Akraba Topluluklar Raporu Tan\u0131t\u0131m Toplant\u0131s\u0131&#8221;"},"content":{"rendered":"<p>Ankara\u2019da \u201c\u00dcrd\u00fcn\u2019de Kadim T\u00fcrk Varl\u0131\u011f\u0131 ve Akraba Topluluklar Raporu Tan\u0131t\u0131m Toplant\u0131s\u0131\u201d yap\u0131ld\u0131.<\/p>\n<p>Yurtd\u0131\u015f\u0131 T\u00fcrkler ve Akraba Topluluklar\u0131 (YTB) ba\u015fkanl\u0131\u011f\u0131nda d\u00fczenlenen \u2018\u2019\u00dcrd\u00fcn\u2019de Kadim T\u00fcrk Varl\u0131\u011f\u0131 ve Akraba Topluluklar\u201d ba\u015fl\u0131kl\u0131 \u00e7al\u0131\u015fma kapsam\u0131nda \u00dcrd\u00fcn\u2019de saha \u00e7al\u0131\u015fmas\u0131 y\u00fcr\u00fct\u00fclerek T\u00fcrk ve T\u00fcrkmen n\u00fcfusun ya\u015fad\u0131klar\u0131 b\u00f6lgeler raporland\u0131. Toplant\u0131ya ilgili resmi kurum, \u00fcniversite, Sivil Toplum Kurulu\u015fu (STK),d\u00fc\u015f\u00fcnce kurulu\u015f temsilcileri kat\u0131ld\u0131.<\/p>\n<p>Yurt d\u0131\u015f\u0131ndaki vatanda\u015flar ve uluslararas\u0131 \u00f6\u011frencilerle birlikte soyda\u015f ve akraba topluluklar\u0131n da YTB\u2019nin g\u00f6rev alanlar\u0131ndan birini olu\u015fturdu\u011funu belirten YTB Ba\u015fkan\u0131 Abdullah Eren, \u2018\u2018YTB\u2019nin 3 ana faaliyet alan\u0131ndan biri olan k\u00fclt\u00fcrel ve tarihi ili\u015fkilerimizin oldu\u011fu soyda\u015f ve akraba topluluklar\u0131m\u0131zla ilgili \u00e7al\u0131\u015fmalar\u0131m\u0131z\u0131 artt\u0131rarak s\u00fcrd\u00fcr\u00fcyoruz\u201d dedi.<\/p>\n<p>Ba\u015fkan Eren YTB\u2019nin bu \u00e7al\u0131\u015fmalar\u0131yla b\u00fcy\u00fck bir sorumluluk da \u00fcstlenmeye \u00e7al\u0131\u015ft\u0131\u011f\u0131n\u0131 ifade ederek, \u2018\u2018B\u00fcy\u00fck bir medeniyet bakiyesi \u00fczerinde ya\u015faman\u0131n sorumlulu\u011funu ta\u015f\u0131yoruz. Yapt\u0131\u011f\u0131m\u0131z \u00e7al\u0131\u015fmalarla da bu sorumlulu\u011fun gere\u011fini yerine getirmenin gayretindeyiz. Kadim varl\u0131\u011f\u0131m\u0131za y\u00f6nelik olarak ge\u00e7mi\u015f d\u00f6nemde L\u00fcbnan ve \u015fimdi \u00dcrd\u00fcn i\u00e7in ger\u00e7ekle\u015ftirdi\u011fimiz \u00e7al\u0131\u015fmalar\u0131m\u0131z\u0131 ileri ki d\u00f6nemde Irak ve Filistin ile ilgili haz\u0131rlayaca\u011f\u0131m\u0131z raporlarla tamamlayaca\u011f\u0131z\u201d \u015feklinde konu\u015ftu<\/p>\n<p>\u00dcrd\u00fcn T\u00fcrk Hay\u0131r Cemiyeti Ba\u015fkan\u0131 Mehmet Cengiz T\u00fcrk ise, \u201c\u00dcrd\u00fcn\u2019e ilk g\u00f6\u00e7 dini sebeplerle olmu\u015ftur. \u00dcrd\u00fcn\u2019de en az n\u00fcfusa sahip 40-50 bin T\u00fcrkler var\u201d dedi.<\/p>\n","protected":false},"excerpt":{"rendered":"<p>ANKARA\u2019DA \u201c\u00dcRD\u00dcN\u2019DE KAD\u0130M T\u00dcRK VARLI\u011eI VE AKRABA TOPLULUKLAR RAPORU TANITIM TOPLANTISI\u201d YAPILDI.<\/p>\n","protected":false},"author":1,"featured_media":0,"comment_status":"closed","ping_status":"open","sticky":false,"template":"","format":"standard","meta":{"jetpack_post_was_ever_published":false,"_jetpack_newsletter_access":"","_jetpack_dont_email_post_to_subs":false,"_jetpack_newsletter_tier_id":0,"_jetpack_memberships_contains_paywalled_content":false,"_jetpack_memberships_contains_paid_content":false,"footnotes":"","jetpack_publicize_message":"","jetpack_publicize_feature_enabled":true,"jetpack_social_post_already_shared":true,"jetpack_social_options":{"image_generator_settings":{"template":"highway","default_image_id":0,"font":"","enabled":false},"version":2}},"categories":[1],"tags":[17314,10451,741,2221,347,31363,957,12961,18845],"class_list":["post-173979","post","type-post","status-publish","format-standard","hentry","category-genel","tag-kadim","tag-akraba","tag-raporu","tag-tanitim","tag-toplantisi","tag-topluluklar","tag-turk","tag-urdunde","tag-varligi"],"jetpack_publicize_connections":[],"jetpack_featured_media_url":"","jetpack_sharing_enabled":true,"jetpack_shortlink":"https:\/\/wp.me\/paKIfm-Jg7","_links":{"self":[{"href":"http:\/\/www.tvturk.com\/index.php\/wp-json\/wp\/v2\/posts\/173979","targetHints":{"allow":["GET"]}}],"collection":[{"href":"http:\/\/www.tvturk.com\/index.php\/wp-json\/wp\/v2\/posts"}],"about":[{"href":"http:\/\/www.tvturk.com\/index.php\/wp-json\/wp\/v2\/types\/post"}],"author":[{"embeddable":true,"href":"http:\/\/www.tvturk.com\/index.php\/wp-json\/wp\/v2\/users\/1"}],"replies":[{"embeddable":true,"href":"http:\/\/www.tvturk.com\/index.php\/wp-json\/wp\/v2\/comments?post=173979"}],"version-history":[{"count":0,"href":"http:\/\/www.tvturk.com\/index.php\/wp-json\/wp\/v2\/posts\/173979\/revisions"}],"wp:attachment":[{"href":"http:\/\/www.tvturk.com\/index.php\/wp-json\/wp\/v2\/media?parent=173979"}],"wp:term":[{"taxonomy":"category","embeddable":true,"href":"http:\/\/www.tvturk.com\/index.php\/wp-json\/wp\/v2\/categories?post=173979"},{"taxonomy":"post_tag","embeddable":true,"href":"http:\/\/www.tvturk.com\/index.php\/wp-json\/wp\/v2\/tags?post=173979"}],"curies":[{"name":"wp","href":"https:\/\/api.w.org\/{rel}","templated":true}]}}