{"id":173986,"date":"2019-06-25T20:46:33","date_gmt":"2019-06-25T17:46:33","guid":{"rendered":"http:\/\/www.tvturk.com\/index.php\/yeni-dogan-bebek-helikopter-ambulansla-denizliye-sevk-edildi\/"},"modified":"2019-06-25T20:46:33","modified_gmt":"2019-06-25T17:46:33","slug":"yeni-dogan-bebek-helikopter-ambulansla-denizliye-sevk-edildi","status":"publish","type":"post","link":"http:\/\/www.tvturk.com\/index.php\/yeni-dogan-bebek-helikopter-ambulansla-denizliye-sevk-edildi\/","title":{"rendered":"Yeni do\u011fan bebek helikopter ambulansla Denizli\u2019ye sevk edildi"},"content":{"rendered":"<p>Bal\u0131kesir Atat\u00fcrk \u015eehir Hastanesi Yenido\u011fan Yo\u011fun Bak\u0131m \u00dcnitesi\u2019nde bir bebek helikopter ambulansla Denizli\u2019ye sevk edildi.<\/p>\n<p>Atat\u00fcrk \u015eehir Hastanesi Yenido\u011fan Yo\u011fun Bak\u0131m \u00dcnitesi\u2019nde EVRE 3 Premat\u00fcr Retinopatisi g\u00f6rme problemi tan\u0131s\u0131 ile yatan yeni do\u011fan bebek Denizli Devlet Hastanesine ambulans u\u00e7akla sevk edildi. Atat\u00fcrk \u015eehir Hastanesi k\u00fc\u00e7\u00fck hastan\u0131n ileri tetkik ve tedavisinin h\u0131zl\u0131 bir \u015fekilde sa\u011flanabilmesi i\u00e7in Bal\u0131kesir 112 Komuta Kontrol Merkeziyle irtibata ge\u00e7erek sevk talebinde bulundu. Yap\u0131lan sevk talebi \u00fczerine 112 Komuta Kontrol Merkezi vakit kaybetmeden Sa\u011fl\u0131k Bakanl\u0131\u011f\u0131 Hava Koordinasyon ile ileti\u015fime ge\u00e7ti. Sa\u011fl\u0131k Bakanl\u0131\u011f\u0131 Helikopter Ambulans\u0131 Bal\u0131kesir\u2019e gelerek hastay\u0131 Denizli Devlet Hastanesine sevkini ger\u00e7ekle\u015ftirdi.<\/p>\n","protected":false},"excerpt":{"rendered":"<p>BALIKES\u0130R ATAT\u00dcRK \u015eEH\u0130R HASTANES\u0130 YEN\u0130DO\u011eAN YO\u011eUN BAKIM \u00dcN\u0130TES\u0130\u2019NDE B\u0130R BEBEK HEL\u0130KOPTER AMBULANSLA DEN\u0130ZL\u0130\u2019YE SEVK ED\u0130LD\u0130.<\/p>\n","protected":false},"author":1,"featured_media":0,"comment_status":"closed","ping_status":"open","sticky":false,"template":"","format":"standard","meta":{"jetpack_post_was_ever_published":false,"_jetpack_newsletter_access":"","_jetpack_dont_email_post_to_subs":false,"_jetpack_newsletter_tier_id":0,"_jetpack_memberships_contains_paywalled_content":false,"_jetpack_memberships_contains_paid_content":false,"footnotes":"","jetpack_publicize_message":"","jetpack_publicize_feature_enabled":true,"jetpack_social_post_already_shared":true,"jetpack_social_options":{"image_generator_settings":{"template":"highway","default_image_id":0,"font":"","enabled":false},"version":2}},"categories":[1],"tags":[28878,2123,6639,574,857,9166,856,87],"class_list":["post-173986","post","type-post","status-publish","format-standard","hentry","category-genel","tag-ambulansla","tag-bebek","tag-denizliye","tag-dogan","tag-edildi","tag-helikopter","tag-sevk","tag-yeni"],"jetpack_publicize_connections":[],"jetpack_featured_media_url":"","jetpack_sharing_enabled":true,"jetpack_shortlink":"https:\/\/wp.me\/paKIfm-Jge","_links":{"self":[{"href":"http:\/\/www.tvturk.com\/index.php\/wp-json\/wp\/v2\/posts\/173986","targetHints":{"allow":["GET"]}}],"collection":[{"href":"http:\/\/www.tvturk.com\/index.php\/wp-json\/wp\/v2\/posts"}],"about":[{"href":"http:\/\/www.tvturk.com\/index.php\/wp-json\/wp\/v2\/types\/post"}],"author":[{"embeddable":true,"href":"http:\/\/www.tvturk.com\/index.php\/wp-json\/wp\/v2\/users\/1"}],"replies":[{"embeddable":true,"href":"http:\/\/www.tvturk.com\/index.php\/wp-json\/wp\/v2\/comments?post=173986"}],"version-history":[{"count":0,"href":"http:\/\/www.tvturk.com\/index.php\/wp-json\/wp\/v2\/posts\/173986\/revisions"}],"wp:attachment":[{"href":"http:\/\/www.tvturk.com\/index.php\/wp-json\/wp\/v2\/media?parent=173986"}],"wp:term":[{"taxonomy":"category","embeddable":true,"href":"http:\/\/www.tvturk.com\/index.php\/wp-json\/wp\/v2\/categories?post=173986"},{"taxonomy":"post_tag","embeddable":true,"href":"http:\/\/www.tvturk.com\/index.php\/wp-json\/wp\/v2\/tags?post=173986"}],"curies":[{"name":"wp","href":"https:\/\/api.w.org\/{rel}","templated":true}]}}