{"id":173992,"date":"2019-06-25T21:02:25","date_gmt":"2019-06-25T18:02:25","guid":{"rendered":"http:\/\/www.tvturk.com\/index.php\/evkur-yeni-malatyasporda-yeni-sezon-hazirliklari-basladi\/"},"modified":"2019-06-25T21:02:25","modified_gmt":"2019-06-25T18:02:25","slug":"evkur-yeni-malatyasporda-yeni-sezon-hazirliklari-basladi","status":"publish","type":"post","link":"http:\/\/www.tvturk.com\/index.php\/evkur-yeni-malatyasporda-yeni-sezon-hazirliklari-basladi\/","title":{"rendered":"Evkur Yeni Malatyaspor\u2019da yeni sezon haz\u0131rl\u0131klar\u0131 ba\u015flad\u0131"},"content":{"rendered":"<p>Evkur Yeni Malatyaspor\u2019u se\u00e7mesindeki sebebi a\u00e7\u0131klayan Teknik Direkt\u00f6r Sergen Yal\u00e7\u0131n, &#8220;Malatyaspor\u2019un hedefleri var. Hedeflerimiz \u00e7ok uyu\u015ftu\u011fu i\u00e7in tercihimizi buradan yana kulland\u0131k&#8221; dedi.<\/p>\n<p>Evkur Yeni Malatyaspor\u2019da yeni sezon haz\u0131rl\u0131klar\u0131 Nurettin Soykan Tesisleri\u2019nde yap\u0131lan \u00e7al\u0131\u015fmayla ba\u015flad\u0131. Tak\u0131m\u0131n \u00e7i\u00e7e\u011fi burnunda teknik adam\u0131 Sergen Yal\u00e7\u0131n, idman \u00f6ncesi bas\u0131n mensuplar\u0131na a\u00e7\u0131klamalarda bulundu.<\/p>\n<p>Yal\u00e7\u0131n, \u00f6nlerinde zorlu bir s\u00fcrecin oldu\u011funu ifade ederek, &#8220;Hem UEFA Kupas\u0131 hem lig hem de T\u00fcrkiye Kupas\u0131, \u00f6n\u00fcm\u00fczde zor bir d\u00f6nem var. Onun i\u00e7in \u00e7al\u0131\u015fmalara biraz erken ba\u015flad\u0131k. \u015eu anda tam tak\u0131m halinde de\u011filiz. Milli Tak\u0131m\u2019da, askerde olan oyuncular\u0131m\u0131zla birlikte yeni kat\u0131lacak oyuncular\u0131m\u0131z da var. \u0130lk d\u00f6nem 3-4 g\u00fcn Malatya\u2019da bir kampla haz\u0131rl\u0131k d\u00f6nemi ge\u00e7irece\u011fiz. Ondan sonra Bolu\u2019da iki kamp yapaca\u011f\u0131z ve burada UEFA ma\u00e7\u0131na haz\u0131rlanaca\u011f\u0131z. \u00c7al\u0131\u015f\u0131yoruz, yeni kat\u0131lacak olan arkada\u015flar\u0131m\u0131z var&#8221; \u015feklinde konu\u015ftu.<\/p>\n<p>&#8220;10 g\u00fcne kadar tam tak\u0131m \u00e7al\u0131\u015fmaya ba\u015flar\u0131z&#8221;<\/p>\n<p>\u015eu ana kadar iki oyuncuyu kadrolar\u0131na katt\u0131klar\u0131n\u0131 hat\u0131rlatan Yal\u00e7\u0131n, s\u00f6zlerini \u015f\u00f6yle s\u00fcrd\u00fcrd\u00fc:<\/p>\n<p>&#8220;Tak\u0131ma daha kat\u0131lacak oyuncu arkada\u015flar\u0131m\u0131z var. Onlarla ilgili \u00e7al\u0131\u015fma i\u00e7erisindeyiz. Umar\u0131m 10 g\u00fcne kadar tam tak\u0131m halinde \u00e7al\u0131\u015fmalara ba\u015flar\u0131z.&#8221;<\/p>\n<p>&#8220;Yeni bir yap\u0131lanma i\u00e7erisindeyiz&#8221;<\/p>\n<p>Ba\u015far\u0131l\u0131 teknik adam, Evkur Yeni Malatyaspor\u2019u tercih etmesine ili\u015fkin olarak ise \u015funlar\u0131 s\u00f6yledi:<\/p>\n<p>&#8220;En b\u00fcy\u00fck neden; ba\u015fkan\u0131m\u0131zla da g\u00f6r\u00fc\u015ft\u00fc\u011f\u00fcm\u00fczde, bizim de Malatyaspor\u2019un da hedefleri var. Hedeflerimiz \u00e7ok uyu\u015ftu\u011fu i\u00e7in tercihimizi buradan yana kulland\u0131k. Sa\u011f olsun ba\u015fkan\u0131m\u0131z da bizim burada olmam\u0131z konusunda \u00e7ok \u00f6zveride bulundu. Hedeflerimizin uyu\u015fmas\u0131 bizim i\u00e7in en \u00f6nemli etkenlerden bir tanesi ayr\u0131ca Malatyaspor \u00f6nemli bir camia. Ge\u00e7en sezon UEFA Avrupa Kupas\u0131\u2019na kat\u0131lma \u015fans\u0131n\u0131 yakalam\u0131\u015f, ligi iyi bir yerde bitirmi\u015f bir kul\u00fcp. Biraz kadro konusunda s\u0131k\u0131nt\u0131m\u0131z var, yeni bir yap\u0131lanma i\u00e7erisindeyiz. Giden oyuncular\u0131m\u0131z, yeni kat\u0131lan oyuncular\u0131m\u0131z var. Biraz geni\u015f bir kadroya ihtiyac\u0131m\u0131z var. Bunun i\u00e7in \u015fu an \u00e7al\u0131\u015fmalar yap\u0131yoruz. Umar\u0131m iyi bir kadro kurup, birlikte iyi bir sezon ba\u015flang\u0131c\u0131 yapar\u0131z.&#8221;<\/p>\n<p>&#8220;Kalitesi y\u00fcksek oyuncular&#8221;<\/p>\n<p>Transfer \u00e7al\u0131\u015fmalar\u0131na da de\u011finen Yal\u00e7\u0131n, &#8220;Jahovic ve Fofana ile Konya\u2019da birlikte \u00e7al\u0131\u015ft\u0131k. Onlar\u0131 ben iyi tan\u0131yorum, onlar da bizi iyi tan\u0131yorlar. Oyunsal anlamda bize uygun ve kalitesi y\u00fcksek olan oyuncular. Onlar\u0131n buraya gelmesiyle mutlu olduk. Daha da oyuncular almaya \u00e7al\u0131\u015f\u0131yoruz. Baz\u0131 b\u00f6lgelerde eksik yerlerimiz var, onlar\u0131 doldurmaya \u00e7al\u0131\u015f\u0131yoruz. Seyirciye zevk veren bir oyun oynatmak istiyoruz ki zaten genelde bundan \u00f6nce de bunun i\u00e7in m\u00fccadele ettik. Taraftar\u0131m\u0131z\u0131n ma\u00e7a gelmesini istiyoruz. Taraftar\u0131m\u0131z\u0131n ma\u00e7a gelmesi i\u00e7in de onlar\u0131 stada \u00e7ekecek bir \u015feyler yapmam\u0131z laz\u0131m. Biz onlar\u0131 yapmak i\u00e7in u\u011fra\u015faca\u011f\u0131z. G\u00fczel, pozitif futbol, seyir zevki veren bir tak\u0131m olu\u015fturmaya \u00e7al\u0131\u015f\u0131yoruz. Bunu yapabilirsek sonucunda da ba\u015far\u0131y\u0131 yakalar\u0131z. Uzun bir d\u00f6nem bizi bekliyor, zor bir s\u00fcre\u00e7 ge\u00e7irece\u011fiz. Bu oyuncular i\u00e7in de kolay de\u011fil. Ma\u00e7lara erken ba\u015flayaca\u011f\u0131z. Aral\u0131k\u2019a kadar uzun bir d\u00f6nem var. Bu d\u00f6nemi de sab\u0131rl\u0131 ve sa\u011fl\u0131kl\u0131 bir \u015fekilde oyuncularla birlikte g\u00f6t\u00fcrmeye \u00e7al\u0131\u015faca\u011f\u0131z&#8221; ifadelerini kulland\u0131.<\/p>\n<p>&#8220;Bana g\u00f6re iyi transferler&#8221;<\/p>\n<p>Sergen Yal\u00e7\u0131n, \u015fimdiye kadar kadrolar\u0131na katt\u0131klar\u0131 futbolcular\u0131n kaliteli oldu\u011funu dile getirerek, &#8220;Jahovic ve Fofana bu ligi bilen, ligin iyi oyuncular\u0131. Bana g\u00f6re iyi transferler. \u015eimdi \u00fczerinde \u00e7al\u0131\u015ft\u0131\u011f\u0131m\u0131z ve almak istedi\u011fimiz oyuncular var. Eksik b\u00f6lgelere oyuncu almak istiyoruz ki geni\u015f bir kadroya ihtiyac\u0131m\u0131z var. Bir \u015feyler yapmak i\u00e7in geni\u015f bir kadroya ihtiyac\u0131m\u0131z var, onu kurmaya \u00e7al\u0131\u015f\u0131yoruz. \u00dczerinde \u00e7al\u0131\u015ft\u0131\u011f\u0131m\u0131z oyuncular var, in\u015fallah mutlu sona ula\u015f\u0131r\u0131z&#8221; dedi.<\/p>\n","protected":false},"excerpt":{"rendered":"<p>EVKUR YEN\u0130 MALATYASPOR&#8217;U SE\u00c7MES\u0130NDEK\u0130 SEBEB\u0130 A\u00c7IKLAYAN TEKN\u0130K D\u0130REKT\u00d6R SERGEN YAL\u00c7IN, &#8220;MALATYASPOR&#8217;UN HEDEFLER\u0130 VAR. HEDEFLER\u0130M\u0130Z \u00c7OK UYU\u015eTU\u011eU \u0130\u00c7\u0130N TERC\u0130H\u0130M\u0130Z\u0130 BURADAN YANA KULLANDIK&#8221; DED\u0130.<\/p>\n","protected":false},"author":1,"featured_media":0,"comment_status":"closed","ping_status":"open","sticky":false,"template":"","format":"standard","meta":{"jetpack_post_was_ever_published":false,"_jetpack_newsletter_access":"","_jetpack_dont_email_post_to_subs":false,"_jetpack_newsletter_tier_id":0,"_jetpack_memberships_contains_paywalled_content":false,"_jetpack_memberships_contains_paid_content":false,"footnotes":"","jetpack_publicize_message":"","jetpack_publicize_feature_enabled":true,"jetpack_social_post_already_shared":true,"jetpack_social_options":{"image_generator_settings":{"template":"highway","default_image_id":0,"font":"","enabled":false},"version":2}},"categories":[657],"tags":[55,14168,3026,3855,4954,87],"class_list":["post-173992","post","type-post","status-publish","format-standard","hentry","category-spor","tag-basladi","tag-evkur","tag-hazirliklari","tag-malatyasporda","tag-sezon","tag-yeni"],"jetpack_publicize_connections":[],"jetpack_featured_media_url":"","jetpack_sharing_enabled":true,"jetpack_shortlink":"https:\/\/wp.me\/paKIfm-Jgk","_links":{"self":[{"href":"http:\/\/www.tvturk.com\/index.php\/wp-json\/wp\/v2\/posts\/173992","targetHints":{"allow":["GET"]}}],"collection":[{"href":"http:\/\/www.tvturk.com\/index.php\/wp-json\/wp\/v2\/posts"}],"about":[{"href":"http:\/\/www.tvturk.com\/index.php\/wp-json\/wp\/v2\/types\/post"}],"author":[{"embeddable":true,"href":"http:\/\/www.tvturk.com\/index.php\/wp-json\/wp\/v2\/users\/1"}],"replies":[{"embeddable":true,"href":"http:\/\/www.tvturk.com\/index.php\/wp-json\/wp\/v2\/comments?post=173992"}],"version-history":[{"count":0,"href":"http:\/\/www.tvturk.com\/index.php\/wp-json\/wp\/v2\/posts\/173992\/revisions"}],"wp:attachment":[{"href":"http:\/\/www.tvturk.com\/index.php\/wp-json\/wp\/v2\/media?parent=173992"}],"wp:term":[{"taxonomy":"category","embeddable":true,"href":"http:\/\/www.tvturk.com\/index.php\/wp-json\/wp\/v2\/categories?post=173992"},{"taxonomy":"post_tag","embeddable":true,"href":"http:\/\/www.tvturk.com\/index.php\/wp-json\/wp\/v2\/tags?post=173992"}],"curies":[{"name":"wp","href":"https:\/\/api.w.org\/{rel}","templated":true}]}}