{"id":174036,"date":"2019-06-26T09:46:16","date_gmt":"2019-06-26T06:46:16","guid":{"rendered":"http:\/\/www.tvturk.com\/index.php\/tarsim-bu-yil-81-ilden-hasar-ihbari-alindi\/"},"modified":"2019-06-26T09:46:16","modified_gmt":"2019-06-26T06:46:16","slug":"tarsim-bu-yil-81-ilden-hasar-ihbari-alindi","status":"publish","type":"post","link":"http:\/\/www.tvturk.com\/index.php\/tarsim-bu-yil-81-ilden-hasar-ihbari-alindi\/","title":{"rendered":"TARS\u0130M: &#8220;Bu y\u0131l 81 ilden hasar ihbar\u0131 al\u0131nd\u0131&#8221;"},"content":{"rendered":"<p>TARS\u0130M\u2019den yap\u0131lan a\u00e7\u0131klamada, y\u0131l\u0131n ilk yar\u0131s\u0131nda, T\u00fcrkiye genelinde, t\u00fcm tar\u0131m sigortas\u0131 bran\u015flar\u0131nda 1.7 milyon adet poli\u00e7e d\u00fczenlendi\u011fi, 81 ilden 245 bin hasar ihbar\u0131 al\u0131nd\u0131\u011f\u0131 ve \u2019dolu\u2019 nedenli ihbarlar\u0131n ilk s\u0131rada yer ald\u0131\u011f\u0131 bildirildi.<\/p>\n<p>TARS\u0130M\u2019den yap\u0131lan a\u00e7\u0131klamada, y\u0131l\u0131n ilk yar\u0131s\u0131nda, T\u00fcrkiye genelinde, t\u00fcm tar\u0131m sigortas\u0131 bran\u015flar\u0131nda 1.7 milyon adet poli\u00e7e d\u00fczenlendi\u011fi, 81 ilden 245 bin hasar ihbar\u0131 al\u0131nd\u0131\u011f\u0131 ve \u2019dolu\u2019 nedenli ihbarlar\u0131n ilk s\u0131rada yer ald\u0131\u011f\u0131 bildirildi.<\/p>\n<p>A\u00e7\u0131klamada, iklim de\u011fi\u015fikli\u011finin beraberinde getirdi\u011fi do\u011fal afetlerin ve ola\u011fan\u00fcst\u00fc hava ko\u015fullar\u0131n\u0131n hayat\u0131n her alan\u0131nda etkisini giderek artt\u0131rd\u0131\u011f\u0131 ve buna kar\u015f\u0131 al\u0131nmas\u0131 gereken tedbirler aras\u0131nda \u00e7ok \u00f6nemli bir yeri olan sigortan\u0131n art\u0131k ka\u00e7\u0131n\u0131lmaz bir hale geldi\u011fi vurguland\u0131 ve \u015fu ifadelere yer verildi: &#8220;Tar\u0131msal \u00fcretimi do\u011frudan etkileyen do\u011fal afetler ve ola\u011fan\u00fcst\u00fc hava ko\u015fullar\u0131, bu y\u0131l\u0131n ba\u015f\u0131ndan itibaren \u00fclkemizin hemen hemen her yerinde etkili olmaktad\u0131r. Antalya\u2019da hortum ve f\u0131rt\u0131na sebebiyle seralar ve a\u00e7\u0131k alanda turun\u00e7giller, Mersin, \u0130zmir ve Hatay\u2019da sel-su bask\u0131n\u0131 nedeniyle \u0131spanak, bu\u011fday ve narenciye a\u011f\u0131rl\u0131kl\u0131 olmak \u00fczere pek \u00e7ok \u00fcr\u00fcn, Malatya\u2019da don sebebiyle kay\u0131s\u0131, Manisa\u2019da \u00f6nce dolu, takip eden g\u00fcnlerde ise don sebebiyle \u00fcz\u00fcm, Adana ve Mersin\u2019de dolu nedeniyle \u015feftali, nektarin ve erik grubu meyveler hasar g\u00f6rd\u00fc. \u015eiddetli f\u0131rt\u0131na, Giresun ve Ordu\u2019daki f\u0131nd\u0131k bah\u00e7elerine zarar verdi. Dolu nedeniyle, \u00c7orum, K\u0131r\u015fehir, Amasya, K\u0131r\u0131kkale ve Kastamonu\u2019da ba\u015fta tah\u0131llar olmak \u00fczere sebze ekili\u015fleri ile Eski\u015fehir\u2019de bu\u011fday ve arpa \u00fcr\u00fcnleri olumsuz etkilendi. Son olarak, ge\u00e7ti\u011fimiz hafta Trabzon\u2019un Arakl\u0131 \u0130l\u00e7esi\u2019nde ya\u015fanan sel ve heyelan felaketi neticesinde ciddi boyutlarda yaralanmalar, can ve mal kay\u0131plar\u0131 ya\u015fand\u0131. Hayat\u0131n\u0131 kaybedenlere Allah\u2019tan rahmet, yaral\u0131lara acil \u015fifalar ve kay\u0131p vatanda\u015flar\u0131m\u0131z\u0131n en k\u0131sa s\u00fcrede bulunmas\u0131n\u0131 dileriz.<\/p>\n<p>Ya\u015fanan bu felaketler neticesinde, bu y\u0131l\u0131n ilk yar\u0131s\u0131nda, sigortal\u0131 \u00fcreticilerden al\u0131nan hasar ihbarlar\u0131nda s\u0131ras\u0131yla dolu, don, f\u0131rt\u0131na, sel-su bask\u0131n\u0131 gibi nedenler, Malatya, Manisa, Konya, Antalya gibi iller, bu\u011fday, kay\u0131s\u0131, \u00fcz\u00fcm ve arpa gibi \u00fcr\u00fcnler \u00f6ne \u00e7\u0131kt\u0131. Hayvan hayat sigortalar\u0131nda ise b\u00fcy\u00fckba\u015f hayvanlar, zorunlu kesim ve \u00f6l\u00fcm gibi nedenler ilk s\u0131ralarda yerini ald\u0131. Al\u0131nan ihbarlar do\u011frultusunda sahadaki incelemeler, alan\u0131nda uzman olan 2 bin civar\u0131ndaki eksper taraf\u0131ndan y\u00fcr\u00fct\u00fcl\u00fcyor. Bu anlamda, geni\u015f ve kapsaml\u0131 bir hasar tespit operasyonu, hi\u00e7bir \u00fcreticimizi ma\u011fdur etmeden ve \u00e7ok h\u0131zl\u0131 bir \u015fekilde ger\u00e7ekle\u015ftiriliyor. Hasar tespit \u00e7al\u0131\u015fmalar\u0131n\u0131n daha seri ve h\u0131zl\u0131 bir \u015fekilde tamamlanmas\u0131 i\u00e7in, \u00fcreticilerimizin hasar ihbar\u0131nda bulunmadan \u00f6nce mutlaka gerekli kontrolleri sa\u011flayarak, hasar oldu\u011fu konusunda emin olduktan sonra ihbarda bulunmalar\u0131n\u0131n b\u00fcy\u00fck \u00f6nem ta\u015f\u0131d\u0131\u011f\u0131n\u0131 bir kez daha hat\u0131rlatmak isteriz. Bu y\u0131l, yap\u0131lan incelemeler ve tespitler neticesinde hasar dosyas\u0131 tamamlanan sigortal\u0131 \u00fcreticilerimize 367 milyon TL \u00f6deme ger\u00e7ekle\u015ftirdik. \u00d6n\u00fcm\u00fczdeki g\u00fcnlerde ise poli\u00e7e biti\u015f tarihleri do\u011frultusunda 661 milyon TL daha \u00f6deme yapaca\u011f\u0131z. Bu \u015fekilde, mevcut tablo do\u011frultusunda \u00fcreticilerimize 1 milyar TL\u2019nin \u00fczerinde hasar \u00f6demesi ger\u00e7ekle\u015ftirmi\u015f olaca\u011f\u0131z&#8221;.<\/p>\n","protected":false},"excerpt":{"rendered":"<p>TARS\u0130M\u2019DEN YAPILAN A\u00c7IKLAMADA, YILIN \u0130LK YARISINDA, T\u00dcRK\u0130YE GENEL\u0130NDE, T\u00dcM TARIM S\u0130GORTASI BRAN\u015eLARINDA 1.7 M\u0130LYON ADET POL\u0130\u00c7E D\u00dcZENLEND\u0130\u011e\u0130, 81 \u0130LDEN 245 B\u0130N HASAR \u0130HBARI ALINDI\u011eI VE &#8216;DOLU&#8217; NEDENL\u0130 \u0130HBARLARIN \u0130LK SIRADA YER ALDI\u011eI B\u0130LD\u0130R\u0130LD\u0130.<\/p>\n","protected":false},"author":1,"featured_media":0,"comment_status":"closed","ping_status":"open","sticky":false,"template":"","format":"standard","meta":{"jetpack_post_was_ever_published":false,"_jetpack_newsletter_access":"","_jetpack_dont_email_post_to_subs":false,"_jetpack_newsletter_tier_id":0,"_jetpack_memberships_contains_paywalled_content":false,"_jetpack_memberships_contains_paid_content":false,"footnotes":"","jetpack_publicize_message":"","jetpack_publicize_feature_enabled":true,"jetpack_social_post_already_shared":true,"jetpack_social_options":{"image_generator_settings":{"template":"highway","default_image_id":0,"font":"","enabled":false},"version":2}},"categories":[19],"tags":[986,1014,11009,11839,27970,10625,231],"class_list":["post-174036","post","type-post","status-publish","format-standard","hentry","category-ekonomi","tag-bu","tag-alindi","tag-hasar","tag-ihbari","tag-ilden","tag-tarsim","tag-yil"],"jetpack_publicize_connections":[],"jetpack_featured_media_url":"","jetpack_sharing_enabled":true,"jetpack_shortlink":"https:\/\/wp.me\/paKIfm-Jh2","_links":{"self":[{"href":"http:\/\/www.tvturk.com\/index.php\/wp-json\/wp\/v2\/posts\/174036","targetHints":{"allow":["GET"]}}],"collection":[{"href":"http:\/\/www.tvturk.com\/index.php\/wp-json\/wp\/v2\/posts"}],"about":[{"href":"http:\/\/www.tvturk.com\/index.php\/wp-json\/wp\/v2\/types\/post"}],"author":[{"embeddable":true,"href":"http:\/\/www.tvturk.com\/index.php\/wp-json\/wp\/v2\/users\/1"}],"replies":[{"embeddable":true,"href":"http:\/\/www.tvturk.com\/index.php\/wp-json\/wp\/v2\/comments?post=174036"}],"version-history":[{"count":0,"href":"http:\/\/www.tvturk.com\/index.php\/wp-json\/wp\/v2\/posts\/174036\/revisions"}],"wp:attachment":[{"href":"http:\/\/www.tvturk.com\/index.php\/wp-json\/wp\/v2\/media?parent=174036"}],"wp:term":[{"taxonomy":"category","embeddable":true,"href":"http:\/\/www.tvturk.com\/index.php\/wp-json\/wp\/v2\/categories?post=174036"},{"taxonomy":"post_tag","embeddable":true,"href":"http:\/\/www.tvturk.com\/index.php\/wp-json\/wp\/v2\/tags?post=174036"}],"curies":[{"name":"wp","href":"https:\/\/api.w.org\/{rel}","templated":true}]}}