{"id":174056,"date":"2019-06-26T10:01:51","date_gmt":"2019-06-26T07:01:51","guid":{"rendered":"http:\/\/www.tvturk.com\/index.php\/ozel-kartalda-yikilan-binalarin-yerine-yeni-yapilan-binalarin-catilari-yapilmaya-baslandi\/"},"modified":"2019-06-26T10:01:51","modified_gmt":"2019-06-26T07:01:51","slug":"ozel-kartalda-yikilan-binalarin-yerine-yeni-yapilan-binalarin-catilari-yapilmaya-baslandi","status":"publish","type":"post","link":"http:\/\/www.tvturk.com\/index.php\/ozel-kartalda-yikilan-binalarin-yerine-yeni-yapilan-binalarin-catilari-yapilmaya-baslandi\/","title":{"rendered":"(\u00d6zel) Kartal\u2019da y\u0131k\u0131lan binalar\u0131n yerine yeni yap\u0131lan binalar\u0131n \u00e7at\u0131lar\u0131 yap\u0131lmaya ba\u015fland\u0131"},"content":{"rendered":"<p>Kartal\u2019da 21 ki\u015finin hayat\u0131n\u0131 kaybetti\u011fi \u00e7\u00f6ken Ye\u015filyurt apartman\u0131n\u0131n yerine dikilen yeni binalar\u0131n yap\u0131m\u0131 h\u0131zla devam ediyor. \u0130n\u015faat\u0131 devam eden baz\u0131 binalar\u0131n \u00e7at\u0131lar\u0131n\u0131n yap\u0131m\u0131na ba\u015fland\u0131\u011f\u0131 g\u00f6r\u00fcld\u00fc. Binalar\u0131n in\u015faat\u0131nda gelinen son durum havadan g\u00f6r\u00fcnt\u00fclendi.<\/p>\n<p>Kartal\u2019da 6 \u015eubat tarihinde Ye\u015filyurt apartman\u0131n\u0131n \u00e7\u00f6kmesi sebebiyle 21 ki\u015fi hayat\u0131n\u0131 kaybetmi\u015fti. Bunun \u00fczerine \u00e7\u00f6ken binan\u0131n \u00e7evresindeki 8 binan\u0131n \u00e7\u00f6kme riski ta\u015f\u0131d\u0131\u011f\u0131 tespit edilerek y\u0131k\u0131lm\u0131\u015f ve yerine yeni binalar\u0131n yap\u0131m\u0131na ba\u015flanm\u0131\u015ft\u0131.  Mart ay\u0131nda yap\u0131m\u0131na ba\u015flanan binalarda in\u015faat \u00e7al\u0131\u015fmalar\u0131 son h\u0131zla devam ederken baz\u0131 binalar\u0131n \u00e7at\u0131lar\u0131n\u0131n yap\u0131m\u0131na ba\u015fland\u0131\u011f\u0131 g\u00f6r\u00fcld\u00fc. Ayr\u0131ca binalar\u0131n 5. kata kadar y\u00fckseldikleri de g\u00f6r\u00fcld\u00fc.<\/p>\n<p>\u00c7evre ve \u015eehircilik Bakan\u0131 Murat Kurum, yapt\u0131\u011f\u0131 a\u00e7\u0131klamalarda Kartal\u2019da yeni yap\u0131lan binalar\u0131n 7-8 ay i\u00e7erisinde vatanda\u015flara teslim edilece\u011fini planlad\u0131klar\u0131n\u0131 s\u00f6ylemi\u015fti. Ayr\u0131ca Kurum, yeni yap\u0131lan binalar\u0131n 4 veya 5 kat\u0131 ge\u00e7meyecek \u015fekilde yatay mimariyle yap\u0131laca\u011f\u0131n\u0131 da belirtmi\u015fti.<\/p>\n<p>Kartal\u2019da y\u0131k\u0131lan binalar\u0131n yerine yap\u0131lan yeni binalar\u0131n in\u015faat\u0131nda gelinen son durum, drone ile havadan g\u00f6r\u00fcnt\u00fclendi.<\/p>\n","protected":false},"excerpt":{"rendered":"<p>KARTAL\u2019DA 21 K\u0130\u015e\u0130N\u0130N HAYATINI KAYBETT\u0130\u011e\u0130 \u00c7\u00d6KEN YE\u015e\u0130LYURT APARTMANININ YER\u0130NE D\u0130K\u0130LEN YEN\u0130 B\u0130NALARIN YAPIMI HIZLA DEVAM ED\u0130YOR.<\/p>\n","protected":false},"author":1,"featured_media":0,"comment_status":"closed","ping_status":"open","sticky":false,"template":"","format":"standard","meta":{"jetpack_post_was_ever_published":false,"_jetpack_newsletter_access":"","_jetpack_dont_email_post_to_subs":false,"_jetpack_newsletter_tier_id":0,"_jetpack_memberships_contains_paywalled_content":false,"_jetpack_memberships_contains_paid_content":false,"footnotes":"","jetpack_publicize_message":"","jetpack_publicize_feature_enabled":true,"jetpack_social_post_already_shared":true,"jetpack_social_options":{"image_generator_settings":{"template":"highway","default_image_id":0,"font":"","enabled":false},"version":2}},"categories":[1],"tags":[3341,1073,7607,17377,975,2944,530,42268,87,1794],"class_list":["post-174056","post","type-post","status-publish","format-standard","hentry","category-genel","tag-yikilan","tag-ozel","tag-baslandi","tag-binalarin","tag-catilari","tag-kartalda","tag-yapilan","tag-yapilmaya","tag-yeni","tag-yerine"],"jetpack_publicize_connections":[],"jetpack_featured_media_url":"","jetpack_sharing_enabled":true,"jetpack_shortlink":"https:\/\/wp.me\/paKIfm-Jhm","_links":{"self":[{"href":"http:\/\/www.tvturk.com\/index.php\/wp-json\/wp\/v2\/posts\/174056","targetHints":{"allow":["GET"]}}],"collection":[{"href":"http:\/\/www.tvturk.com\/index.php\/wp-json\/wp\/v2\/posts"}],"about":[{"href":"http:\/\/www.tvturk.com\/index.php\/wp-json\/wp\/v2\/types\/post"}],"author":[{"embeddable":true,"href":"http:\/\/www.tvturk.com\/index.php\/wp-json\/wp\/v2\/users\/1"}],"replies":[{"embeddable":true,"href":"http:\/\/www.tvturk.com\/index.php\/wp-json\/wp\/v2\/comments?post=174056"}],"version-history":[{"count":0,"href":"http:\/\/www.tvturk.com\/index.php\/wp-json\/wp\/v2\/posts\/174056\/revisions"}],"wp:attachment":[{"href":"http:\/\/www.tvturk.com\/index.php\/wp-json\/wp\/v2\/media?parent=174056"}],"wp:term":[{"taxonomy":"category","embeddable":true,"href":"http:\/\/www.tvturk.com\/index.php\/wp-json\/wp\/v2\/categories?post=174056"},{"taxonomy":"post_tag","embeddable":true,"href":"http:\/\/www.tvturk.com\/index.php\/wp-json\/wp\/v2\/tags?post=174056"}],"curies":[{"name":"wp","href":"https:\/\/api.w.org\/{rel}","templated":true}]}}