{"id":174068,"date":"2019-06-26T10:16:31","date_gmt":"2019-06-26T07:16:31","guid":{"rendered":"http:\/\/www.tvturk.com\/index.php\/ozel-hastane-alani-icin-yeni-proje\/"},"modified":"2019-06-26T10:16:31","modified_gmt":"2019-06-26T07:16:31","slug":"ozel-hastane-alani-icin-yeni-proje","status":"publish","type":"post","link":"http:\/\/www.tvturk.com\/index.php\/ozel-hastane-alani-icin-yeni-proje\/","title":{"rendered":"(\u00d6zel) Hastane alan\u0131 i\u00e7in yeni proje"},"content":{"rendered":"<p>Nil\u00fcfer Belediye Ba\u015fkan\u0131 Turgay Erdem, Fatih Sultan Mehmet Bulvar\u0131\u2019nda bulunan hastane alan\u0131 i\u00e7in bir an \u00f6nce karar verilip, g\u00fczel bir \u00e7al\u0131\u015fmaya imza at\u0131labilece\u011fini s\u00f6yledi.<\/p>\n<p>Fatih Sultan Mehmet Bulvar\u0131\u2019nda bulunan hastane alan\u0131n\u0131n 3 kurumun oldu\u011fu i\u00e7in at\u0131l vaziyette durdu\u011funu belirten Nil\u00fcfer Belediye Ba\u015fkan\u0131 Turgay Erdem, \u201cSa\u011fl\u0131k Bakanl\u0131\u011f\u0131, Milli Emlak ve Vak\u0131flar\u2019a ait oldu\u011funu biliyoruz. Hastane yap\u0131lmayaca\u011f\u0131 daha \u00f6nce a\u00e7\u0131kland\u0131. Ancak Bursa \u0130l Sa\u011fl\u0131k M\u00fcd\u00fcrl\u00fc\u011f\u00fc bir bina in\u015fa etti. Bu alan i\u00e7in b\u00fct\u00fcn kurumlar bir araya getirilerek, toplu kentsel tasar\u0131m projesi haz\u0131rlanmal\u0131d\u0131r. Di\u011fer kurumlar\u0131n da haklar\u0131 ne ise verilmelidir\u201d diye konu\u015ftu.<\/p>\n<p>Meydan veya ticari alanlar\u0131n yap\u0131labilece\u011fini belirten Erdem, \u201c2 tane okul var. E\u011fer gerekiyorsa ba\u015fka yere ta\u015f\u0131yarak daha b\u00fcy\u00fck alanda g\u00fczel i\u015flere imza at\u0131labilir. Buna karar verecek olan tek ki\u015fi, Bursa B\u00fcy\u00fck\u015fehir Belediyesidir. Kentsel tasar\u0131m proje yar\u0131\u015fmas\u0131 ba\u015flat\u0131larak ortak ak\u0131lla bir \u015feyler yap\u0131labilir. Hisseler daha sonra ayr\u0131lmas\u0131 planlanmas\u0131 kolayd\u0131r. Milli Emlak, Sa\u011fl\u0131k Bakanl\u0131\u011f\u0131 ve Vak\u0131flar var. Bizim bu teklifimizin \u00fczerinden \u00e7ok ge\u00e7ti. Bununla ilgili yine \u00e7al\u0131\u015fmalar\u0131m\u0131z\u0131 B\u00fcy\u00fck\u015fehir\u2019e iletece\u011fiz\u201d \u015feklinde konu\u015ftu.<\/p>\n","protected":false},"excerpt":{"rendered":"<p>N\u0130L\u00dcFER BELED\u0130YE BA\u015eKANI TURGAY ERDEM, FAT\u0130H SULTAN MEHMET BULVARI\u2019NDA BULUNAN HASTANE ALANI \u0130\u00c7\u0130N B\u0130RAN \u00d6NCE KARAR VER\u0130L\u0130P G\u00dcZEL B\u0130R \u00c7ALI\u015eMAYA \u0130MZA ATILAB\u0130LECE\u011e\u0130N\u0130 S\u00d6YLED\u0130.<\/p>\n","protected":false},"author":1,"featured_media":0,"comment_status":"closed","ping_status":"open","sticky":false,"template":"","format":"standard","meta":{"jetpack_post_was_ever_published":false,"_jetpack_newsletter_access":"","_jetpack_dont_email_post_to_subs":false,"_jetpack_newsletter_tier_id":0,"_jetpack_memberships_contains_paywalled_content":false,"_jetpack_memberships_contains_paid_content":false,"footnotes":"","jetpack_publicize_message":"","jetpack_publicize_feature_enabled":true,"jetpack_social_post_already_shared":true,"jetpack_social_options":{"image_generator_settings":{"template":"highway","default_image_id":0,"font":"","enabled":false},"version":2}},"categories":[1],"tags":[1073,3386,1478,44,1456,87],"class_list":["post-174068","post","type-post","status-publish","format-standard","hentry","category-genel","tag-ozel","tag-alani","tag-hastane","tag-icin","tag-proje","tag-yeni"],"jetpack_publicize_connections":[],"jetpack_featured_media_url":"","jetpack_sharing_enabled":true,"jetpack_shortlink":"https:\/\/wp.me\/paKIfm-Jhy","_links":{"self":[{"href":"http:\/\/www.tvturk.com\/index.php\/wp-json\/wp\/v2\/posts\/174068","targetHints":{"allow":["GET"]}}],"collection":[{"href":"http:\/\/www.tvturk.com\/index.php\/wp-json\/wp\/v2\/posts"}],"about":[{"href":"http:\/\/www.tvturk.com\/index.php\/wp-json\/wp\/v2\/types\/post"}],"author":[{"embeddable":true,"href":"http:\/\/www.tvturk.com\/index.php\/wp-json\/wp\/v2\/users\/1"}],"replies":[{"embeddable":true,"href":"http:\/\/www.tvturk.com\/index.php\/wp-json\/wp\/v2\/comments?post=174068"}],"version-history":[{"count":0,"href":"http:\/\/www.tvturk.com\/index.php\/wp-json\/wp\/v2\/posts\/174068\/revisions"}],"wp:attachment":[{"href":"http:\/\/www.tvturk.com\/index.php\/wp-json\/wp\/v2\/media?parent=174068"}],"wp:term":[{"taxonomy":"category","embeddable":true,"href":"http:\/\/www.tvturk.com\/index.php\/wp-json\/wp\/v2\/categories?post=174068"},{"taxonomy":"post_tag","embeddable":true,"href":"http:\/\/www.tvturk.com\/index.php\/wp-json\/wp\/v2\/tags?post=174068"}],"curies":[{"name":"wp","href":"https:\/\/api.w.org\/{rel}","templated":true}]}}