{"id":174078,"date":"2019-06-26T10:31:46","date_gmt":"2019-06-26T07:31:46","guid":{"rendered":"http:\/\/www.tvturk.com\/index.php\/alkislar-seyda-melis-icin\/"},"modified":"2019-06-26T10:31:46","modified_gmt":"2019-06-26T07:31:46","slug":"alkislar-seyda-melis-icin","status":"publish","type":"post","link":"http:\/\/www.tvturk.com\/index.php\/alkislar-seyda-melis-icin\/","title":{"rendered":"Alk\u0131\u015flar \u015eeyda Melis i\u00e7in"},"content":{"rendered":"<p>Do\u011fumu s\u0131ras\u0131nda ya\u015fad\u0131\u011f\u0131 problem nedeniyle Serebral Palsi hastas\u0131 olarak d\u00fcnyaya gelen ve bu sebeple elleri ve ayaklar\u0131n\u0131 tam olarak kullanamayan \u015eeyda Melis T\u00fcrkkahraman, b\u00fcy\u00fck bir ba\u015far\u0131ya imza atarak Ya\u015far \u00dcniversitesini birincilikle bitirdi. Bilgisayarda klavyeyi burnuyla, fareyi ise sol aya\u011f\u0131yla kullanan T\u00fcrkkahraman, Yaz\u0131l\u0131m M\u00fchendisli\u011fi B\u00f6l\u00fcm\u00fcnden 4 \u00fczerinden 3,99 not ortalamas\u0131yla mezun oldu.<\/p>\n<p>Ya\u015far \u00dcniversitesi, mezuniyet t\u00f6reninde \u00e7ok \u00f6zel bir \u00f6\u011frencisini mezun etti. Y\u00fczde 94 oran\u0131nda engeli bulunan \u015eeyda  Melis T\u00fcrkkahraman, b\u00fcy\u00fck bir ba\u015far\u0131ya imza atarak \u00fcniversiteyi birincilikle bitirdi. Doktor baba ile \u00f6\u011fretmen annenin 3 \u00e7ocu\u011fundan biri olan \u015eeyda Melis T\u00fcrkkahraman, 1995 y\u0131l\u0131nda do\u011fum s\u0131ras\u0131nda g\u00f6bek kordonunun boynuna dolanmas\u0131 nedeniyle Serebral Palsi hastas\u0131 olarak d\u00fcnyaya geldi. El ve ayaklar\u0131n\u0131 tam kullanamamas\u0131na sebep olan ve k\u0131smen de olsa konu\u015fmas\u0131n\u0131 etkileyen hastal\u0131\u011f\u0131yla beraber ya\u015famay\u0131 \u00f6\u011frenen \u015eeyda Melis, ya\u015fad\u0131\u011f\u0131 t\u00fcm zorluklara kar\u015f\u0131n ailesinin b\u00fcy\u00fck deste\u011fiyle ya\u015fama asla k\u00fcsmeden e\u011fitim hayat\u0131n\u0131 s\u00fcrd\u00fcrd\u00fc. T\u00fcrkkahraman, tam burslu olarak okudu\u011fu M\u00fchendislik Fak\u00fcltesi Yaz\u0131l\u0131m M\u00fchendisli\u011fi B\u00f6l\u00fcm\u00fcn\u00fc de ba\u015far\u0131yla tamamlay\u0131p okul birincisi olarak mezun olmay\u0131 ba\u015fard\u0131. T\u00f6rende sahneye karde\u015fi Nadide Selen ile \u00e7\u0131kan \u015eeyda Melis T\u00fcrkkahraman, diplomas\u0131n\u0131 ve birincilik plaketini Ya\u015far \u00dcniversitesi M\u00fctevelli Heyeti Ba\u015fkan\u0131 Ahmet Yi\u011fitba\u015f\u0131 ve Rekt\u00f6r Prof. Dr. Cemali Din\u00e7er\u2019den al\u0131rken t\u00f6rene kat\u0131lanlar taraf\u0131ndan uzun s\u00fcre ayakta alk\u0131\u015fland\u0131.<\/p>\n<p>&#8220;Beni \u00e7ok da kolay bir hayat\u0131n beklemedi\u011fi do\u011fumum s\u0131ras\u0131nda belli olmu\u015ftu&#8221;<\/p>\n<p>&#8220;Diliyorum ki kendi yolumda ilerlerken yolculu\u011fuma tan\u0131k olan herkese, mesafe katetmek i\u00e7in her zaman ayaklara gerek olmad\u0131\u011f\u0131n\u0131 ve dahas\u0131 ayaklar\u0131 varken durmay\u0131p ko\u015fmalar\u0131 gerekti\u011fini g\u00f6stermek ad\u0131na \u00f6rnek olabilmi\u015fimdir&#8221; diyen \u015eeyda Melis T\u00fcrkkahraman, ya\u015fam \u00f6yk\u00fcs\u00fcn\u00fc anlatt\u0131. T\u00fcrkkahraman, &#8220;1995 y\u0131l\u0131nda Kahramanmara\u015f\u2019ta do\u011fdum. Beni \u00e7ok da kolay bir hayat\u0131n beklemedi\u011fi do\u011fumum s\u0131ras\u0131nda belli olmu\u015ftu olmas\u0131na ama ya\u015fama iste\u011fim galip gelmi\u015fti nihayetinde. Neticede y\u00fcr\u00fcmemi, ellerimi kullanmam\u0131 ve k\u0131smen de olsa konu\u015fmam\u0131 etkileyen hastal\u0131\u011f\u0131mla beraber ya\u015famaya ba\u015flad\u0131m. Farkl\u0131 oldu\u011fumu ancak okul \u00e7a\u011f\u0131ma geldi\u011fimde anlad\u0131m. Okul \u00e7a\u011f\u0131na geldi\u011fimde farkl\u0131l\u0131\u011f\u0131m\u0131n fark\u0131na varmamdan, k\u0131r\u0131lmamdan \u00e7ekinen ailem, benim \u2019farkl\u0131l\u0131\u011f\u0131mla dalga ge\u00e7seler de k\u0131r\u0131lmayaca\u011f\u0131m, \u00fcz\u00fclmeyece\u011fim\u2019 demem \u00fczerine titiz bir aray\u0131\u015f sonucu bulduklar\u0131 bir ilkokula beni yazd\u0131rd\u0131. Zaten okula ba\u015flamadan \u00f6nce annem okuma yazmay\u0131, babam da matemati\u011fi bana \u00f6\u011fretmi\u015fti. Birinci s\u0131n\u0131fa ba\u015flad\u0131m ama k\u0131sa s\u00fcre sonra s\u0131n\u0131f atlayarak \u00fc\u00e7\u00fcnc\u00fc s\u0131n\u0131fa ge\u00e7tim. \u00d6devlerimi yaparken s\u00f6yledi\u011fim \u015feyleri annem ve babam ka\u011f\u0131da ge\u00e7irerek bana yard\u0131mc\u0131 oldu. Kimi zaman da yerde baca\u011f\u0131mdan destek alarak \u00f6devlerimi kendim yapt\u0131m&#8221; diyerek e\u011fitim hayat\u0131n\u0131n ba\u015flang\u0131c\u0131n\u0131 aktard\u0131.<\/p>\n<p>O y\u0131llarda farkl\u0131l\u0131\u011f\u0131ndan ziyade insanlar\u0131n \u00f6n yarg\u0131lar\u0131n\u0131n fark\u0131na varman\u0131n kendisini k\u0131rd\u0131\u011f\u0131n\u0131 s\u00f6yleyen T\u00fcrkkahraman, &#8220;Bilmenin t\u00fcm \u00f6n yarg\u0131lar\u0131 yok edebilece\u011fini g\u00f6rmem ise \u00e7ok uzun zaman almad\u0131. Ta en ba\u015f\u0131nda edindi\u011fim bu tecr\u00fcbe, yolumu ayd\u0131nlatan \u0131\u015f\u0131k oldu. Hastal\u0131\u011f\u0131mdan zerre etkilenmemi\u015f olan akl\u0131m\u0131, bilmek yolunda hi\u00e7bir engel tan\u0131madan kullanma \u00e7abam\u0131n bug\u00fcn dahi kar\u015f\u0131l\u0131\u011f\u0131n\u0131 fazlas\u0131yla ald\u0131\u011f\u0131m\u0131 g\u00f6rmek ise her zaman bana g\u00fc\u00e7 veriyor. \u0130lk ve orta\u00f6\u011fretimimi tamamlad\u0131ktan sonra da ellerimden ziyade zihnimi kullanarak icra edebilece\u011fim meslekleri ara\u015ft\u0131r\u0131rken yaz\u0131l\u0131m m\u00fchendisli\u011fini ke\u015ffettim ve bu y\u00f6nde tercihte bulundum&#8221; dedi.<\/p>\n<p>&#8220;Kendi sorunlar\u0131m\u0131 de\u011fil, ba\u015fkalar\u0131n\u0131n sorunlar\u0131n\u0131 da \u00e7\u00f6zmek istiyorum&#8221;<\/p>\n<p>Hayat\u0131 boyunca kar\u015f\u0131s\u0131na \u00e7\u0131kan sorunlar\u0131 \u00e7\u00f6zmekle u\u011fra\u015ft\u0131\u011f\u0131n\u0131 ifade eden \u015eeyda Melis T\u00fcrkkahraman, &#8220;Ya\u015fad\u0131\u011f\u0131n\u0131z zorluklar nedeniyle s\u00fcrekli alternatif \u00e7\u00f6z\u00fcmler \u00fcretmek zorunda kal\u0131yorsunuz. M\u00fchendisli\u011fin sorun \u00e7\u00f6zme temeline dayanmas\u0131n\u0131n yani s\u0131ra say\u0131sal derslere olan ilgimi g\u00f6z \u00f6n\u00fcnde bulundurdu\u011fumda m\u00fchendislik se\u00e7erek do\u011fru bir tercih yapt\u0131\u011f\u0131m\u0131 d\u00fc\u015f\u00fcn\u00fcyorum. \u00dcniversite hayat\u0131m boyunca arkada\u015flar\u0131m, hocalar\u0131m ve herkes bana destek oldu. Ald\u0131\u011f\u0131m e\u011fitim sayesinde ya\u015fam\u0131m\u0131n geri kalan\u0131nda yaln\u0131zca kendi sorunlar\u0131m\u0131 de\u011fil, bir m\u00fchendis olarak ba\u015fkalar\u0131n\u0131n sorunlar\u0131n\u0131 da \u00e7\u00f6zmek istiyorum. E\u011fitimim ve tercihlerim konusunda ailem de benim kararlar\u0131ma her zaman sayg\u0131 duydu, destek oldu ve asla beni hi\u00e7bir \u015fey i\u00e7in zorlamad\u0131. Benim e\u011fitimim i\u00e7in Kahramanmara\u015f\u2019tan \u0130zmir\u2019e geldi ve hep yan\u0131mda oldular. Bu sebeple onlara minnettar\u0131m&#8221; diye konu\u015ftu.<\/p>\n<p>Babas\u0131 Sami T\u00fcrkkahraman\u2019\u0131n Dr. Beh\u00e7et Uz \u00c7ocuk Hastal\u0131klar\u0131 ve Cerrahisi E\u011fitim ve Ara\u015ft\u0131rma Hastanesinde Kulak Burun Bo\u011faz Uzman\u0131, annesi Soner T\u00fcrkkahraman\u2019\u0131n ise Murat Reis \u0130lkokulunda s\u0131n\u0131f \u00f6\u011fretmeni oldu\u011funu belirten T\u00fcrkkahraman, &#8220;\u00dcniversite birincili\u011fimi e\u011fitimim i\u00e7in do\u011fup b\u00fcy\u00fcd\u00fc\u011f\u00fc memleketini b\u0131rak\u0131p burada ya\u015famay\u0131 kabul edecek kadar fedakar olan babama, nefes almaya ba\u015flad\u0131\u011f\u0131m ilk andan itibaren benimle nefes alan, bana sabr\u0131 ve ko\u015fulsuz sevmeyi \u00f6\u011freten anneme, elim, aya\u011f\u0131m ve en yak\u0131n arkada\u015f\u0131m olan karde\u015flerim Nadide ve Feyza\u2019ya atfediyorum&#8221; dedi.<\/p>\n<p>Ba\u015far\u0131l\u0131 \u00f6\u011frenci, y\u00fcksek lisans\u0131na Ya\u015far \u00dcniversitesi Bilgisayar M\u00fchendisli\u011fi B\u00f6l\u00fcm\u00fcnde devam edece\u011fini belirterek, &#8220;Veri madencili\u011fi ve b\u00fcy\u00fck veri alan\u0131nda uzmanla\u015fmak istiyorum. Y\u00fcksek lisans\u0131mda bu alanlara yo\u011funla\u015faca\u011f\u0131m. \u0130lerde bu alanda ara\u015ft\u0131rma geli\u015ftirme yapan bir ara\u015ft\u0131rmac\u0131 olarak akademiye ve \u00fclkeme hizmet istiyorum&#8221; diyerek gelecekteki hedeflerini anlatt\u0131.<\/p>\n","protected":false},"excerpt":{"rendered":"<p>YA\u015eAR \u00dcN\u0130VERS\u0130TES\u0130, MEZUN\u0130YET T\u00d6REN\u0130NDE \u00c7OK \u00d6ZEL B\u0130R \u00d6\u011eRENC\u0130S\u0130N\u0130 MEZUN ETT\u0130. Y\u00dcZDE 94 ORANINDA ENGEL\u0130 BULUNAN \u015eEYDA MEL\u0130S T\u00dcRKKAHRAMAN, B\u00dcY\u00dcK B\u0130R BA\u015eARIYA \u0130MZA ATARAK \u00dcN\u0130VERS\u0130TEY\u0130 B\u0130R\u0130NC\u0130L\u0130KLE B\u0130T\u0130RD\u0130.<\/p>\n","protected":false},"author":1,"featured_media":0,"comment_status":"closed","ping_status":"open","sticky":false,"template":"","format":"standard","meta":{"jetpack_post_was_ever_published":false,"_jetpack_newsletter_access":"","_jetpack_dont_email_post_to_subs":false,"_jetpack_newsletter_tier_id":0,"_jetpack_memberships_contains_paywalled_content":false,"_jetpack_memberships_contains_paid_content":false,"footnotes":"","jetpack_publicize_message":"","jetpack_publicize_feature_enabled":true,"jetpack_social_post_already_shared":true,"jetpack_social_options":{"image_generator_settings":{"template":"highway","default_image_id":0,"font":"","enabled":false},"version":2}},"categories":[1],"tags":[17903,44,35275,30642],"class_list":["post-174078","post","type-post","status-publish","format-standard","hentry","category-genel","tag-alkislar","tag-icin","tag-melis","tag-seyda"],"jetpack_publicize_connections":[],"jetpack_featured_media_url":"","jetpack_sharing_enabled":true,"jetpack_shortlink":"https:\/\/wp.me\/paKIfm-JhI","_links":{"self":[{"href":"http:\/\/www.tvturk.com\/index.php\/wp-json\/wp\/v2\/posts\/174078","targetHints":{"allow":["GET"]}}],"collection":[{"href":"http:\/\/www.tvturk.com\/index.php\/wp-json\/wp\/v2\/posts"}],"about":[{"href":"http:\/\/www.tvturk.com\/index.php\/wp-json\/wp\/v2\/types\/post"}],"author":[{"embeddable":true,"href":"http:\/\/www.tvturk.com\/index.php\/wp-json\/wp\/v2\/users\/1"}],"replies":[{"embeddable":true,"href":"http:\/\/www.tvturk.com\/index.php\/wp-json\/wp\/v2\/comments?post=174078"}],"version-history":[{"count":0,"href":"http:\/\/www.tvturk.com\/index.php\/wp-json\/wp\/v2\/posts\/174078\/revisions"}],"wp:attachment":[{"href":"http:\/\/www.tvturk.com\/index.php\/wp-json\/wp\/v2\/media?parent=174078"}],"wp:term":[{"taxonomy":"category","embeddable":true,"href":"http:\/\/www.tvturk.com\/index.php\/wp-json\/wp\/v2\/categories?post=174078"},{"taxonomy":"post_tag","embeddable":true,"href":"http:\/\/www.tvturk.com\/index.php\/wp-json\/wp\/v2\/tags?post=174078"}],"curies":[{"name":"wp","href":"https:\/\/api.w.org\/{rel}","templated":true}]}}