{"id":174094,"date":"2019-06-26T10:46:38","date_gmt":"2019-06-26T07:46:38","guid":{"rendered":"http:\/\/www.tvturk.com\/index.php\/ethem-tem-ulusal-fotograf-yarismasi-2nci-kez-duzenleniyor\/"},"modified":"2019-06-26T10:46:38","modified_gmt":"2019-06-26T07:46:38","slug":"ethem-tem-ulusal-fotograf-yarismasi-2nci-kez-duzenleniyor","status":"publish","type":"post","link":"http:\/\/www.tvturk.com\/index.php\/ethem-tem-ulusal-fotograf-yarismasi-2nci-kez-duzenleniyor\/","title":{"rendered":"\u201cEthem Tem Ulusal Foto\u011fraf Yar\u0131\u015fmas\u0131\u201d 2\u2019nci kez d\u00fczenleniyor"},"content":{"rendered":"<p>Atat\u00fcrk\u2019\u00fcn Kocatepe\u2019de \u00e7ekilmi\u015f d\u00fcnyaca \u00fcnl\u00fc foto\u011fraf\u0131n\u0131n da sahibi olan Ethem Tem, Afyonkarahisar Belediyesi ile Atat\u00fcrk\u00e7\u00fc D\u00fc\u015f\u00fcnce Derne\u011fi (ADD) Afyonkarahisar \u015eubesi i\u015fbirli\u011finde d\u00fczenlenecek foto\u011fraf yar\u0131\u015fmas\u0131yla ikinci kez an\u0131lacak. Yap\u0131lan foto\u011fraf yar\u0131\u015fmas\u0131yla hem Kocatepe\u2019nin tan\u0131t\u0131m\u0131na katk\u0131 sa\u011flanacak hem de Ethem Tem an\u0131lm\u0131\u015f olacak.<\/p>\n<p>Gazi Mustafa Kemal Atat\u00fcrk\u2019\u00fcn foto\u011fraf\u00e7\u0131s\u0131 Ethem Tem an\u0131s\u0131na ilki ge\u00e7ti\u011fimiz y\u0131l d\u00fczenlenen \u201cEthem Tem Ulusal Foto\u011fraf Yar\u0131\u015fmas\u0131\u201d ikinci kez d\u00fczenlenecek. Yar\u0131\u015fma i\u00e7in ba\u015fvurular ba\u015flad\u0131. Afyonkarahisar\u2019\u0131n tan\u0131t\u0131m\u0131n\u0131 ve \u00f6zellikle Afyonkarahisar\u2019dan \u0130zmir\u2019e kadar uzanan Zafer Yolu \u00fczerinde, gizli kalm\u0131\u015f tarihsel dokunun g\u00fcn y\u00fcz\u00fcne \u00e7\u0131kar\u0131lmas\u0131n\u0131 ama\u00e7layan serbest konulu yar\u0131\u015fma, T\u00fcrkiye Foto\u011fraf Sanat\u0131 Federasyonu destekleriyle ger\u00e7ekle\u015ftirilecek. T\u00fcrkiye\u2019nin her yerinden dileyen herkes yar\u0131\u015fmaya kat\u0131labilecek. Yar\u0131\u015fmaya kat\u0131lmak isteyenler 13 Temmuz 2019 tarihine kadar http:\/\/www.tfsf.org.tr\/ adresinden online ba\u015fvuru yapabilecekler. Dereceye giren eserler 30 Temmuz Sal\u0131 g\u00fcn\u00fc kamuoyuna a\u00e7\u0131klanacak.  Zafer Haftas\u0131 kutlamalar\u0131 \u00e7er\u00e7evesinde 27 A\u011fustos Sal\u0131 g\u00fcn\u00fc saat 16:00\u2019da d\u00fczenlenecek sergiyle g\u00f6r\u00fcc\u00fcye \u00e7\u0131kacak eserler i\u00e7in ayn\u0131 g\u00fcn \u00f6d\u00fcl t\u00f6reni d\u00fczenlenecek. Yar\u0131\u015fmada birinciye 5 Bin, ikinciye 3 Bin, \u00fc\u00e7\u00fcnc\u00fcye 2 Bin Ethem TEM \u00d6zel \u00d6d\u00fcl\u00fcne ise 5 Bin TL \u00f6d\u00fcl verilecek.<\/p>\n<p>DERECEYE G\u0130RENLERE PARA \u00d6D\u00dcL\u00dc VER\u0130LECEK<\/p>\n<p>T\u00fcrkiye Foto\u011fraf Sanat\u0131 Federasyonu\u2019nun destekleriyle ger\u00e7ekle\u015ftirilen yar\u0131\u015fma hakk\u0131nda bilgi veren Atat\u00fcrk\u00e7\u00fc D\u00fc\u015f\u00fcnce Derne\u011fi Afyonkarahisar \u015eube Ba\u015fkan\u0131 Veli Cengiz, bu y\u0131l yar\u0131\u015fman\u0131n 2\u2019ncisini d\u00fczenlediklerini s\u00f6yledi. Cengiz; \u201cBu foto\u011fraf yar\u0131\u015fmas\u0131na ba\u015fvurular 13 Temmuz tarihinde bitecek. 27 Temmuz tarihinde ise kat\u0131l\u0131m g\u00f6steren foto\u011fraf sanat\u00e7\u0131lar\u0131n\u0131n dereceleri ve ald\u0131klar\u0131 \u00f6d\u00fcller kendilerine duyurulacak. 27 A\u011fustos tarihinde ise tarihi Ta\u015f Medrese\u2019de bu \u00f6d\u00fcl alan arkada\u015flar\u0131m\u0131z\u0131n \u00f6d\u00fcllerini takdim edece\u011fiz. Bu yar\u0131\u015fma 2 kategoride d\u00fczenleniyor. Ethem Tem \u00d6zel \u00d6d\u00fcl\u00fc, Kurtulu\u015f Sava\u015f\u0131\u2019n\u0131n ge\u00e7mi\u015f oldu\u011fu y\u00f6relerle ilgili foto\u011fraflar. Bu tek bir \u00f6d\u00fcl Ethem Tem \u00f6zel \u00f6d\u00fcl\u00fc bu \u00f6d\u00fcl\u00fc almaya hak kazanan ki\u015fiye 5 bin TL takdim edilecek. Bir di\u011fer kategorimiz ise serbest konu olacak. Her t\u00fcrl\u00fc foto\u011fraf\u0131 kabul ediyoruz. Burada da 1\u2019inciye 5 bin TL, 2\u2019nciye 3 bin TL, 3\u2019\u00fcnc\u00fcye ise 2 bin TL veriyoruz. Yine dereceye giren 26 foto\u011fraf sahibine de \u00f6d\u00fcllerimiz olacak\u201d dedi.<\/p>\n<p>TAR\u0130HE NOT D\u00dc\u015eECEK B\u0130R YARI\u015eMA OLACAK<\/p>\n<p>Yar\u0131\u015fman\u0131n T\u00fcrkiye genelinde ger\u00e7ekle\u015fti\u011fini belirten Cengiz, hedeflerinin ileriki d\u00f6nemlerde yar\u0131\u015fmay\u0131 uluslararas\u0131 d\u00fczeye ta\u015f\u0131mak oldu\u011funu kaydetti. Cengiz \u015f\u00f6yle devam etti; \u201cBiz bu foto\u011fraf yar\u0131\u015fmas\u0131n\u0131 \u00c7anakkale\u2019nin tarihimizde yeri neyse Kocatepe\u2019nin de Kurtulu\u015f Sava\u015f\u0131m\u0131zdaki yerini ondan daha \u00fcst\u00fcn oldu\u011funu d\u00fc\u015f\u00fcn\u00fcyoruz. \u00c7\u00fcnk\u00fc son noktay\u0131 Kocatepe\u2019de koymu\u015fuz. Bu foto\u011fraf yar\u0131\u015fmas\u0131yla tarihe not d\u00fc\u015fmek istiyoruz.\u201d<\/p>\n","protected":false},"excerpt":{"rendered":"<p>ATAT\u00dcRK D\u00dc\u015e\u00dcNCE DERNE\u011e\u0130 AFYONKARAH\u0130SAR \u015eUBE BA\u015eKANI VEL\u0130 CENG\u0130Z.<\/p>\n","protected":false},"author":1,"featured_media":0,"comment_status":"closed","ping_status":"open","sticky":false,"template":"","format":"standard","meta":{"jetpack_post_was_ever_published":false,"_jetpack_newsletter_access":"","_jetpack_dont_email_post_to_subs":false,"_jetpack_newsletter_tier_id":0,"_jetpack_memberships_contains_paywalled_content":false,"_jetpack_memberships_contains_paid_content":false,"footnotes":"","jetpack_publicize_message":"","jetpack_publicize_feature_enabled":true,"jetpack_social_post_already_shared":true,"jetpack_social_options":{"image_generator_settings":{"template":"highway","default_image_id":0,"font":"","enabled":false},"version":2}},"categories":[1],"tags":[42280,1384,12154,5874,1497,7997,2683,1650],"class_list":["post-174094","post","type-post","status-publish","format-standard","hentry","category-genel","tag-ethem","tag-2nci","tag-duzenleniyor","tag-fotograf","tag-kez","tag-tem","tag-ulusal","tag-yarismasi"],"jetpack_publicize_connections":[],"jetpack_featured_media_url":"","jetpack_sharing_enabled":true,"jetpack_shortlink":"https:\/\/wp.me\/paKIfm-JhY","_links":{"self":[{"href":"http:\/\/www.tvturk.com\/index.php\/wp-json\/wp\/v2\/posts\/174094","targetHints":{"allow":["GET"]}}],"collection":[{"href":"http:\/\/www.tvturk.com\/index.php\/wp-json\/wp\/v2\/posts"}],"about":[{"href":"http:\/\/www.tvturk.com\/index.php\/wp-json\/wp\/v2\/types\/post"}],"author":[{"embeddable":true,"href":"http:\/\/www.tvturk.com\/index.php\/wp-json\/wp\/v2\/users\/1"}],"replies":[{"embeddable":true,"href":"http:\/\/www.tvturk.com\/index.php\/wp-json\/wp\/v2\/comments?post=174094"}],"version-history":[{"count":0,"href":"http:\/\/www.tvturk.com\/index.php\/wp-json\/wp\/v2\/posts\/174094\/revisions"}],"wp:attachment":[{"href":"http:\/\/www.tvturk.com\/index.php\/wp-json\/wp\/v2\/media?parent=174094"}],"wp:term":[{"taxonomy":"category","embeddable":true,"href":"http:\/\/www.tvturk.com\/index.php\/wp-json\/wp\/v2\/categories?post=174094"},{"taxonomy":"post_tag","embeddable":true,"href":"http:\/\/www.tvturk.com\/index.php\/wp-json\/wp\/v2\/tags?post=174094"}],"curies":[{"name":"wp","href":"https:\/\/api.w.org\/{rel}","templated":true}]}}