{"id":174122,"date":"2019-06-26T11:01:58","date_gmt":"2019-06-26T08:01:58","guid":{"rendered":"http:\/\/www.tvturk.com\/index.php\/bagcilar-belediyesi-325-bagimliyi-hayata-bagladi\/"},"modified":"2019-06-26T11:01:58","modified_gmt":"2019-06-26T08:01:58","slug":"bagcilar-belediyesi-325-bagimliyi-hayata-bagladi","status":"publish","type":"post","link":"http:\/\/www.tvturk.com\/index.php\/bagcilar-belediyesi-325-bagimliyi-hayata-bagladi\/","title":{"rendered":"Ba\u011fc\u0131lar Belediyesi, 325 ba\u011f\u0131ml\u0131y\u0131 hayata ba\u011flad\u0131"},"content":{"rendered":"<p>Uyu\u015fturucuyla m\u00fccadeleyi hayata ge\u00e7irdi\u011fi \u201cYeni Bir Ben\u201d projesi kapsam\u0131nda s\u00fcrd\u00fcren Ba\u011fc\u0131lar Belediyesi, bug\u00fcne kadar 325 ba\u011f\u0131ml\u0131y\u0131 uyu\u015fturucudan kurtard\u0131. Psikolojik destekle hayata tutunan ba\u011f\u0131ml\u0131lardan, kimi e\u011fitimine kald\u0131\u011f\u0131 yerden devam ederken kimi de Ba\u011fc\u0131lar Belediyesi\u2019nin kurslar\u0131ndan ald\u0131\u011f\u0131 e\u011fitimle meslek sahibi oldu.<\/p>\n<p>Sosyal sorumluluk projeleriyle gen\u00e7leri gelece\u011fe haz\u0131rlayan Ba\u011fc\u0131lar Belediyesi taraf\u0131ndan uyu\u015fturucu kullan\u0131m\u0131n\u0131n \u00f6n\u00fcne ge\u00e7mek amac\u0131yla 4 y\u0131l \u00f6nce hizmete sunulan Yeni Bir Ben Ba\u011f\u0131ml\u0131l\u0131kla M\u00fccadele Koordinasyon Merkezi\u2019nin \u00e7al\u0131\u015fmalar\u0131 \u00f6zverili bir \u015fekilde devam ediyor. \u00dc\u00e7 psikolog ve bir sekreterden olu\u015fan YBB (Yeni Bir Ben) tak\u0131m\u0131 bug\u00fcne kadar 325 ki\u015fiyi uyu\u015fturucunun elinden kurtard\u0131.<\/p>\n<p>Kendilerinden yard\u0131m isteyen ba\u011f\u0131ml\u0131lara yak\u0131nlar\u0131 gibi davranan ve onlara s\u0131cak bir aile ortam\u0131 sunan uzmanlar, psikolojik destek vererek onlar\u0131 uyu\u015fturucudan uzakla\u015ft\u0131rd\u0131. Ba\u011fc\u0131lar E\u011fitim ve Ara\u015ft\u0131rma Hastanesi\u2019nde ger\u00e7ekle\u015fen tedavi s\u00fcrecini tamamlayan ba\u011f\u0131ml\u0131lar, buradan sosyal hayat\u0131n i\u00e7ine y\u00f6nlendiriliyor. Bu ki\u015filerden kimi uyu\u015fturucu nedeniyle yar\u0131m b\u0131rakt\u0131\u011f\u0131 okuluna kay\u0131t yapt\u0131r\u0131p e\u011fitim hayat\u0131na devam ediyor kimi de Gen\u00e7lik Merkezi\u2019ndeki sanattan el i\u015flerine kadar farkl\u0131 kategorilerdeki kurslara gidiyor. Kurslardan mezun olan bir\u00e7ok gen\u00e7, meslek sahibi olarak kendine uyu\u015fturucudan uzak temiz bir sayfa a\u00e7t\u0131.<\/p>\n<p>Uyu\u015fturucu kullan\u0131m\u0131 ortak bir problemdir<\/p>\n<p>Yeni Bir Ben\u2019e ba\u015fvuru yapanlar\u0131n profiline bak\u0131ld\u0131\u011f\u0131nda \u00e7arp\u0131c\u0131 bir tablo ortaya \u00e7\u0131k\u0131yor. Uyu\u015fturucu kullananlar\u0131n  26-35 ya\u015flar\u0131 aras\u0131nda oldu\u011fu, en \u00e7ok kullan\u0131lan maddenin ise y\u00fczde 39 ile eroin onu y\u00fczde 37 ile bonzainin takip etti\u011fi g\u00f6r\u00fcld\u00fc. Uyu\u015fturucuya ba\u015flama sebebi olarak y\u00fczde 73 gibi y\u00fcksek bir oranla arkada\u015f \u00e7evresinde kabul g\u00f6rme iste\u011fi geliyor. Kullan\u0131c\u0131lar\u0131n y\u00fczde 79\u2019u ise uyu\u015fturucuya bireysel yollardan ula\u015f\u0131yor.<\/p>\n<p>Uyu\u015fturucu ile m\u00fccadelenin y\u00fcr\u00fct\u00fclmesinde hukuk, sa\u011fl\u0131k ve sosyal hizmet kurumlar\u0131n\u0131n i\u015fbirli\u011fi i\u00e7inde \u00e7al\u0131\u015fmas\u0131 gerekti\u011fine vurgu yapan Ba\u011fc\u0131lar Belediye Ba\u015fkan\u0131 Lokman \u00c7a\u011f\u0131r\u0131c\u0131, \u201cUyu\u015fturucu kullan\u0131m\u0131, halk sa\u011fl\u0131\u011f\u0131, g\u00fcvenli\u011fi ve sosyal sorunlar\u0131n kesi\u015fti\u011fi ortak bir problemdir. Gen\u00e7lerimizi bu illetten kurtarmak i\u00e7in el ele vermeli ve ortak projeler \u00fcretmeliyiz. 2015 y\u0131l\u0131nda kurdu\u011fumuz Yeni Bir Ben merkezimiz \u00e7al\u0131\u015fmalar\u0131n\u0131 art\u0131rarak devam ettirecektir\u201d dedi.<\/p>\n","protected":false},"excerpt":{"rendered":"<p>UYU\u015eTURUCUYLA M\u00dcCADELEY\u0130 HAYATA GE\u00c7\u0130RD\u0130\u011e\u0130 \u201cYEN\u0130 B\u0130R BEN\u201d PROJES\u0130 KAPSAMINDA S\u00dcRD\u00dcREN BA\u011eCILAR BELED\u0130YES\u0130, BUG\u00dcNE KADAR 325 BA\u011eIMLIYI UYU\u015eTURUCUDAN KURTARDI. PS\u0130KOLOJ\u0130K DESTEKLE HAYATA TUTUNAN BA\u011eIMLILARDAN, K\u0130M\u0130 E\u011e\u0130T\u0130M\u0130NE KALDI\u011eI YERDEN DEVAM EDERKEN K\u0130M\u0130 DE BA\u011eCILAR BELED\u0130YES\u0130\u2019N\u0130N KURSLARINDAN ALDI\u011eI E\u011e\u0130T\u0130MLE MESLEK SAH\u0130B\u0130 OLDU.<\/p>\n","protected":false},"author":1,"featured_media":0,"comment_status":"closed","ping_status":"open","sticky":false,"template":"","format":"standard","meta":{"jetpack_post_was_ever_published":false,"_jetpack_newsletter_access":"","_jetpack_dont_email_post_to_subs":false,"_jetpack_newsletter_tier_id":0,"_jetpack_memberships_contains_paywalled_content":false,"_jetpack_memberships_contains_paid_content":false,"footnotes":"","jetpack_publicize_message":"","jetpack_publicize_feature_enabled":true,"jetpack_social_post_already_shared":true,"jetpack_social_options":{"image_generator_settings":{"template":"highway","default_image_id":0,"font":"","enabled":false},"version":2}},"categories":[1],"tags":[38414,21717,42288,8787,383,4467],"class_list":["post-174122","post","type-post","status-publish","format-standard","hentry","category-genel","tag-38414","tag-bagcilar","tag-bagimliyi","tag-bagladi","tag-belediyesi","tag-hayata"],"jetpack_publicize_connections":[],"jetpack_featured_media_url":"","jetpack_sharing_enabled":true,"jetpack_shortlink":"https:\/\/wp.me\/paKIfm-Jiq","_links":{"self":[{"href":"http:\/\/www.tvturk.com\/index.php\/wp-json\/wp\/v2\/posts\/174122","targetHints":{"allow":["GET"]}}],"collection":[{"href":"http:\/\/www.tvturk.com\/index.php\/wp-json\/wp\/v2\/posts"}],"about":[{"href":"http:\/\/www.tvturk.com\/index.php\/wp-json\/wp\/v2\/types\/post"}],"author":[{"embeddable":true,"href":"http:\/\/www.tvturk.com\/index.php\/wp-json\/wp\/v2\/users\/1"}],"replies":[{"embeddable":true,"href":"http:\/\/www.tvturk.com\/index.php\/wp-json\/wp\/v2\/comments?post=174122"}],"version-history":[{"count":0,"href":"http:\/\/www.tvturk.com\/index.php\/wp-json\/wp\/v2\/posts\/174122\/revisions"}],"wp:attachment":[{"href":"http:\/\/www.tvturk.com\/index.php\/wp-json\/wp\/v2\/media?parent=174122"}],"wp:term":[{"taxonomy":"category","embeddable":true,"href":"http:\/\/www.tvturk.com\/index.php\/wp-json\/wp\/v2\/categories?post=174122"},{"taxonomy":"post_tag","embeddable":true,"href":"http:\/\/www.tvturk.com\/index.php\/wp-json\/wp\/v2\/tags?post=174122"}],"curies":[{"name":"wp","href":"https:\/\/api.w.org\/{rel}","templated":true}]}}