{"id":174184,"date":"2019-06-26T12:16:34","date_gmt":"2019-06-26T09:16:34","guid":{"rendered":"http:\/\/www.tvturk.com\/index.php\/unlu-tatil-merkezindeki-o-koyda-flas-tahliye-karari\/"},"modified":"2019-06-26T12:16:34","modified_gmt":"2019-06-26T09:16:34","slug":"unlu-tatil-merkezindeki-o-koyda-flas-tahliye-karari","status":"publish","type":"post","link":"http:\/\/www.tvturk.com\/index.php\/unlu-tatil-merkezindeki-o-koyda-flas-tahliye-karari\/","title":{"rendered":"\u00dcnl\u00fc tatil merkezindeki o koyda fla\u015f \u2019tahliye\u2019 karar\u0131"},"content":{"rendered":"<p>\u0130zmir\u2019in \u00c7e\u015fme il\u00e7esindeki \u00c7atalazmak Koyu\u2019nda \u00e7evrecilerin m\u00fccadelesi sonu\u00e7 verdi ve k\u0131y\u0131daki yap\u0131lar\u0131n tahliyesine karar verildi.<\/p>\n<p>\u00c7e\u015fme\u2019nin \u00c7atalazmak Koyu\u2019nda bir \u015firketin i\u015f makineleri ile do\u011fal yap\u0131y\u0131 bozarak plaj yapmas\u0131 ve palmiye a\u011fa\u00e7lar\u0131 dikerek k\u0131y\u0131 ge\u00e7i\u015fini kapatmas\u0131 \u00fczerine \u00e7evreciler harekete ge\u00e7mi\u015fti. \u00c7evreciler, k\u0131y\u0131 alan\u0131nda do\u011fal doku bozularak plaj yap\u0131lmas\u0131, vatanda\u015flar\u0131n sahile ula\u015f\u0131m\u0131n\u0131n engellenmesi gerek\u00e7esi ile Haziran ay\u0131 ba\u015f\u0131nda sahilde hem eylem yapm\u0131\u015f hem de durumun \u00f6nlenmesi i\u00e7in ilgili yerlere ba\u015fvuru yapm\u0131\u015ft\u0131. Harekete ge\u00e7en \u00e7evreciler ve \u00e7evreci Avukat Seher Gacar\u2019\u0131n \u00c7evre ve \u015eehircilik \u0130zmir \u0130l M\u00fcd\u00fcrl\u00fc\u011f\u00fcne ba\u015fvurarak tahliye karar\u0131 istemesi sonu\u00e7 verdi.<\/p>\n<p>\u00c7evre ve \u015eehircilik \u0130zmir \u0130l M\u00fcd\u00fcrl\u00fc\u011f\u00fc, \u00e7evreci Avukat Gacar\u2019\u0131n dilek\u00e7esine 19 Haziran tarihinde yan\u0131t vererek, &#8220;\u00c7atalazmak mevkiinde devletin h\u00fck\u00fcm ve tasarrufu alt\u0131nda bulunan alan, 27 Nisan 2018 tarih ve 76074 say\u0131l\u0131 bakanl\u0131k makam\u0131 oluru ile onaylanan \u2019s\u00fcrd\u00fcr\u00fclebilir koruma ve kontroll\u00fc kullan\u0131m alan\u0131nda\u2019 kalmakta olup, valili\u011fimiz \u00c7evre ve \u015eehircilik \u0130l M\u00fcd\u00fcrl\u00fc\u011f\u00fc teknik elemanlar\u0131nca yerinde inceleme yap\u0131lm\u0131\u015f olup, tahliye i\u015flemleri ba\u015flat\u0131lm\u0131\u015ft\u0131r. Ayr\u0131ca izinsiz uygulamalara ili\u015fkin olarak konu ilgili Tabiat Varl\u0131klar\u0131n\u0131 Koruma B\u00f6lge Komisyonu taraf\u0131ndan de\u011ferlendirilecektir&#8221; denildi.<\/p>\n<p>Tahliye karar\u0131, \u00e7evreciler aras\u0131nda sevin\u00e7le kar\u015f\u0131land\u0131.<\/p>\n","protected":false},"excerpt":{"rendered":"<p>\u0130ZM\u0130R&#8217;\u0130N \u00c7E\u015eME \u0130L\u00c7ES\u0130NDEK\u0130 \u00c7ATALAZMAK KOYU&#8217;NDA KIYIDAK\u0130 YAPILARIN TAHL\u0130YES\u0130NE KARAR VER\u0130LD\u0130.<\/p>\n","protected":false},"author":1,"featured_media":0,"comment_status":"closed","ping_status":"open","sticky":false,"template":"","format":"standard","meta":{"jetpack_post_was_ever_published":false,"_jetpack_newsletter_access":"","_jetpack_dont_email_post_to_subs":false,"_jetpack_newsletter_tier_id":0,"_jetpack_memberships_contains_paywalled_content":false,"_jetpack_memberships_contains_paid_content":false,"footnotes":"","jetpack_publicize_message":"","jetpack_publicize_feature_enabled":true,"jetpack_social_post_already_shared":true,"jetpack_social_options":{"image_generator_settings":{"template":"highway","default_image_id":0,"font":"","enabled":false},"version":2}},"categories":[1],"tags":[28118,2832,42310,729,153,3575,5590],"class_list":["post-174184","post","type-post","status-publish","format-standard","hentry","category-genel","tag-flas","tag-karari","tag-koyda","tag-merkezindeki","tag-tahliye","tag-tatil","tag-unlu"],"jetpack_publicize_connections":[],"jetpack_featured_media_url":"","jetpack_sharing_enabled":true,"jetpack_shortlink":"https:\/\/wp.me\/paKIfm-Jjq","_links":{"self":[{"href":"http:\/\/www.tvturk.com\/index.php\/wp-json\/wp\/v2\/posts\/174184","targetHints":{"allow":["GET"]}}],"collection":[{"href":"http:\/\/www.tvturk.com\/index.php\/wp-json\/wp\/v2\/posts"}],"about":[{"href":"http:\/\/www.tvturk.com\/index.php\/wp-json\/wp\/v2\/types\/post"}],"author":[{"embeddable":true,"href":"http:\/\/www.tvturk.com\/index.php\/wp-json\/wp\/v2\/users\/1"}],"replies":[{"embeddable":true,"href":"http:\/\/www.tvturk.com\/index.php\/wp-json\/wp\/v2\/comments?post=174184"}],"version-history":[{"count":0,"href":"http:\/\/www.tvturk.com\/index.php\/wp-json\/wp\/v2\/posts\/174184\/revisions"}],"wp:attachment":[{"href":"http:\/\/www.tvturk.com\/index.php\/wp-json\/wp\/v2\/media?parent=174184"}],"wp:term":[{"taxonomy":"category","embeddable":true,"href":"http:\/\/www.tvturk.com\/index.php\/wp-json\/wp\/v2\/categories?post=174184"},{"taxonomy":"post_tag","embeddable":true,"href":"http:\/\/www.tvturk.com\/index.php\/wp-json\/wp\/v2\/tags?post=174184"}],"curies":[{"name":"wp","href":"https:\/\/api.w.org\/{rel}","templated":true}]}}