{"id":174194,"date":"2019-06-26T12:31:33","date_gmt":"2019-06-26T09:31:33","guid":{"rendered":"http:\/\/www.tvturk.com\/index.php\/yilanlarin-dansi-kamerada\/"},"modified":"2019-06-26T12:31:33","modified_gmt":"2019-06-26T09:31:33","slug":"yilanlarin-dansi-kamerada","status":"publish","type":"post","link":"http:\/\/www.tvturk.com\/index.php\/yilanlarin-dansi-kamerada\/","title":{"rendered":"Y\u0131lanlar\u0131n dans\u0131 kamerada"},"content":{"rendered":"<p>Malatya\u2019n\u0131n Ak\u00e7ada\u011f il\u00e7esinde bir patika yolda bulunan 2 y\u0131lan\u0131n dans\u0131 kameralara yans\u0131d\u0131.<\/p>\n<p>\u0130l\u00e7eye ba\u011fl\u0131 Do\u011fu Mahallesi\u2019nde bulunan bir tarlada do\u011fa y\u00fcr\u00fcy\u00fc\u015f\u00fc yapan bir vatanda\u015f tarlan\u0131n i\u00e7indeki patika yolda boylar\u0131 1 metreyi ge\u00e7en 2 y\u0131lan\u0131n birbirine kenetlenerek dans etti\u011fini g\u00f6rd\u00fc. Y\u0131lanlara 50 metre kala duran vatanda\u015f cep telefonunu \u00e7\u0131kararak bu an\u0131 kaydetti. G\u00f6r\u00fcnt\u00fclerde birbirine dolanan y\u0131lanlar\u0131n uzun s\u00fcre \u00e7iftle\u015fme dans\u0131 yapt\u0131klar\u0131 g\u00f6r\u00fcl\u00fcyor.<\/p>\n","protected":false},"excerpt":{"rendered":"<p>MALATYA\u2019NIN AK\u00c7ADA\u011e \u0130L\u00c7ES\u0130NDE B\u0130R PAT\u0130KA YOLDA \u0130K\u0130 YILANIN \u00c7\u0130FTLE\u015eME DANSI KAMERALARA YANSIDI.<\/p>\n","protected":false},"author":1,"featured_media":0,"comment_status":"closed","ping_status":"open","sticky":false,"template":"","format":"standard","meta":{"jetpack_post_was_ever_published":false,"_jetpack_newsletter_access":"","_jetpack_dont_email_post_to_subs":false,"_jetpack_newsletter_tier_id":0,"_jetpack_memberships_contains_paywalled_content":false,"_jetpack_memberships_contains_paid_content":false,"footnotes":"","jetpack_publicize_message":"","jetpack_publicize_feature_enabled":true,"jetpack_social_post_already_shared":true,"jetpack_social_options":{"image_generator_settings":{"template":"highway","default_image_id":0,"font":"","enabled":false},"version":2}},"categories":[1],"tags":[1548,1142,36219],"class_list":["post-174194","post","type-post","status-publish","format-standard","hentry","category-genel","tag-dansi","tag-kamerada","tag-yilanlarin"],"jetpack_publicize_connections":[],"jetpack_featured_media_url":"","jetpack_sharing_enabled":true,"jetpack_shortlink":"https:\/\/wp.me\/paKIfm-JjA","_links":{"self":[{"href":"http:\/\/www.tvturk.com\/index.php\/wp-json\/wp\/v2\/posts\/174194","targetHints":{"allow":["GET"]}}],"collection":[{"href":"http:\/\/www.tvturk.com\/index.php\/wp-json\/wp\/v2\/posts"}],"about":[{"href":"http:\/\/www.tvturk.com\/index.php\/wp-json\/wp\/v2\/types\/post"}],"author":[{"embeddable":true,"href":"http:\/\/www.tvturk.com\/index.php\/wp-json\/wp\/v2\/users\/1"}],"replies":[{"embeddable":true,"href":"http:\/\/www.tvturk.com\/index.php\/wp-json\/wp\/v2\/comments?post=174194"}],"version-history":[{"count":0,"href":"http:\/\/www.tvturk.com\/index.php\/wp-json\/wp\/v2\/posts\/174194\/revisions"}],"wp:attachment":[{"href":"http:\/\/www.tvturk.com\/index.php\/wp-json\/wp\/v2\/media?parent=174194"}],"wp:term":[{"taxonomy":"category","embeddable":true,"href":"http:\/\/www.tvturk.com\/index.php\/wp-json\/wp\/v2\/categories?post=174194"},{"taxonomy":"post_tag","embeddable":true,"href":"http:\/\/www.tvturk.com\/index.php\/wp-json\/wp\/v2\/tags?post=174194"}],"curies":[{"name":"wp","href":"https:\/\/api.w.org\/{rel}","templated":true}]}}