{"id":174198,"date":"2019-06-26T12:45:54","date_gmt":"2019-06-26T09:45:54","guid":{"rendered":"http:\/\/www.tvturk.com\/index.php\/kibristaki-osmanli-turk-sehitligi-icler-acisi-halde\/"},"modified":"2019-06-26T12:45:54","modified_gmt":"2019-06-26T09:45:54","slug":"kibristaki-osmanli-turk-sehitligi-icler-acisi-halde","status":"publish","type":"post","link":"http:\/\/www.tvturk.com\/index.php\/kibristaki-osmanli-turk-sehitligi-icler-acisi-halde\/","title":{"rendered":"K\u0131br\u0131s\u2019taki Osmanl\u0131 T\u00fcrk \u015eehitli\u011fi i\u00e7ler ac\u0131s\u0131 halde"},"content":{"rendered":"<p>K\u0131br\u0131s\u2019\u0131n turizm cazibe merkezlerinden olan Larnaka\u2019da bulunan Osmanl\u0131 T\u00fcrk \u015eehitli\u011fi kaderine terk edildi.<\/p>\n<p>Osmanl\u0131 Devleti zaman\u0131nda K\u0131br\u0131s\u2019\u0131n Larnaka kentinde kurulan T\u00fcrk \u015eehitli\u011fi 1974 Bar\u0131\u015f Harekat\u0131\u2019na kadar K\u0131br\u0131sl\u0131 T\u00fcrklerin cenazelerini defnettikleri bir yerken, daha sonra G\u00fcney K\u0131br\u0131s Rum Y\u00f6netimi\u2019ne ge\u00e7en Larnaka T\u00fcrk \u015eehitli\u011fi\u2019nin bug\u00fcnk\u00fc hali g\u00f6renlerin y\u00fcre\u011fini da\u011fl\u0131yor. G\u00fcney K\u0131br\u0131s Rum Y\u00f6netimi\u2019ne ba\u011fl\u0131 Larnaka Belediyesinin sorumlu oldu\u011fu Makenzi b\u00f6lgesinde bulunan Osmanl\u0131 T\u00fcrk \u015eehitli\u011fi\u2019nde \u00e7ok say\u0131da mezar tahrip edilmi\u015f durumda. Mezar ta\u015flar\u0131n\u0131n yerlerde oldu\u011fu, baz\u0131lar\u0131n\u0131n \u00e7al\u0131nd\u0131\u011f\u0131 ve \u015fehitli\u011fin tamamen kaderine terk edildi\u011fi g\u00f6r\u00fcl\u00fcyor. Her yerini otlar\u0131n ve \u00e7al\u0131lar\u0131n kaplad\u0131\u011f\u0131 \u015fehitli\u011fin adeta orman\u0131 and\u0131ran g\u00f6r\u00fcnt\u00fcs\u00fc dikkat \u00e7ekiyor.<\/p>\n<p>\u015eehitli\u011fin i\u00e7ler ac\u0131s\u0131 halini Avrupa\u2019da ya\u015fayan K\u0131br\u0131sl\u0131 T\u00fcrk Osman Hordan g\u00f6r\u00fcnt\u00fcledi. Hordan, ya\u015fad\u0131\u011f\u0131 hayal k\u0131r\u0131kl\u0131\u011f\u0131n\u0131 da dile getirerek yetkilileri duyarl\u0131 olmaya davet etti.<\/p>\n","protected":false},"excerpt":{"rendered":"<p>KIBRIS&#8217;IN TUR\u0130ZM CAZ\u0130BE MERKEZLER\u0130NDEN OLAN LARNAKA\u2019DA BULUNAN OSMANLI T\u00dcRK \u015eEH\u0130TL\u0130\u011e\u0130 KADER\u0130NE TERK ED\u0130LD\u0130.<\/p>\n","protected":false},"author":1,"featured_media":0,"comment_status":"closed","ping_status":"open","sticky":false,"template":"","format":"standard","meta":{"jetpack_post_was_ever_published":false,"_jetpack_newsletter_access":"","_jetpack_dont_email_post_to_subs":false,"_jetpack_newsletter_tier_id":0,"_jetpack_memberships_contains_paywalled_content":false,"_jetpack_memberships_contains_paid_content":false,"footnotes":"","jetpack_publicize_message":"","jetpack_publicize_feature_enabled":true,"jetpack_social_post_already_shared":true,"jetpack_social_options":{"image_generator_settings":{"template":"highway","default_image_id":0,"font":"","enabled":false},"version":2}},"categories":[10],"tags":[17927,5410,7681,258,24403,12456,957],"class_list":["post-174198","post","type-post","status-publish","format-standard","hentry","category-dunya","tag-kibristaki","tag-osmanli","tag-acisi","tag-halde","tag-icler","tag-sehitligi","tag-turk"],"jetpack_publicize_connections":[],"jetpack_featured_media_url":"","jetpack_sharing_enabled":true,"jetpack_shortlink":"https:\/\/wp.me\/paKIfm-JjE","_links":{"self":[{"href":"http:\/\/www.tvturk.com\/index.php\/wp-json\/wp\/v2\/posts\/174198","targetHints":{"allow":["GET"]}}],"collection":[{"href":"http:\/\/www.tvturk.com\/index.php\/wp-json\/wp\/v2\/posts"}],"about":[{"href":"http:\/\/www.tvturk.com\/index.php\/wp-json\/wp\/v2\/types\/post"}],"author":[{"embeddable":true,"href":"http:\/\/www.tvturk.com\/index.php\/wp-json\/wp\/v2\/users\/1"}],"replies":[{"embeddable":true,"href":"http:\/\/www.tvturk.com\/index.php\/wp-json\/wp\/v2\/comments?post=174198"}],"version-history":[{"count":0,"href":"http:\/\/www.tvturk.com\/index.php\/wp-json\/wp\/v2\/posts\/174198\/revisions"}],"wp:attachment":[{"href":"http:\/\/www.tvturk.com\/index.php\/wp-json\/wp\/v2\/media?parent=174198"}],"wp:term":[{"taxonomy":"category","embeddable":true,"href":"http:\/\/www.tvturk.com\/index.php\/wp-json\/wp\/v2\/categories?post=174198"},{"taxonomy":"post_tag","embeddable":true,"href":"http:\/\/www.tvturk.com\/index.php\/wp-json\/wp\/v2\/tags?post=174198"}],"curies":[{"name":"wp","href":"https:\/\/api.w.org\/{rel}","templated":true}]}}