{"id":174218,"date":"2019-06-26T13:02:14","date_gmt":"2019-06-26T10:02:14","guid":{"rendered":"http:\/\/www.tvturk.com\/index.php\/ikiz-halterciler-dunyaya-meydan-okuyor\/"},"modified":"2019-06-26T13:02:14","modified_gmt":"2019-06-26T10:02:14","slug":"ikiz-halterciler-dunyaya-meydan-okuyor","status":"publish","type":"post","link":"http:\/\/www.tvturk.com\/index.php\/ikiz-halterciler-dunyaya-meydan-okuyor\/","title":{"rendered":"\u0130kiz halterciler d\u00fcnyaya meydan okuyor"},"content":{"rendered":"<p>Gaziantep\u2019te ya\u015fayan tek yumurta ikizleri 18 ya\u015f\u0131ndaki Duygu ve Burcu Al\u0131c\u0131, be\u015f y\u0131ld\u0131r yapt\u0131klar\u0131 halterde ba\u015far\u0131lar\u0131 ile dikkat \u00e7ekiyor. \u0130kizler kald\u0131rd\u0131klar\u0131 onlarca kiloluk a\u011f\u0131rl\u0131klarla d\u00fcnyaya meydan okurken, hedeflerini ise 2020 olimpiyat oyunlar\u0131nda alt\u0131n madalya olarak belirledi.<\/p>\n<p>Gaziantep\u2019te ya\u015fayan tek yumurta ikizleri Duygu ve Burcu Al\u0131c\u0131 halterdeki gayretleri ve ba\u015far\u0131lar\u0131 ile dikkat \u00e7ekiyor. Do\u011fduklar\u0131 g\u00fcnden beri birbirinden hi\u00e7 ayr\u0131lmayan ikizler, yakla\u015f\u0131k be\u015f bu\u00e7uk y\u0131ld\u0131r u\u011fra\u015ft\u0131klar\u0131 halterde de birbirinden kopamad\u0131lar. Milli tak\u0131m antren\u00f6r\u00fc Cevdet Do\u011fan y\u00f6netiminde \u00e7al\u0131\u015fmalar\u0131na devam eden ikizler, elde ettikleri T\u00fcrkiye \u015fampiyonluklar\u0131, ikincilikleri ve \u00fc\u00e7\u00fcnc\u00fcl\u00fckleri ile ba\u015far\u0131dan ba\u015far\u0131ya ko\u015fuyor.<\/p>\n<p>Kazand\u0131klar\u0131 madalyalarla milli sporcu stat\u00fcs\u00fcne al\u0131nan, hedeflerini 2020 ve 2024 olimpiyat oyunlar\u0131na kat\u0131larak T\u00fcrkiye\u2019ye alt\u0131n madalya getirmek olarak belirleyen ikizlerin tek s\u0131k\u0131nt\u0131s\u0131 ise yap\u0131lan itirazlar nedeniyle ayn\u0131 s\u0131klette yar\u0131\u015famamak.<\/p>\n<p>&#8220;Beraber ayn\u0131 sporu yapmak g\u00fczel bir duygu&#8221;<\/p>\n<p>Beraber spor yapman\u0131n g\u00fczel ve farkl\u0131 bir duygu oldu\u011funu s\u00f6yleyen ikizlerden Duygu Al\u0131c\u0131, &#8220;\u0130kizimle beraber ayn\u0131 sporu yapmak \u00e7ok g\u00fczel bir duygu. Yani normal hayatta da spor ya\u015fant\u0131m\u0131zda da her s\u0131k\u0131nt\u0131y\u0131 beraber \u00e7\u00f6zmeye \u00e7al\u0131\u015f\u0131yoruz. Ama beraber spor yapman\u0131n olumsuz yanlar\u0131 da var. \u00c7\u00fcnk\u00fc birimiz ba\u015far\u0131l\u0131 olup di\u011feri olamay\u0131nca bir \u015feyler eksik kal\u0131yormu\u015f gibi oluyor, birimiz \u00fcz\u00fcl\u00fcnce di\u011ferimiz de \u00fcz\u00fcl\u00fcyor&#8221; derken, Burcu Al\u0131c\u0131 ise, &#8220;Ayn\u0131 spor dal\u0131nda beraber olmak \u00e7ok g\u00fczel bir \u015fey. \u0130yi de olsak, k\u00f6t\u00fc de olsak birbirimizi s\u00fcrekli destekliyoruz. Bunun dezavantajlar\u0131 da var tabi. Baz\u0131 \u015fampiyonalarda bizi kar\u0131\u015ft\u0131r\u0131yorlar. Ba\u015far\u0131da ve ba\u015far\u0131s\u0131zl\u0131kta beraber sevinip \u00fcz\u00fcl\u00fcyoruz. Birimiz sakatlan\u0131nca di\u011ferimiz de ac\u0131 \u00e7ekiyor&#8221; dedi.<\/p>\n<p>&#8220;Benzerli\u011fimiz y\u00fcz\u00fcnden \u00e7ok itiraz oluyordu&#8221;<\/p>\n<p>Ge\u00e7mi\u015fte baz\u0131 \u015fampiyonlara beraber kat\u0131ld\u0131klar\u0131 i\u00e7in \u00e7ok s\u0131k\u0131nt\u0131 ya\u015fad\u0131klar\u0131n\u0131 da a\u00e7\u0131klayan Duygu Al\u0131c\u0131, &#8220;Baz\u0131 \u015fampiyonalarda kar\u0131\u015ft\u0131r\u0131yorlar bizi. Yani rakipler ve hakemler birbirimizin yerine yar\u0131\u015ft\u0131\u011f\u0131m\u0131z\u0131 d\u00fc\u015f\u00fcn\u00fcyor. Hatta bir \u015fampiyonada hakk\u0131m\u0131z\u0131 yediler. O d\u00f6nem ayn\u0131 s\u0131klette yar\u0131\u015f\u0131yorduk. \u00d6nce ben yar\u0131\u015ft\u0131m sonra da ikizim yar\u0131\u015ft\u0131. Birbirimizin yerine yar\u0131\u015ft\u0131\u011f\u0131m\u0131z\u0131 d\u00fc\u015f\u00fcn\u00fcp bizi diskalifiye ettiler. Puan\u0131m\u0131z\u0131 ge\u00e7ersiz sayd\u0131lar. Sonras\u0131nda ise ayn\u0131 s\u0131klette yar\u0131\u015fmay\u0131 b\u0131rakt\u0131k&#8221; ifadelerini kulland\u0131.<\/p>\n<p>\u0130kizler ba\u015far\u0131lar\u0131 ile dikkat \u00e7ekiyor<\/p>\n<p>Halterdeki ba\u015far\u0131lar\u0131ndan da bahseden ikizlerden Duygu Al\u0131c\u0131, &#8220;Avrupa yar\u0131\u015flar\u0131nda Kosova\u2019da, \u0130talya koparma ve Polonya koparmada d\u00f6rd\u00fcnc\u00fcl\u00fc\u011f\u00fcm var. Uluslararas\u0131 ma\u00e7ta ikincili\u011fim, T\u00fcrkiye \u015fampiyonlu\u011fu, ikincili\u011fi ve \u00fc\u00e7\u00fcnc\u00fcl\u00fc\u011f\u00fc gibi ba\u015far\u0131lar\u0131m var. Ayr\u0131ca bir T\u00fcrkiye rekorum var&#8221; derken Burcu Al\u0131c\u0131 ise, &#8220;Ben de uluslararas\u0131 seminere kat\u0131ld\u0131m. Ayr\u0131ca T\u00fcrkiye birincili\u011fi, ikincili\u011fi ve \u00fc\u00e7\u00fcnc\u00fcl\u00fc\u011f\u00fc elde ettim. Bir kez Ankara\u2019da silkme rekoru k\u0131rm\u0131\u015ft\u0131m&#8221; diyerek ba\u015far\u0131lar\u0131n\u0131 s\u0131ralad\u0131.<\/p>\n<p>&#8220;Ailemiz \u00e7ok destek oluyor&#8221;<\/p>\n<p>Ailelerinin kendilerine \u00e7ok destek verdi\u011fini s\u00f6yleyen ikizler, &#8220;Ailemizin deste\u011fi olmasayd\u0131 biz bu kadar ba\u015far\u0131l\u0131 olamazd\u0131k. \u0130lk ba\u015flarda bu sporu yapmam\u0131za kar\u015f\u0131 \u00e7\u0131kt\u0131lar ama sonras\u0131nda il baz\u0131nda ve T\u00fcrkiye genelinde madalyalar al\u0131nca onlar da g\u00fc\u00e7l\u00fc bir \u015fekilde bizi desteklemeye devam ettiler&#8221; ifadelerini kulland\u0131.<\/p>\n<p>&#8220;Alt\u0131n madalya al\u0131p bayra\u011f\u0131m\u0131z dalgaland\u0131rmak istiyoruz&#8221;<\/p>\n<p>Hedeflerinden bahseden ve ama\u00e7lar\u0131n\u0131n T\u00fcrkiye\u2019ye alt\u0131n madalya getirmek oldu\u011funu vurgulayan ikizler, &#8220;\u00d6ncelikli amac\u0131m\u0131z beraber bir uluslararas\u0131 ma\u00e7a \u00e7\u0131k\u0131p madalya almak istiyoruz. Sonras\u0131nda ise 2020 ve 2024 olimpiyat oyunlar\u0131na kat\u0131l\u0131p madalya almak, bayra\u011f\u0131m\u0131z\u0131 en g\u00fczel \u015fekilde dalgaland\u0131rmak istiyoruz. Avrupa ve D\u00fcnya \u015fampiyonalar\u0131nda \u015fampiyonluk hedefliyoruz&#8221; ifadelerine yer verdiler.<\/p>\n<p>Antren\u00f6r Cevdet Do\u011fan: &#8220;\u0130kizler \u00e7ok ba\u015far\u0131l\u0131 ve karakterli&#8221;<\/p>\n<p>\u0130kizlerin antren\u00f6rl\u00fc\u011f\u00fcn\u00fc yapan halter milli tak\u0131m antren\u00f6r\u00fc Cevdet Do\u011fan ise, &#8220;\u0130kizlerle \u00e7al\u0131\u015fmak ilk ba\u015flarda biraz zor oldu ama sonras\u0131nda al\u0131\u015ft\u0131k. Sporcular i\u00e7in insanl\u0131k ve karakter \u00e7ok \u00f6nemli. \u0130kizlerde de bu var. Ba\u015far\u0131lar\u0131n\u0131 ve performanslar\u0131n\u0131 ise anlatmaya gerek yok. \u0130kisi de ger\u00e7ekten \u00e7ok ba\u015far\u0131l\u0131 ve T\u00fcrkiye rekortmenleri. Ben umuyorum ki ileride daha iyi olacaklar. Hedefimiz Avrupa ve D\u00fcnya \u015fampiyonluklar\u0131 ve bunun i\u00e7in u\u011fra\u015f\u0131yoruz&#8221; \u015feklinde konu\u015ftu.<\/p>\n<p>&#8220;\u0130kizleri ayn\u0131 s\u0131klette yar\u0131\u015ft\u0131ram\u0131yoruz&#8221;<\/p>\n<p>\u0130kizlerle \u00e7al\u0131\u015fman\u0131n ilk zamanlarda biraz zor oldu\u011funu ve baz\u0131 \u015fampiyonalarda s\u0131k\u0131nt\u0131 ya\u015fad\u0131klar i\u00e7in ayn\u0131 s\u0131klette yar\u0131\u015ft\u0131rmad\u0131klar\u0131n\u0131 dile getiren Do\u011fan, &#8220;Uzun y\u0131llard\u0131r beraber \u00e7al\u0131\u015f\u0131yoruz ve ikizler \u00e7ok ba\u015far\u0131l\u0131. Ama ikizleri ya\u015fad\u0131\u011f\u0131m\u0131z baz\u0131 s\u0131k\u0131nt\u0131lardan dolay\u0131 ayn\u0131 s\u0131klette yar\u0131\u015ft\u0131rm\u0131yoruz. Beraber yar\u0131\u015ft\u0131klar\u0131 zamanlarda rakiplerden \u00e7ok itiraz geliyor. \u00c7\u00fcnk\u00fc ikizlerimiz genelde ilk iki s\u0131ray\u0131 al\u0131yordu. Ayn\u0131 sporcuyu ikinci defa yar\u0131\u015ft\u0131rd\u0131\u011f\u0131m\u0131z iddia ediliyordu. O y\u00fczden ikisini ayn\u0131 s\u0131klette yar\u0131\u015ft\u0131rm\u0131yoruz art\u0131k&#8221; diye konu\u015ftu.<\/p>\n","protected":false},"excerpt":{"rendered":"<p>BURCU (SOL) &#8211; DUYGU (SA\u011e) ALICI.<\/p>\n","protected":false},"author":1,"featured_media":0,"comment_status":"closed","ping_status":"open","sticky":false,"template":"","format":"standard","meta":{"jetpack_post_was_ever_published":false,"_jetpack_newsletter_access":"","_jetpack_dont_email_post_to_subs":false,"_jetpack_newsletter_tier_id":0,"_jetpack_memberships_contains_paywalled_content":false,"_jetpack_memberships_contains_paid_content":false,"footnotes":"","jetpack_publicize_message":"","jetpack_publicize_feature_enabled":true,"jetpack_social_post_already_shared":true,"jetpack_social_options":{"image_generator_settings":{"template":"highway","default_image_id":0,"font":"","enabled":false},"version":2}},"categories":[657],"tags":[2124,42320,11032,1872,17383],"class_list":["post-174218","post","type-post","status-publish","format-standard","hentry","category-spor","tag-dunyaya","tag-halterciler","tag-ikiz","tag-meydan","tag-okuyor"],"jetpack_publicize_connections":[],"jetpack_featured_media_url":"","jetpack_sharing_enabled":true,"jetpack_shortlink":"https:\/\/wp.me\/paKIfm-JjY","_links":{"self":[{"href":"http:\/\/www.tvturk.com\/index.php\/wp-json\/wp\/v2\/posts\/174218","targetHints":{"allow":["GET"]}}],"collection":[{"href":"http:\/\/www.tvturk.com\/index.php\/wp-json\/wp\/v2\/posts"}],"about":[{"href":"http:\/\/www.tvturk.com\/index.php\/wp-json\/wp\/v2\/types\/post"}],"author":[{"embeddable":true,"href":"http:\/\/www.tvturk.com\/index.php\/wp-json\/wp\/v2\/users\/1"}],"replies":[{"embeddable":true,"href":"http:\/\/www.tvturk.com\/index.php\/wp-json\/wp\/v2\/comments?post=174218"}],"version-history":[{"count":0,"href":"http:\/\/www.tvturk.com\/index.php\/wp-json\/wp\/v2\/posts\/174218\/revisions"}],"wp:attachment":[{"href":"http:\/\/www.tvturk.com\/index.php\/wp-json\/wp\/v2\/media?parent=174218"}],"wp:term":[{"taxonomy":"category","embeddable":true,"href":"http:\/\/www.tvturk.com\/index.php\/wp-json\/wp\/v2\/categories?post=174218"},{"taxonomy":"post_tag","embeddable":true,"href":"http:\/\/www.tvturk.com\/index.php\/wp-json\/wp\/v2\/tags?post=174218"}],"curies":[{"name":"wp","href":"https:\/\/api.w.org\/{rel}","templated":true}]}}