{"id":174226,"date":"2019-06-26T13:16:23","date_gmt":"2019-06-26T10:16:23","guid":{"rendered":"http:\/\/www.tvturk.com\/index.php\/15-temmuz-sonrasi-konyada-ilk-uluslararasi-anadolu-kartali-egitim-tatbikati\/"},"modified":"2019-06-26T13:16:23","modified_gmt":"2019-06-26T10:16:23","slug":"15-temmuz-sonrasi-konyada-ilk-uluslararasi-anadolu-kartali-egitim-tatbikati","status":"publish","type":"post","link":"http:\/\/www.tvturk.com\/index.php\/15-temmuz-sonrasi-konyada-ilk-uluslararasi-anadolu-kartali-egitim-tatbikati\/","title":{"rendered":"15 Temmuz sonras\u0131 Konya\u2019da ilk \u201cUluslararas\u0131 Anadolu Kartal\u0131 E\u011fitim Tatbikat\u0131\u201d"},"content":{"rendered":"<p>T\u00fcrk Hava Kuvvetleri Komutanl\u0131\u011f\u0131\u2019nca her y\u0131l d\u00fczenlenen ve 15 Temmuz darbe giri\u015fi sonras\u0131nda ara verilen \u201cUluslararas\u0131 Anadolu Kartal\u0131 E\u011fitim Tatbikat\u0131\u201d yeniden ba\u015flad\u0131.<\/p>\n<p>Konya 3\u2019nc\u00fc Ana Jet \u00dcs Komutanl\u0131\u011f\u0131nda 17-28 Haziran tarihleri aras\u0131nda d\u00fczenlenen Uluslararas\u0131 Anadolu Kartal\u0131 E\u011fitim Tatbikat\u0131, 15 Temmuz -darbe giri\u015fimi sonras\u0131nda ilk kez yap\u0131ld\u0131. 3 y\u0131l aran\u0131n ard\u0131ndan ger\u00e7ekle\u015ftirilen tatbikat T\u00fcrkiye\u2019nin ev sahipli\u011finde ger\u00e7ekle\u015ftirilirken, e\u011fitime ABD, Azerbaycan, \u0130talya, Katar, NATO, Pakistan ve \u00dcrd\u00fcn kat\u0131ld\u0131.<\/p>\n<p>T\u00fcrkiye\u2019nin g\u00fcndeminde yer alan ABD F-35\u2019leri getirmedi<\/p>\n<p>Amerika Birle\u015fik Devletleri (ABD) de tatbikata kat\u0131lan \u00fclkeler aras\u0131nda yer ald\u0131. ABD tatbikata son zamanlarda T\u00fcrkiye\u2019yi yak\u0131ndan ilgilendiren 5\u2019inci nesil F-35 sava\u015f u\u00e7aklar\u0131yla de\u011fil, F-15\u2019lerle kat\u0131ld\u0131.<\/p>\n<p>Anadolu Kartal\u0131 D\u00fcnyadaki 3 taktik merkezi aras\u0131nda<\/p>\n<p>Anadolu Kartal\u0131 E\u011fitim Tatbikat\u0131n\u0131n yap\u0131laca\u011f\u0131 alan 400 kilometre uzunluk ve 300 kilometre geni\u015fli\u011fe sahip, bu kapsamda, bir senaryo dahilinde ger\u00e7e\u011fe yak\u0131n sava\u015f ortam\u0131nda t\u00fcm kat\u0131l\u0131mc\u0131lar\u0131n bilgi, beceri ve tecr\u00fcbelerinin payla\u015f\u0131lmas\u0131 ve birle\u015fik harekata y\u00f6nelik e\u011fitim seviyelerinin y\u00fckseltilmesi hedeflenirken, yeni taktik ve tekniklerin denenmesi imkanlar\u0131 sa\u011fland\u0131. \u00d6te yandan, Anadolu Kartal\u0131 E\u011fitim Merkezi, d\u00fcnyada benzer imkanlara sahip \u00fc\u00e7 taktik e\u011fitim merkezleri aras\u0131nda yer al\u0131yor. Ayr\u0131ca, Avrupa\u2019da yer alan tek taktik e\u011fitim merkezi olma \u00f6zelli\u011fi ta\u015f\u0131yor. Merkezin kurulu\u015fundan bug\u00fcne kadar 15 \u00fclke\u2019nin kat\u0131l\u0131m\u0131yla 23 d\u00f6nemi uluslararas\u0131, 18 d\u00f6nemi milli olmak \u00fczere toplam 41 e\u011fitim d\u00f6nemi uygulanarak ortalama 24 bin sorti u\u00e7u\u015f yap\u0131ld\u0131.<\/p>\n<p>Anadolu Kartal\u0131 E\u011fitim Tatbikat\u0131na, Hava Kuvvetleri Komutanl\u0131\u011f\u0131\u2019na ba\u011fl\u0131 31 adet F-4 ve F-16 sava\u015f u\u00e7a\u011f\u0131, 1 adet KC 135 (tanker u\u00e7ak), 2 adet CN-235 ve C-130 (nakliye u\u00e7a\u011f\u0131), 1 adet AS-532 (helikopter), 1 adet Hava Erken \u0130hbar U\u00e7a\u011f\u0131 (H\u0130K), Deniz Kuvvetleri Komutanl\u0131\u011f\u0131na ba\u011fl\u0131 2 F\u0131rkateyn ve 1 H\u00fccumbot, ABD 6 F-15 adet sava\u015f u\u00e7a\u011f\u0131, Azerbaycan 3 aktif g\u00f6zlemci, \u0130talya 3 adet sava\u015f u\u00e7a\u011f\u0131, Katar 2 adet C-17 ve C-130 (kargo u\u00e7a\u011f\u0131), NATO Hava Erken \u0130hbar U\u00e7a\u011f\u0131, Pakistan 5 adet sava\u015f u\u00e7a\u011f\u0131, \u00dcrd\u00fcn ise 3 adet sava\u015f u\u00e7a\u011f\u0131 ile kat\u0131l\u0131m sa\u011flad\u0131.<\/p>\n<p>Pilotlardan bas\u0131n mensuplar\u0131na poz<\/p>\n<p>Aprona yana\u015farak kalk\u0131\u015f s\u0131ras\u0131n\u0131 bekleyen F-4, F-16, JF-17 tipi sava\u015f u\u00e7aklar\u0131ndaki yerli ve yabanc\u0131 pilotlar kalk\u0131\u015f \u00f6ncesinde bas\u0131n mensuplar\u0131na de\u011fi\u015fik pozlar vermeyi de ihmal etmedi.<\/p>\n<p>316 bas\u0131n mensubu takip etti<\/p>\n<p>\u00d6te yandan, Anadolu Kartal\u0131 E\u011fitim Tatbikat\u0131 kapsam\u0131nda 187\u2019si T\u00fcrk, 129\u2019u yabanc\u0131 olmak \u00fczere toplamda 316 bas\u0131n mensubu da tatbikat\u0131 takip etti.<\/p>\n","protected":false},"excerpt":{"rendered":"<p>T\u00dcRK HAVA KUVVETLER\u0130 KOMUTANLI\u011eI\u2019NCA HER YIL D\u00dcZENLENEN VE 15 TEMMUZ DARBE G\u0130R\u0130\u015e\u0130 SONRASINDA ARA VER\u0130LEN \u201cULUSLARARASI ANADOLU KARTALI E\u011e\u0130T\u0130M TATB\u0130KATI\u201d YEN\u0130DEN BA\u015eLADI.<\/p>\n","protected":false},"author":1,"featured_media":0,"comment_status":"closed","ping_status":"open","sticky":false,"template":"","format":"standard","meta":{"jetpack_post_was_ever_published":false,"_jetpack_newsletter_access":"","_jetpack_dont_email_post_to_subs":false,"_jetpack_newsletter_tier_id":0,"_jetpack_memberships_contains_paywalled_content":false,"_jetpack_memberships_contains_paid_content":false,"footnotes":"","jetpack_publicize_message":"","jetpack_publicize_feature_enabled":true,"jetpack_social_post_already_shared":true,"jetpack_social_options":{"image_generator_settings":{"template":"highway","default_image_id":0,"font":"","enabled":false},"version":2}},"categories":[1],"tags":[4839,1223,398,37,21350,2980,36,222,1148],"class_list":["post-174226","post","type-post","status-publish","format-standard","hentry","category-genel","tag-uluslararasi","tag-anadolu","tag-egitim","tag-ilk","tag-kartali","tag-konyada","tag-sonrasi","tag-tatbikati","tag-temmuz"],"jetpack_publicize_connections":[],"jetpack_featured_media_url":"","jetpack_sharing_enabled":true,"jetpack_shortlink":"https:\/\/wp.me\/paKIfm-Jk6","_links":{"self":[{"href":"http:\/\/www.tvturk.com\/index.php\/wp-json\/wp\/v2\/posts\/174226","targetHints":{"allow":["GET"]}}],"collection":[{"href":"http:\/\/www.tvturk.com\/index.php\/wp-json\/wp\/v2\/posts"}],"about":[{"href":"http:\/\/www.tvturk.com\/index.php\/wp-json\/wp\/v2\/types\/post"}],"author":[{"embeddable":true,"href":"http:\/\/www.tvturk.com\/index.php\/wp-json\/wp\/v2\/users\/1"}],"replies":[{"embeddable":true,"href":"http:\/\/www.tvturk.com\/index.php\/wp-json\/wp\/v2\/comments?post=174226"}],"version-history":[{"count":0,"href":"http:\/\/www.tvturk.com\/index.php\/wp-json\/wp\/v2\/posts\/174226\/revisions"}],"wp:attachment":[{"href":"http:\/\/www.tvturk.com\/index.php\/wp-json\/wp\/v2\/media?parent=174226"}],"wp:term":[{"taxonomy":"category","embeddable":true,"href":"http:\/\/www.tvturk.com\/index.php\/wp-json\/wp\/v2\/categories?post=174226"},{"taxonomy":"post_tag","embeddable":true,"href":"http:\/\/www.tvturk.com\/index.php\/wp-json\/wp\/v2\/tags?post=174226"}],"curies":[{"name":"wp","href":"https:\/\/api.w.org\/{rel}","templated":true}]}}