{"id":174244,"date":"2019-06-26T13:46:22","date_gmt":"2019-06-26T10:46:22","guid":{"rendered":"http:\/\/www.tvturk.com\/index.php\/gursu-belediyesi-eurodesk-temas-noktasi-oldu\/"},"modified":"2019-06-26T13:46:22","modified_gmt":"2019-06-26T10:46:22","slug":"gursu-belediyesi-eurodesk-temas-noktasi-oldu","status":"publish","type":"post","link":"http:\/\/www.tvturk.com\/index.php\/gursu-belediyesi-eurodesk-temas-noktasi-oldu\/","title":{"rendered":"G\u00fcrsu Belediyesi \u201cEurodesk temas noktas\u0131\u201d oldu"},"content":{"rendered":"<p>Bursa\u2019n\u0131n G\u00fcrsu Belediyesi taraf\u0131ndan AB E\u011fitim ve Gen\u00e7lik Programlar\u0131 Merkezi Ba\u015fkanl\u0131\u011f\u0131\u2019na sunulan Eurodesk temas noktas\u0131 ba\u015fvurusu kabul edildi.<\/p>\n<p>G\u00fcrsu  Belediyesi K\u0131rsal Hizmetler M\u00fcd\u00fcrl\u00fc\u011f\u00fc taraf\u0131ndan haz\u0131rlanan proje ba\u015fvurusu D\u0131\u015fi\u015fleri  Bakanl\u0131\u011f\u0131 taraf\u0131ndan uygun g\u00f6r\u00fcld\u00fc. Belediye Ba\u015fkan\u0131   Mustafa  I\u015f\u0131k, \u201cGen\u00e7lerimiz i\u00e7in e\u011fitim ve gen\u00e7lik alanlar\u0131ndaki Avrupa f\u0131rsatlar\u0131 ve gen\u00e7lerimizin Avrupa faaliyetlerine i\u015ftiraki hakk\u0131nda bilgi sa\u011flayan Avrupa Bilgi A\u011f\u0131 olan Eurodesk\u2019in temas noktas\u0131 olmam\u0131z, il\u00e7emizde ya\u015fayan gen\u00e7lerimiz i\u00e7in \u00f6nemli olanaklar sunmakta. Yerelde Avrupa Birli\u011fi f\u0131rsatlar\u0131n\u0131 gen\u00e7lerimize sunman\u0131n mutlulu\u011funu ya\u015f\u0131yoruz. Belediyemizin Avrupa Birli\u011fi fonlar\u0131ndan yararlanmas\u0131 konusunda \u00e7al\u0131\u015fmalar\u0131m\u0131z s\u00fcrmekte\u201d dedi.<\/p>\n<p>G\u00fcrsu Belediyesi K\u0131rsal Kalk\u0131nma M\u00fcd\u00fcr\u00fc ve AB Proje Koordinat\u00f6r\u00fc \u00d6zg\u00fcr Aycil, \u201cEurodesk temas noktas\u0131 olma, \u00fccretsiz soru cevaplama hizmeti, soru sahiplerine yard\u0131m hizmetleri, fonlarla ilgili Avrupa bilgisine internet eri\u015fimi sa\u011flanmas\u0131, e\u011fitimler d\u00fczenlenmesi ve destek hizmetleri, konferanslar, seminerler ve di\u011fer faaliyetlerin d\u00fczenlenmesi, kaynak materyallerin bas\u0131lmas\u0131 ve da\u011f\u0131t\u0131lmas\u0131, Gen\u00e7lik Program\u0131 ile ilgili bilgilerin yayg\u0131nla\u015ft\u0131r\u0131lmas\u0131 gibi olanaklar sunmaktad\u0131r\u201d dedi.<\/p>\n","protected":false},"excerpt":{"rendered":"<p>G\u00dcRSU BELED\u0130YES\u0130 TARAFINDAN AB E\u011e\u0130T\u0130M VE GEN\u00c7L\u0130K PROGRAMLARI MERKEZ\u0130 BA\u015eKANLI\u011eI\u2019NA SUNULAN EURODESK TEMAS NOKTASI BA\u015eVURUSU KABUL ED\u0130LD\u0130.<\/p>\n","protected":false},"author":1,"featured_media":0,"comment_status":"closed","ping_status":"open","sticky":false,"template":"","format":"standard","meta":{"jetpack_post_was_ever_published":false,"_jetpack_newsletter_access":"","_jetpack_dont_email_post_to_subs":false,"_jetpack_newsletter_tier_id":0,"_jetpack_memberships_contains_paywalled_content":false,"_jetpack_memberships_contains_paid_content":false,"footnotes":"","jetpack_publicize_message":"","jetpack_publicize_feature_enabled":true,"jetpack_social_post_already_shared":true,"jetpack_social_options":{"image_generator_settings":{"template":"highway","default_image_id":0,"font":"","enabled":false},"version":2}},"categories":[1],"tags":[42327,383,6155,103,77,3484],"class_list":["post-174244","post","type-post","status-publish","format-standard","hentry","category-genel","tag-eurodesk","tag-belediyesi","tag-gursu","tag-noktasi","tag-oldu","tag-temas"],"jetpack_publicize_connections":[],"jetpack_featured_media_url":"","jetpack_sharing_enabled":true,"jetpack_shortlink":"https:\/\/wp.me\/paKIfm-Jko","_links":{"self":[{"href":"http:\/\/www.tvturk.com\/index.php\/wp-json\/wp\/v2\/posts\/174244","targetHints":{"allow":["GET"]}}],"collection":[{"href":"http:\/\/www.tvturk.com\/index.php\/wp-json\/wp\/v2\/posts"}],"about":[{"href":"http:\/\/www.tvturk.com\/index.php\/wp-json\/wp\/v2\/types\/post"}],"author":[{"embeddable":true,"href":"http:\/\/www.tvturk.com\/index.php\/wp-json\/wp\/v2\/users\/1"}],"replies":[{"embeddable":true,"href":"http:\/\/www.tvturk.com\/index.php\/wp-json\/wp\/v2\/comments?post=174244"}],"version-history":[{"count":0,"href":"http:\/\/www.tvturk.com\/index.php\/wp-json\/wp\/v2\/posts\/174244\/revisions"}],"wp:attachment":[{"href":"http:\/\/www.tvturk.com\/index.php\/wp-json\/wp\/v2\/media?parent=174244"}],"wp:term":[{"taxonomy":"category","embeddable":true,"href":"http:\/\/www.tvturk.com\/index.php\/wp-json\/wp\/v2\/categories?post=174244"},{"taxonomy":"post_tag","embeddable":true,"href":"http:\/\/www.tvturk.com\/index.php\/wp-json\/wp\/v2\/tags?post=174244"}],"curies":[{"name":"wp","href":"https:\/\/api.w.org\/{rel}","templated":true}]}}