{"id":174298,"date":"2019-06-26T14:46:00","date_gmt":"2019-06-26T11:46:00","guid":{"rendered":"http:\/\/www.tvturk.com\/index.php\/guney-korede-ilkokulda-yangin-2-yarali\/"},"modified":"2019-06-26T14:46:00","modified_gmt":"2019-06-26T11:46:00","slug":"guney-korede-ilkokulda-yangin-2-yarali","status":"publish","type":"post","link":"http:\/\/www.tvturk.com\/index.php\/guney-korede-ilkokulda-yangin-2-yarali\/","title":{"rendered":"G\u00fcney Kore\u2019de ilkokulda yang\u0131n: 2 yaral\u0131"},"content":{"rendered":"<p>G\u00fcney Kore\u2019nin ba\u015fkenti Seul\u2019de 5 katl\u0131 bir ilkokul binas\u0131nda \u00e7\u0131kan yang\u0131nda 2 \u00f6\u011fretmen yaraland\u0131.<\/p>\n<p>G\u00fcney Kore\u2019nin ba\u015fkenti Seul\u2019\u00fcn Eunpyeong-gu il\u00e7esinde Eunmyeong \u0130lkokulunda yang\u0131n \u00e7\u0131kt\u0131. \u0130tfaiyeden yap\u0131lan a\u00e7\u0131klamada, okulun giri\u015finde bir arabada yang\u0131n \u00e7\u0131kt\u0131\u011f\u0131, alevlerin daha sonra 5 katl\u0131 okul binas\u0131na s\u0131\u00e7rad\u0131\u011f\u0131 belirtildi. Okulda bulunan 116 \u00f6\u011frenci ve 9 \u00f6\u011fretmen tahliye edildi. Be\u015finci katta bulunan 2 \u00f6\u011fretmen de itfaiye taraf\u0131ndan tahliye edildi. Dumandan etkilenerek solunum zorlu\u011fu \u00e7eken \u00f6\u011fretmenler hastaneye kald\u0131r\u0131ld\u0131.<\/p>\n<p>Yang\u0131n\u0131n nedenini saptamak i\u00e7in soru\u015fturma ba\u015flat\u0131ld\u0131.<\/p>\n","protected":false},"excerpt":{"rendered":"<p>G\u00dcNEY KORE&#8217;N\u0130N BA\u015eKENT\u0130 SEUL&#8217;DE 5 KATLI B\u0130R \u0130LKOKULDA \u00c7IKAN YANGINDA  2 \u00d6\u011eRETMEN YARALANDI<\/p>\n","protected":false},"author":1,"featured_media":0,"comment_status":"closed","ping_status":"open","sticky":false,"template":"","format":"standard","meta":{"jetpack_post_was_ever_published":false,"_jetpack_newsletter_access":"","_jetpack_dont_email_post_to_subs":false,"_jetpack_newsletter_tier_id":0,"_jetpack_memberships_contains_paywalled_content":false,"_jetpack_memberships_contains_paid_content":false,"footnotes":"","jetpack_publicize_message":"","jetpack_publicize_feature_enabled":true,"jetpack_social_post_already_shared":true,"jetpack_social_options":{"image_generator_settings":{"template":"highway","default_image_id":0,"font":"","enabled":false},"version":2}},"categories":[10],"tags":[9258,38384,23108,1617,774],"class_list":["post-174298","post","type-post","status-publish","format-standard","hentry","category-dunya","tag-guney","tag-ilkokulda","tag-korede","tag-yangin","tag-yarali"],"jetpack_publicize_connections":[],"jetpack_featured_media_url":"","jetpack_sharing_enabled":true,"jetpack_shortlink":"https:\/\/wp.me\/paKIfm-Jlg","_links":{"self":[{"href":"http:\/\/www.tvturk.com\/index.php\/wp-json\/wp\/v2\/posts\/174298","targetHints":{"allow":["GET"]}}],"collection":[{"href":"http:\/\/www.tvturk.com\/index.php\/wp-json\/wp\/v2\/posts"}],"about":[{"href":"http:\/\/www.tvturk.com\/index.php\/wp-json\/wp\/v2\/types\/post"}],"author":[{"embeddable":true,"href":"http:\/\/www.tvturk.com\/index.php\/wp-json\/wp\/v2\/users\/1"}],"replies":[{"embeddable":true,"href":"http:\/\/www.tvturk.com\/index.php\/wp-json\/wp\/v2\/comments?post=174298"}],"version-history":[{"count":0,"href":"http:\/\/www.tvturk.com\/index.php\/wp-json\/wp\/v2\/posts\/174298\/revisions"}],"wp:attachment":[{"href":"http:\/\/www.tvturk.com\/index.php\/wp-json\/wp\/v2\/media?parent=174298"}],"wp:term":[{"taxonomy":"category","embeddable":true,"href":"http:\/\/www.tvturk.com\/index.php\/wp-json\/wp\/v2\/categories?post=174298"},{"taxonomy":"post_tag","embeddable":true,"href":"http:\/\/www.tvturk.com\/index.php\/wp-json\/wp\/v2\/tags?post=174298"}],"curies":[{"name":"wp","href":"https:\/\/api.w.org\/{rel}","templated":true}]}}