{"id":174334,"date":"2019-06-26T15:16:47","date_gmt":"2019-06-26T12:16:47","guid":{"rendered":"http:\/\/www.tvturk.com\/index.php\/gogus-deformitesi-cocuklarin-oz-guveni-kaybolmadan-duzeltilmeli\/"},"modified":"2019-06-26T15:16:47","modified_gmt":"2019-06-26T12:16:47","slug":"gogus-deformitesi-cocuklarin-oz-guveni-kaybolmadan-duzeltilmeli","status":"publish","type":"post","link":"http:\/\/www.tvturk.com\/index.php\/gogus-deformitesi-cocuklarin-oz-guveni-kaybolmadan-duzeltilmeli\/","title":{"rendered":"G\u00f6\u011f\u00fcs deformitesi \u00e7ocuklar\u0131n \u00f6z g\u00fcveni kaybolmadan d\u00fczeltilmeli"},"content":{"rendered":"<p>4.Pektus (Kundurac\u0131 &amp; G\u00fcvercin g\u00f6\u011fs\u00fc) Hasta Okulu Pektus Fark\u0131ndal\u0131k Haftas\u0131 dolay\u0131s\u0131 ile 24-30 Haziran 2019 tarihleri aras\u0131nda  \u00e7e\u015fitli etkinliklerle fark\u0131ndal\u0131\u011fa dikkat \u00e7ekilecek. 2017 y\u0131l\u0131nda hasta ve hasta yak\u0131nlar\u0131 ve g\u00f6n\u00fcll\u00fcler taraf\u0131ndan kurulan Pektus Derne\u011fi, bu fark\u0131ndal\u0131k etkinli\u011fini bir hafta boyunca de\u011fi\u015fik platformlarda g\u00fcndeme ta\u015f\u0131yarak T\u00fcrkiye\u2019nin her taraf\u0131nda bu hastal\u0131\u011fa dikkat \u00e7ekmeyi hedefliyor.<\/p>\n<p>25 Haziran 2019 Sal\u0131 g\u00fcn\u00fc saat 13:30 ile 17:00 aras\u0131nda  Marmara \u00dcniversitesi Pendik E\u011fitim ve Ara\u015ft\u0131rma Hastanesi -2. Kat Prof.Dr.I\u015f\u0131l Barlan konferans salonunda d\u00fczenlenen  Pektus Hasta Okulu ve Fark\u0131ndal\u0131k Konferans\u0131na Cerrahlar, hasta ve hasta yak\u0131nlar\u0131 kat\u0131ld\u0131.<\/p>\n<p>Ba\u015fkanl\u0131\u011f\u0131n\u0131 Marmara \u00dcniversitesi Pendik E\u011fitim ve Ara\u015ft\u0131rma Hastanesi G\u00f6\u011f\u00fcs Cerrahisi Anabilim Dal\u0131 Ba\u015fkan\u0131 Prof.Dr.Bedrettin Y\u0131ld\u0131zeli ve Prof.Dr.Mustafa Y\u00fcksel\u2019in  yapt\u0131\u011f\u0131  konferansta;<\/p>\n<p>Hasta hikayelerinin dillendirildi\u011fi hastal\u0131k ve  tedavi s\u00fcreci ile ilgili ya\u015fananlar\u0131n kar\u015f\u0131l\u0131kl\u0131 anlat\u0131ld\u0131\u011f\u0131, fikir al\u0131\u015fveri\u015finin yap\u0131ld\u0131\u011f\u0131  bir s\u00f6yle\u015fi oldu\u011fu belirtildi. Bu hastal\u0131kla ilgi olarak, G\u00f6\u011f\u00fcs Kalp-Damar Cerrahisi Uzman\u0131 Prof.Dr.Mustafa Y\u00fcksel her y\u0131l oldu\u011fu gibi bu y\u0131l da ama\u00e7lar\u0131n\u0131n Hasta Okulu\u2019nda  en son tedavi tekniklerinin hasta, hasta yak\u0131n\u0131 ve hekimlerle payla\u015f\u0131larak, buna dikkat \u00e7ekilmek istendi\u011fini, bu  y\u0131l da d\u00fcnya \u00fclkelerinin de  ilgi alan\u0131na girmesini sa\u011flamaya \u00e7al\u0131\u015facaklar\u0131n\u0131 ve bunun tedavi edilebilir bir hastal\u0131k oldu\u011funu anlatmay\u0131 ama\u00e7lad\u0131klar\u0131n\u0131 belirtti.<\/p>\n<p>G\u00f6\u011f\u00fcs duvar\u0131 \u015fekil bozukluklar\u0131nda modern tedavi metodlar\u0131yla yeni hayat<\/p>\n<p>Prof.Dr.Mustafa Y\u00fcksel \u201cBu hastal\u0131ktan dolay\u0131 g\u00f6\u011f\u00fcsteki deformasyonun, \u00e7ocuklarda \u00f6z g\u00fcvenin kaybolmas\u0131na sebep olmadan d\u00fczeltilmesi gerekti\u011fini s\u00f6yledi.\u2019\u2019<\/p>\n<p>2000\u2019li y\u0131llarda  ke\u015ffedilen kapal\u0131 ameliyat y\u00f6ntemi ile opere edilen ve  v\u00fccutlar\u0131 yeni bir \u015fekil kazanan hastalar klini\u011fimiz b\u00fcnyesinde bir aile olarak  her y\u0131l d\u00fczenli olarak \u201cPektus Hasta Okulu  Konferanslar\u0131\u2019\u2019 ile bulu\u015fturuldu\u011funu ve<\/p>\n<p>2017 y\u0131l\u0131 itibariyle yakla\u015f\u0131k 750 Pektus Ekskavatum hastas\u0131na NUSS ameliyat\u0131 ger\u00e7ekle\u015ftirildi\u011fini, Pektus ekskavatumun sternum ve k\u0131k\u0131rdak kostalar\u0131n de\u011fi\u015fik derecelerde depresyonu ile karakterize bir anterior g\u00f6\u011f\u00fcs duvar\u0131 deformitesi oldu\u011fu ve g\u00f6\u011f\u00fcs duvar\u0131n\u0131n en s\u0131k rastlanan anomalisi oldu\u011funu s\u00f6yledi.<\/p>\n<p>G\u00f6\u011f\u00fcsteki \u015fekil bozuklu\u011fu do\u011fumdan 1 y\u0131l sonra belirginle\u015fiyor.<\/p>\n<p>Prof.Dr.Mustafa Y\u00fcksel; Deformitenin do\u011fumdan itibaren belirgin olabildi\u011fi veya do\u011fumdan bir y\u0131l sonra ortaya \u00e7\u0131karak ve ilerleme e\u011filimi g\u00f6sterebilen bir hastal\u0131k oldu\u011funu belirtti.  Bu hastal\u0131k genellikle 17 -19 ya\u015flar\u0131nda stabil hale gelir. Olgular\u0131n \u00e7o\u011funda \u00e7\u00f6k\u00fcnt\u00fc sternumun g\u00f6vde k\u0131sm\u0131ndad\u0131r ve derinlik ksifoid seviyesinde maksimum d\u00fczeyde olur, Ksifoid \u00e7\u0131k\u0131nt\u0131 rudimeter,  sternum alt\u0131nda, ayr\u0131k, d\u00f6nm\u00fc\u015f ya da bir tarafa kaym\u0131\u015f olabilir. \u0130lk iki kostan\u0131n \u00e7\u00f6k\u00fcnt\u00fcye kat\u0131lmalar\u0131 nadirdir. Deformite santralize ya da asimetrik olabilir. Asimetrik olgularda \u00e7\u00f6k\u00fcnt\u00fc daha \u00e7ok sa\u011f tarafta g\u00f6r\u00fcl\u00fcr ve sternumun uzun ekseni etraf\u0131nda sa\u011fa rotasyonu olaya eklenir. Bu tip deformitesi olan k\u0131zlarda sa\u011f memenin di\u011ferinden daha k\u00fc\u00e7\u00fck oldu\u011fu g\u00f6r\u00fclebilir. \u015eiddetli pektus ekskavatum olgular\u0131nda \u00e7\u00f6k\u00fcnt\u00fc \u00e7ok derindir ve sternum omurgaya de\u011febilir.<\/p>\n<p>G\u00f6\u011f\u00fcsteki e\u011frilikle birlikte skolyoz (Omurga E\u011frili\u011fi) g\u00f6r\u00fclebilir.<\/p>\n<p>Prof.Dr. Y\u00fcksel \u201cPektus ekskavatumlu hastalar genellikle ince ve yass\u0131 g\u00f6\u011f\u00fcsl\u00fc, hafif kambur duran \u00e7ocuklard\u0131r. Olgular\u0131n d\u00f6rtte birinde skolyoz (Omurga E\u011frili\u011fi) mevcuttur.<\/p>\n<p>Prof.Dr.Y\u00fcksel s\u00f6zlerine \u015f\u00f6yle devam etti;<\/p>\n<p>Pektus ekskavatum anomalisine genel pop\u00fclasyonda 300 do\u011fumda bir rastlanmaktad\u0131r. Erkek\/kad\u0131n oran\u0131 5\/1\u2019dir.  Semptomlar deformitenin derecesiyle ilgilidir, hafif deformiteler genellikle asemptomatiktir. Daha ileri deformitelerde eforla gelen g\u00f6\u011f\u00fcs a\u011fr\u0131s\u0131, \u00e7arp\u0131nt\u0131, hareket k\u0131s\u0131tl\u0131l\u0131\u011f\u0131 g\u00f6r\u00fclebilir. Mitral kapak prolapsusu bu olgularda semptomlar\u0131n sebebi olabilir ve olgular\u0131n %15\u2019inde g\u00f6r\u00fcl\u00fcr. Hastalar\u0131n %20\u2019sine skolyoz yani \u201cOmurga E\u011frili\u011fi\u201d e\u015flik etmekle birlikte Pektus ekskavatumda ciddi kardiyovask\u00fcler ve pulmoner bozukluk olmad\u0131\u011f\u0131 i\u00e7in sorun estetik olarak da de\u011ferlendirilebilir. Ancak orta ve ileri derecede deformitesi olan \u00e7ocuklarda ameliyat\u0131n \u00e7ocuklar\u0131n fiziksel kapasitelerine de katk\u0131 yapt\u0131\u011f\u0131 bilinmekte oldu\u011funun alt\u0131n\u0131 \u00e7izerek belirtti.<\/p>\n<p>Y\u00fcksel Hastalar\u0131n \u00f6zellikle 18 ya\u015f\u0131ndan \u00f6nce ameliyat olmalar\u0131 hastan\u0131n hem moralmen hem de psikolojik olarak kendisini daha rahat toparlamas\u0131n\u0131 sa\u011flamaktad\u0131r.<\/p>\n<p>Prof.Dr Mustafa Y\u00fcksel tedavide kulland\u0131\u011f\u0131 \u00e7elik barlar\u0131n d\u0131\u015f men\u015feli olmas\u0131ndaki zorlu s\u00fcreci ortadan kald\u0131rarak bu \u00e7elik barlar\u0131n T\u00fcrkiye\u2019de tasarlan\u0131p \u00fcretilmesini sa\u011flam\u0131\u015ft\u0131r, dolay\u0131s\u0131 ile bu da hastalar\u0131n daha rahat ve k\u0131sa s\u00fcre i\u00e7erisinde tedavi olmalar\u0131na katk\u0131 sa\u011flam\u0131\u015ft\u0131r.<\/p>\n<p>Kullan\u0131lan Y\u00f6ntem d\u00fcnya cerrahlar\u0131 i\u00e7in bir ilk<\/p>\n<p>D\u00fcnyan\u0131n say\u0131l\u0131 merkezlerinde uygulanan bu \u00f6zel ve kapal\u0131 tedavi metodu 2005 y\u0131l\u0131ndan itibaren Marmara \u00dcniversitesi  G\u00f6\u011f\u00fcs Cerrahisi Anabilim Dal\u0131\u2019nda da Prof.Dr.Mustafa Y\u00fcksel taraf\u0131ndan rutin olarak uyguland\u0131\u011f\u0131n\u0131..<\/p>\n<p>Ameliyat tekni\u011fi ve patentini ald\u0131\u011f\u0131 pektus bar\u0131 ile tedavi edilmi\u015f olan 1500 hastas\u0131n\u0131n oldu\u011funu D\u00fcnya\u2019n\u0131n de\u011fi\u015fik \u00fclkelerinden farkl\u0131 bran\u015flardaki 100\u2019e yak\u0131n cerrah\u0131n, kendi resmi talepleri do\u011frultusunda merkezimize gelerek bu cerrahi y\u00f6ntem ile ilgili e\u011fitim ald\u0131klar\u0131n\u0131 belirtti.<\/p>\n<p>Bu yeni tekni\u011fi \u00f6\u011frenmek i\u00e7in d\u00fcnyan\u0131n bir \u00e7ok merkezinden alan\u0131nda uzman doktorlar hastanemizi ziyaret etmektedirler. Prof.Y\u00fcksel\u2019in yeni geli\u015ftiri\u011fi teknik t\u00fcm d\u00fcnyada kendi ad\u0131 ile an\u0131lmaktad\u0131r. (Y\u00fcksel Prosed\u00fcr\u00fc).<\/p>\n<p>Y\u00fcksel , bu ameliyat tekni\u011fini g\u00f6stermek  i\u00e7in \u0130ngiltere, Rusya, Avusturya,  Brezilya, Fransa, Almanya, Bel\u00e7ika,G\u00fcney Afrika, Portekiz, \u0130svi\u00e7re, \u0130spanya, Ukrayna, \u0130srail, Makedonya, Kuveyt ve Hollanda gibi \u00fclkelere giderek 17 de\u011fi\u015fik \u00fclkede ameliyat\u0131 bizzat yaparak e\u011fitim vermi\u015ftir<\/p>\n","protected":false},"excerpt":{"rendered":"<p>MARMARA \u00dcN\u0130VERS\u0130TES\u0130 PEND\u0130K E\u011e\u0130T\u0130M VE ARA\u015eTIRMA HASTANES\u0130NDE PEKTUS HASTA OKULU VE FARKINDALIK KONFERANSI D\u00dcZENLEND\u0130.<\/p>\n","protected":false},"author":1,"featured_media":0,"comment_status":"closed","ping_status":"open","sticky":false,"template":"","format":"standard","meta":{"jetpack_post_was_ever_published":false,"_jetpack_newsletter_access":"","_jetpack_dont_email_post_to_subs":false,"_jetpack_newsletter_tier_id":0,"_jetpack_memberships_contains_paywalled_content":false,"_jetpack_memberships_contains_paid_content":false,"footnotes":"","jetpack_publicize_message":"","jetpack_publicize_feature_enabled":true,"jetpack_social_post_already_shared":true,"jetpack_social_options":{"image_generator_settings":{"template":"highway","default_image_id":0,"font":"","enabled":false},"version":2}},"categories":[1],"tags":[4136,42369,42371,11326,33493,42370,7101],"class_list":["post-174334","post","type-post","status-publish","format-standard","hentry","category-genel","tag-cocuklarin","tag-deformitesi","tag-duzeltilmeli","tag-gogus","tag-guveni","tag-kaybolmadan","tag-oz"],"jetpack_publicize_connections":[],"jetpack_featured_media_url":"","jetpack_sharing_enabled":true,"jetpack_shortlink":"https:\/\/wp.me\/paKIfm-JlQ","_links":{"self":[{"href":"http:\/\/www.tvturk.com\/index.php\/wp-json\/wp\/v2\/posts\/174334","targetHints":{"allow":["GET"]}}],"collection":[{"href":"http:\/\/www.tvturk.com\/index.php\/wp-json\/wp\/v2\/posts"}],"about":[{"href":"http:\/\/www.tvturk.com\/index.php\/wp-json\/wp\/v2\/types\/post"}],"author":[{"embeddable":true,"href":"http:\/\/www.tvturk.com\/index.php\/wp-json\/wp\/v2\/users\/1"}],"replies":[{"embeddable":true,"href":"http:\/\/www.tvturk.com\/index.php\/wp-json\/wp\/v2\/comments?post=174334"}],"version-history":[{"count":0,"href":"http:\/\/www.tvturk.com\/index.php\/wp-json\/wp\/v2\/posts\/174334\/revisions"}],"wp:attachment":[{"href":"http:\/\/www.tvturk.com\/index.php\/wp-json\/wp\/v2\/media?parent=174334"}],"wp:term":[{"taxonomy":"category","embeddable":true,"href":"http:\/\/www.tvturk.com\/index.php\/wp-json\/wp\/v2\/categories?post=174334"},{"taxonomy":"post_tag","embeddable":true,"href":"http:\/\/www.tvturk.com\/index.php\/wp-json\/wp\/v2\/tags?post=174334"}],"curies":[{"name":"wp","href":"https:\/\/api.w.org\/{rel}","templated":true}]}}