{"id":174338,"date":"2019-06-26T15:17:14","date_gmt":"2019-06-26T12:17:14","guid":{"rendered":"http:\/\/www.tvturk.com\/index.php\/100-yillik-konak-hayat-buldu\/"},"modified":"2019-06-26T15:17:14","modified_gmt":"2019-06-26T12:17:14","slug":"100-yillik-konak-hayat-buldu","status":"publish","type":"post","link":"http:\/\/www.tvturk.com\/index.php\/100-yillik-konak-hayat-buldu\/","title":{"rendered":"100 y\u0131ll\u0131k konak hayat buldu"},"content":{"rendered":"<p>DEN\u0130ZL\u0130 (\u0130HA) \u2013 Denizli\u2019nin \u00c7ivril il\u00e7esinde bulunan tarihi Mavi Konak, restore edilerek aya\u011fa kald\u0131r\u0131ld\u0131.<\/p>\n<p>K\u00fclah\u00e7\u0131o\u011flu Un Fabrikas\u0131, Merzeci Un Fabrikas\u0131, \u0130brahim \u00c7all\u0131 Sanat Evi, Konyal\u0131o\u011flu Kona\u011f\u0131, Balc\u0131 Evi, S\u00fcr\u00fcc\u00fc Evi, Osmanbey Kona\u011f\u0131, Ali Bilge Evi, Necip \u00d6kten Evi, Abd\u00fclo\u011flu Evi, Cezmi \u00d6kten Evi, Adil Be\u015fta\u015f Evi ve Tarak\u00e7\u0131 Evi gibi Denizli\u2019nin y\u0131k\u0131lmaya y\u00fcz tutmu\u015f \u00e7ok say\u0131da tarihi de\u011ferini restore ederek kente kazand\u0131ran Denizli B\u00fcy\u00fck\u015fehir Belediyesi, il\u00e7elerde de restorasyon \u00e7al\u0131\u015fmalar\u0131n\u0131 s\u00fcrd\u00fcr\u00fcyor. Bu kapsamda Denizli B\u00fcy\u00fck\u015fehir Belediyesi, \u00c7ivril il\u00e7esinde bir s\u00fcre \u00f6nce ba\u015flad\u0131\u011f\u0131 Mavi Konak\u2019\u0131n restorasyonunu tamamlad\u0131. Asl\u0131na uygun olarak yap\u0131lan restorasyon \u00e7al\u0131\u015fmas\u0131 ile Mavi Konak kent belle\u011fine kazand\u0131r\u0131ld\u0131.<\/p>\n<p>Eserler gelecek nesillere aktar\u0131l\u0131yor<\/p>\n<p>Ge\u00e7mi\u015fe dair de\u011ferlerin ya\u015fat\u0131lmas\u0131 ad\u0131na B\u00fcy\u00fck\u015fehir Belediyesi olarak \u00e7al\u0131\u015fmalara devam ettiklerini belirten B\u00fcy\u00fck\u015fehir Belediye Ba\u015fkan\u0131 Osman Zolan, tarihi yap\u0131lar\u0131n yok olmas\u0131na izin vermeyeceklerini ifade etti. Ba\u015fkan Osman Zolan, &#8220;Ecdad\u0131m\u0131zdan kalan de\u011ferleri gelecek nesillere ula\u015ft\u0131r\u0131p, ge\u00e7mi\u015fimizden gelen g\u00fczel birikimlerimizin ilelebet ya\u015fat\u0131lmas\u0131 ad\u0131na \u00e7al\u0131\u015fmalar\u0131m\u0131z\u0131 Denizlimizin tamam\u0131nda s\u00fcrd\u00fcr\u00fcyoruz. Bu kapsamda \u00c7ivril il\u00e7emizde yer alan bu tarihi yap\u0131y\u0131 yeniden aya\u011fa kald\u0131rm\u0131\u015f olman\u0131n mutlulu\u011fu ve gururunu ya\u015f\u0131yoruz&#8221; diye konu\u015ftu.<\/p>\n<p>20. y\u00fczy\u0131l\u0131n ilk \u00e7eyre\u011finden kalma<\/p>\n<p>Mavi Konak, T\u00fcrk konut mimarisinin \u201ckapal\u0131 sofal\u0131 plan tipine\u201d uygun olarak in\u015fa edilmi\u015ftir. Kendi bah\u00e7esine d\u00f6n\u00fck, soka\u011fa do\u011frudan a\u00e7\u0131lmayan; kapal\u0131 sofa planl\u0131; genelde iki katl\u0131 ve sa\u00e7akl\u0131 ev tipleri ile 20. y\u00fczy\u0131l\u0131n ilk \u00e7eyre\u011fine tarihlenen geleneksel Denizli kent ve k\u0131rsal konutlar\u0131n\u0131n tipik \u00f6zelliklerini yans\u0131tmaktad\u0131r. Mimari ve estetik de\u011fer a\u00e7\u0131s\u0131ndan bak\u0131ld\u0131\u011f\u0131nda ise barok tarz\u0131 al\u00e7\u0131 plastik kabartmalar, al\u00e7\u0131 kabartma bitkisel kompozisyon, akantus yaprakl\u0131 ba\u015fl\u0131klara sahip plast\u0131rlar, geometrik bezeme \u00f6rnekleri sivil bir konut \u00f6rne\u011fi i\u00e7in olduk\u00e7a de\u011ferlidir.<\/p>\n","protected":false},"excerpt":{"rendered":"<p>DEN\u0130ZL\u0130\u2019N\u0130N \u00c7\u0130VR\u0130L \u0130L\u00c7ES\u0130NDE BULUNAN TAR\u0130H\u0130 MAV\u0130 KONAK, RESTORE ED\u0130LEREK AYA\u011eA KALDIRDI.<\/p>\n","protected":false},"author":1,"featured_media":0,"comment_status":"closed","ping_status":"open","sticky":false,"template":"","format":"standard","meta":{"jetpack_post_was_ever_published":false,"_jetpack_newsletter_access":"","_jetpack_dont_email_post_to_subs":false,"_jetpack_newsletter_tier_id":0,"_jetpack_memberships_contains_paywalled_content":false,"_jetpack_memberships_contains_paid_content":false,"footnotes":"","jetpack_publicize_message":"","jetpack_publicize_feature_enabled":true,"jetpack_social_post_already_shared":true,"jetpack_social_options":{"image_generator_settings":{"template":"highway","default_image_id":0,"font":"","enabled":false},"version":2}},"categories":[656],"tags":[2127,5392,606,23159,710],"class_list":["post-174338","post","type-post","status-publish","format-standard","hentry","category-kultur-sanat","tag-2127","tag-buldu","tag-hayat","tag-konak","tag-yillik"],"jetpack_publicize_connections":[],"jetpack_featured_media_url":"","jetpack_sharing_enabled":true,"jetpack_shortlink":"https:\/\/wp.me\/paKIfm-JlU","_links":{"self":[{"href":"http:\/\/www.tvturk.com\/index.php\/wp-json\/wp\/v2\/posts\/174338","targetHints":{"allow":["GET"]}}],"collection":[{"href":"http:\/\/www.tvturk.com\/index.php\/wp-json\/wp\/v2\/posts"}],"about":[{"href":"http:\/\/www.tvturk.com\/index.php\/wp-json\/wp\/v2\/types\/post"}],"author":[{"embeddable":true,"href":"http:\/\/www.tvturk.com\/index.php\/wp-json\/wp\/v2\/users\/1"}],"replies":[{"embeddable":true,"href":"http:\/\/www.tvturk.com\/index.php\/wp-json\/wp\/v2\/comments?post=174338"}],"version-history":[{"count":0,"href":"http:\/\/www.tvturk.com\/index.php\/wp-json\/wp\/v2\/posts\/174338\/revisions"}],"wp:attachment":[{"href":"http:\/\/www.tvturk.com\/index.php\/wp-json\/wp\/v2\/media?parent=174338"}],"wp:term":[{"taxonomy":"category","embeddable":true,"href":"http:\/\/www.tvturk.com\/index.php\/wp-json\/wp\/v2\/categories?post=174338"},{"taxonomy":"post_tag","embeddable":true,"href":"http:\/\/www.tvturk.com\/index.php\/wp-json\/wp\/v2\/tags?post=174338"}],"curies":[{"name":"wp","href":"https:\/\/api.w.org\/{rel}","templated":true}]}}