{"id":174352,"date":"2019-06-26T16:01:38","date_gmt":"2019-06-26T13:01:38","guid":{"rendered":"http:\/\/www.tvturk.com\/index.php\/emlak-konuttan-yatirimcilara-yepyeni-firsat\/"},"modified":"2019-06-26T16:01:38","modified_gmt":"2019-06-26T13:01:38","slug":"emlak-konuttan-yatirimcilara-yepyeni-firsat","status":"publish","type":"post","link":"http:\/\/www.tvturk.com\/index.php\/emlak-konuttan-yatirimcilara-yepyeni-firsat\/","title":{"rendered":"Emlak Konut\u2019tan yat\u0131r\u0131mc\u0131lara yepyeni f\u0131rsat"},"content":{"rendered":"<p>Emlak Konut\u2019un, ya\u015fam\u0131n ba\u015flad\u0131\u011f\u0131, ticaretin kalbinde yer alan Maslak 1453 projesindeki cadde, meydan ve a\u00e7\u0131k hava d\u00fckkanlar\u0131 sat\u0131\u015fa sunuluyor. A\u00e7\u0131k art\u0131rma usul\u00fcyle 3 Temmuz\u2019da ihalesi yap\u0131lacak d\u00fckkanlar, ticaretin merkezindeki konumu ve bir\u00e7ok avantaj\u0131yla b\u00fcy\u00fck yat\u0131r\u0131m f\u0131rsat\u0131 sa\u011flayacak.<\/p>\n<p>Ya\u015fam\u0131n ba\u015flad\u0131\u011f\u0131 Maslak 1453 projesi d\u00fckkanlar\u0131 ilk kez a\u00e7\u0131k art\u0131rmayla sat\u0131\u015fa \u00e7\u0131k\u0131yor. Emlak Konut taraf\u0131ndan 3 Temmuz \u00c7ar\u015famba saat 11.00\u2019de ger\u00e7ekle\u015fecek a\u00e7\u0131k art\u0131rma i\u00e7in son ba\u015fvuru tarihi 2 Temmuz Sal\u0131. Sat\u0131\u015fa sunulacak toplamda 81 cadde, meydan ve a\u00e7\u0131k hava d\u00fckkan\u0131; otel, yurt, \u00fcniversiteler ve i\u015f merkezleriyle i\u00e7 i\u00e7e olan konumu, g\u00fcnl\u00fck 30 binden fazla ki\u015fi sirk\u00fclasyonu ve avantajl\u0131 ko\u015fullar\u0131yla yat\u0131r\u0131mc\u0131lar\u0131yla bulu\u015facak.<\/p>\n<p>\u0130ster kirac\u0131l\u0131 ister ticarete haz\u0131r<\/p>\n<p>Maslak 1453\u2019te d\u00fckkanlar ister kirac\u0131l\u0131 ister ticarete haz\u0131r \u015fekilde sat\u0131\u015fa sunulacak. Kirac\u0131s\u0131z d\u00fckkanlar i\u00e7in iki y\u0131l boyunca y\u0131ll\u0131k y\u00fczde 6 kira garantisi verilecek. 7 y\u0131ldan ba\u015flayan s\u00fcrelerle geri kazan\u0131m sa\u011flayan d\u00fckkanlar 60 ay vade ve y\u00fczde 8 KDV kolayl\u0131l\u0131\u011f\u0131 ile sat\u0131lacak.<\/p>\n<p>Al\u0131\u015fveri\u015f, moda ve sosyal ya\u015fam\u0131n merkezi<\/p>\n<p>Sat\u0131\u015fa \u00e7\u0131kar\u0131lan d\u00fckkanlar\u0131n bulundu\u011fu alanlar ve iki dev meydan\u0131 kapsayan b\u00f6l\u00fcmler ya\u015fam\u0131n tam da kendisini bar\u0131nd\u0131r\u0131yor. \u0130stanbul\u2019un cazibe merkezi olmay\u0131 hedefleyen meydanlardaki d\u00fckkanlar, se\u00e7kin ma\u011fazalar ve aktiviteye ayr\u0131lm\u0131\u015f durumda. Sat\u0131\u015fa \u00e7\u0131kar\u0131lan d\u00fckkanlar\u0131n adreslendi\u011fi bir di\u011fer nokta ise 1453 metre uzunlu\u011fundaki cadde. T\u00fcm ihtiya\u00e7lar\u0131n kar\u015f\u0131lanmas\u0131 ama\u00e7lanan cadde; ma\u011fazalar\u0131, \u00f6zel butikleri, yiyecek i\u00e7ecek mekanlar\u0131 ve \u00e7ok daha fazlas\u0131yla sizleri bekliyor. Bir g\u00fcn i\u00e7inde binlerce ki\u015finin dokundu\u011fu alanlarda bulunan d\u00fckkanlar, b\u00fcy\u00fck yat\u0131r\u0131m f\u0131rsat\u0131 olu\u015fturuyor.<\/p>\n","protected":false},"excerpt":{"rendered":"<p>EMLAK KONUT\u2019UN, YA\u015eAMIN BA\u015eLADI\u011eI, T\u0130CARET\u0130N KALB\u0130NDE YER ALAN MASLAK 1453 PROJES\u0130NDEK\u0130 CADDE, MEYDAN VE A\u00c7IK HAVA D\u00dcKKANLARI SATI\u015eA SUNULUYOR. A\u00c7IK ARTIRMA USUL\u00dcYLE 3 TEMMUZ\u2019DA \u0130HALES\u0130 YAPILACAK D\u00dcKKANLAR, T\u0130CARET\u0130N MERKEZ\u0130NDEK\u0130 KONUMU VE B\u0130R\u00c7OK AVANTAJIYLA B\u00dcY\u00dcK YATIRIM FIRSATI SA\u011eLAYACAK.<\/p>\n","protected":false},"author":1,"featured_media":0,"comment_status":"closed","ping_status":"open","sticky":false,"template":"","format":"standard","meta":{"jetpack_post_was_ever_published":false,"_jetpack_newsletter_access":"","_jetpack_dont_email_post_to_subs":false,"_jetpack_newsletter_tier_id":0,"_jetpack_memberships_contains_paywalled_content":false,"_jetpack_memberships_contains_paid_content":false,"footnotes":"","jetpack_publicize_message":"","jetpack_publicize_feature_enabled":true,"jetpack_social_post_already_shared":true,"jetpack_social_options":{"image_generator_settings":{"template":"highway","default_image_id":0,"font":"","enabled":false},"version":2}},"categories":[1],"tags":[32544,4837,42381,5885,27122],"class_list":["post-174352","post","type-post","status-publish","format-standard","hentry","category-genel","tag-emlak","tag-firsat","tag-konuttan","tag-yatirimcilara","tag-yepyeni"],"jetpack_publicize_connections":[],"jetpack_featured_media_url":"","jetpack_sharing_enabled":true,"jetpack_shortlink":"https:\/\/wp.me\/paKIfm-Jm8","_links":{"self":[{"href":"http:\/\/www.tvturk.com\/index.php\/wp-json\/wp\/v2\/posts\/174352","targetHints":{"allow":["GET"]}}],"collection":[{"href":"http:\/\/www.tvturk.com\/index.php\/wp-json\/wp\/v2\/posts"}],"about":[{"href":"http:\/\/www.tvturk.com\/index.php\/wp-json\/wp\/v2\/types\/post"}],"author":[{"embeddable":true,"href":"http:\/\/www.tvturk.com\/index.php\/wp-json\/wp\/v2\/users\/1"}],"replies":[{"embeddable":true,"href":"http:\/\/www.tvturk.com\/index.php\/wp-json\/wp\/v2\/comments?post=174352"}],"version-history":[{"count":0,"href":"http:\/\/www.tvturk.com\/index.php\/wp-json\/wp\/v2\/posts\/174352\/revisions"}],"wp:attachment":[{"href":"http:\/\/www.tvturk.com\/index.php\/wp-json\/wp\/v2\/media?parent=174352"}],"wp:term":[{"taxonomy":"category","embeddable":true,"href":"http:\/\/www.tvturk.com\/index.php\/wp-json\/wp\/v2\/categories?post=174352"},{"taxonomy":"post_tag","embeddable":true,"href":"http:\/\/www.tvturk.com\/index.php\/wp-json\/wp\/v2\/tags?post=174352"}],"curies":[{"name":"wp","href":"https:\/\/api.w.org\/{rel}","templated":true}]}}