{"id":174360,"date":"2019-06-26T16:16:20","date_gmt":"2019-06-26T13:16:20","guid":{"rendered":"http:\/\/www.tvturk.com\/index.php\/kadin-muhtar-sonunda-pes-etti-binayi-bosaltti\/"},"modified":"2019-06-26T16:16:20","modified_gmt":"2019-06-26T13:16:20","slug":"kadin-muhtar-sonunda-pes-etti-binayi-bosaltti","status":"publish","type":"post","link":"http:\/\/www.tvturk.com\/index.php\/kadin-muhtar-sonunda-pes-etti-binayi-bosaltti\/","title":{"rendered":"Kad\u0131n muhtar sonunda pes etti, binay\u0131 bo\u015faltt\u0131"},"content":{"rendered":"<p>Antalya\u2019n\u0131n Kemer il\u00e7esinde kulland\u0131\u011f\u0131 muhtarl\u0131k binas\u0131n\u0131n yar\u0131s\u0131na ta\u015f\u0131mac\u0131l\u0131k kooperatifi getirilmesine kar\u015f\u0131 \u00e7\u0131kan ve binan\u0131n kilidi k\u0131r\u0131l\u0131p anahtar de\u011fi\u015ftirilmesine g\u00f6zya\u015flar\u0131 i\u00e7inde tepki g\u00f6sterip \u015fikayet\u00e7i olan kad\u0131n muhtar M\u00fcnevver Erkal, ya\u015fad\u0131klar\u0131na dayanamay\u0131p binay\u0131 bo\u015faltt\u0131. \u00c7i\u00e7eklerini, tabelas\u0131n\u0131, mazbatas\u0131n\u0131 ve Atat\u00fcrk foto\u011fraf\u0131n\u0131 alan kad\u0131n muhtar binadan ayr\u0131ld\u0131.<\/p>\n<p>Kendisine resmi yaz\u0131 g\u00f6nderilmeden, tebligat yap\u0131lmadan y\u0131llard\u0131r muhtarl\u0131k olarak kullan\u0131lan binan\u0131n yar\u0131s\u0131n\u0131 bir tur kooperatifine tahsis edildi\u011fini iddia eden kad\u0131n muhtar M\u00fcnevver Erkal, belediye g\u00f6revlilerinin bina i\u00e7ine duvar \u00f6rerek ikiye b\u00f6lme giri\u015fimine itiraz etti. Polise ve Fen \u0130\u015fleri yetkililerine \u201cElinizde belge var m\u0131 karar var m\u0131?\u201d diye soran Erkal, sonunda dayanamay\u0131p binay\u0131 bo\u015faltaca\u011f\u0131n\u0131 s\u00f6yledi.<\/p>\n<p>Kemer Kaymakam\u0131 H\u00fcseyin Karame\u015fe ile g\u00f6r\u00fc\u015ft\u00fc\u011f\u00fcn\u00fc, durumdan haberdar etti\u011fini ve belediyenin duvar \u00f6rmesinin bo\u015funa masraf olaca\u011f\u0131n\u0131 s\u00f6yleyen Erkal, \u201cBelediyeyi bo\u015funa masrafa sokmalar\u0131n\u0131n gere\u011fi olmad\u0131\u011f\u0131n\u0131 s\u00f6yl\u00fcyorum. Ben zaten \u00e7\u0131kaca\u011f\u0131m\u0131 beyan ettim. Belediyeye evra\u011f\u0131m\u0131 verdim. Gelen sorumluya bunlar\u0131 s\u00f6yledim ama prosed\u00fcr gere\u011fi duvar\u0131 \u00e7ekmek zorunda olduklar\u0131n\u0131 s\u00f6yledi\u201d diye konu\u015ftu.<\/p>\n<p>Uygulaman\u0131n dayanaks\u0131z ve kanunsuz oldu\u011funu \u00f6ne s\u00fcren Erkal, \u201c\u015eu anda verilmi\u015f meclis karar\u0131 veya resmi bir karar hi\u00e7bir \u015fey yok. Kald\u0131 ki benim evraklar\u0131m var orada onlara cevap verilmesi laz\u0131m ama hi\u00e7bir konuda hi\u00e7bir \u015fey yok. Ben cevaplar\u0131n\u0131 bekliyorum gelsinler ellerinde ka\u011f\u0131tlar\u0131yla tamam her \u015feye var\u0131m. Ama ellerinde bir tebligat yok bir ka\u011f\u0131t yok. T\u00fcrkiye Cumhuriyeti, kanunlarla y\u00f6netiliyor\u201d dedi.<\/p>\n<p>Kemer Belediyesi\u2019nin g\u00f6nderdi\u011fi kamyonete e\u015fyalar\u0131n\u0131n yerle\u015ftirilmesine yard\u0131m eden M\u00fcnevver Erkal, \u00f6nce \u00e7i\u00e7eklerini d\u0131\u015far\u0131ya \u00e7\u0131kartt\u0131, sonra duvardaki Atat\u00fcrk foto\u011fraf\u0131n\u0131, mazbatas\u0131n\u0131 ve resmi m\u00fcd\u00fcr berat\u0131n\u0131 kucaklay\u0131p kamyonete g\u00f6t\u00fcrd\u00fc. Erkal, e\u015fyalar\u0131n kamyonete yerle\u015ftirilmesinden sonra kap\u0131n\u0131n yan\u0131ndaki tabelas\u0131 da s\u00f6kerek binay\u0131 terk etti. M\u00fcnevver Erkal, e\u015fyalar\u0131 \u015fimdilik evine g\u00f6t\u00fcrece\u011fini ve bir yer bulana kadar gerekirse \u00e7ad\u0131r kuraca\u011f\u0131n\u0131 veya evinin alt\u0131ndaki restorandaki bir masay\u0131 kullanarak hizmete devam edece\u011fini s\u00f6yledi.<\/p>\n","protected":false},"excerpt":{"rendered":"<p>ANTALYA\u2019NIN KEMER \u0130L\u00c7ES\u0130NDE KULLANDI\u011eI MUHTARLIK B\u0130NASININ YARISINA TA\u015eIMACILIK KOOPERAT\u0130F\u0130 GET\u0130R\u0130LMES\u0130NE KAR\u015eI \u00c7IKAN VE B\u0130NANIN K\u0130L\u0130D\u0130 KIRILIP ANAHTAR DE\u011e\u0130\u015eT\u0130R\u0130LMES\u0130NE G\u00d6ZYA\u015eLARI \u0130\u00c7\u0130NDE TEPK\u0130 G\u00d6STER\u0130P \u015e\u0130KAYET\u00c7\u0130 OLAN KADIN MUHTAR M\u00dcNEVVER ERKAL, YA\u015eADIKLARINA DAYANAMAYIP B\u0130NAYI BO\u015eALTTI. \u00c7\u0130\u00c7EKLER\u0130N\u0130, TABELASINI, MAZBATASINI VE ATAT\u00dcRK FOTO\u011eRAFINI ALAN KADIN MUHTAR B\u0130NADAN AYRILDI.<\/p>\n","protected":false},"author":1,"featured_media":0,"comment_status":"closed","ping_status":"open","sticky":false,"template":"","format":"standard","meta":{"jetpack_post_was_ever_published":false,"_jetpack_newsletter_access":"","_jetpack_dont_email_post_to_subs":false,"_jetpack_newsletter_tier_id":0,"_jetpack_memberships_contains_paywalled_content":false,"_jetpack_memberships_contains_paid_content":false,"footnotes":"","jetpack_publicize_message":"","jetpack_publicize_feature_enabled":true,"jetpack_social_post_already_shared":true,"jetpack_social_options":{"image_generator_settings":{"template":"highway","default_image_id":0,"font":"","enabled":false},"version":2}},"categories":[1],"tags":[16661,25075,207,108,1363,6369,2031],"class_list":["post-174360","post","type-post","status-publish","format-standard","hentry","category-genel","tag-binayi","tag-bosaltti","tag-etti","tag-kadin","tag-muhtar","tag-pes","tag-sonunda"],"jetpack_publicize_connections":[],"jetpack_featured_media_url":"","jetpack_sharing_enabled":true,"jetpack_shortlink":"https:\/\/wp.me\/paKIfm-Jmg","_links":{"self":[{"href":"http:\/\/www.tvturk.com\/index.php\/wp-json\/wp\/v2\/posts\/174360","targetHints":{"allow":["GET"]}}],"collection":[{"href":"http:\/\/www.tvturk.com\/index.php\/wp-json\/wp\/v2\/posts"}],"about":[{"href":"http:\/\/www.tvturk.com\/index.php\/wp-json\/wp\/v2\/types\/post"}],"author":[{"embeddable":true,"href":"http:\/\/www.tvturk.com\/index.php\/wp-json\/wp\/v2\/users\/1"}],"replies":[{"embeddable":true,"href":"http:\/\/www.tvturk.com\/index.php\/wp-json\/wp\/v2\/comments?post=174360"}],"version-history":[{"count":0,"href":"http:\/\/www.tvturk.com\/index.php\/wp-json\/wp\/v2\/posts\/174360\/revisions"}],"wp:attachment":[{"href":"http:\/\/www.tvturk.com\/index.php\/wp-json\/wp\/v2\/media?parent=174360"}],"wp:term":[{"taxonomy":"category","embeddable":true,"href":"http:\/\/www.tvturk.com\/index.php\/wp-json\/wp\/v2\/categories?post=174360"},{"taxonomy":"post_tag","embeddable":true,"href":"http:\/\/www.tvturk.com\/index.php\/wp-json\/wp\/v2\/tags?post=174360"}],"curies":[{"name":"wp","href":"https:\/\/api.w.org\/{rel}","templated":true}]}}