{"id":174364,"date":"2019-06-26T16:17:01","date_gmt":"2019-06-26T13:17:01","guid":{"rendered":"http:\/\/www.tvturk.com\/index.php\/fenerbahceden-birsel-vardarli-demirmene-tesekkur\/"},"modified":"2019-06-26T16:17:01","modified_gmt":"2019-06-26T13:17:01","slug":"fenerbahceden-birsel-vardarli-demirmene-tesekkur","status":"publish","type":"post","link":"http:\/\/www.tvturk.com\/index.php\/fenerbahceden-birsel-vardarli-demirmene-tesekkur\/","title":{"rendered":"Fenerbah\u00e7e\u2019den Birsel Vardarl\u0131 Demirmen\u2019e te\u015fekk\u00fcr"},"content":{"rendered":"<p>Fenerbah\u00e7e, kad\u0131n basketbol tak\u0131m\u0131nda forma giyen ve kariyerini noktalayan kaptan Birsel Vardarl\u0131 Demirmen\u2019e te\u015fekk\u00fcr mesaj\u0131 yay\u0131nlad\u0131. Kaptan Birsel, sar\u0131-lacivertlilerde 675 ma\u00e7ta g\u00f6rev yaparak, t\u00fcm bran\u015flarda en fazla resmi ma\u00e7a \u00e7\u0131kan sporcu oldu.<\/p>\n<p>Fenerbah\u00e7e, 13 y\u0131ld\u0131r kad\u0131n basketbol tak\u0131m\u0131n\u0131n formas\u0131n\u0131 giyen Birsel Vardarl\u0131 Demirmen\u2019e te\u015fekk\u00fcr etti. Sar\u0131-lacivertli kul\u00fcpten yay\u0131nlanan te\u015fekk\u00fcr mesaj\u0131nda deneyimli basketbolcunun giydi\u011fi 7 numaral\u0131 forman\u0131n yap\u0131lacak j\u00fcbile ma\u00e7\u0131n\u0131n ard\u0131ndan Metro Enerji Salonu\u2019na as\u0131laca\u011f\u0131 aktar\u0131ld\u0131. Sar\u0131-lacivertli forma ile 675 m\u00fcsabakada forma giyen Birsel, Fenerbah\u00e7e Kul\u00fcb\u00fc\u2019nde t\u00fcm spor bran\u015flar\u0131 g\u00f6ze al\u0131nd\u0131\u011f\u0131nda resmi m\u00fccadelelerde en fazla g\u00f6rev alan oyuncu oldu. Birsel Vardarl\u0131 Demirmen, Fenerbah\u00e7e Kul\u00fcb\u00fc\u2019nde en fazla T\u00fcrkiye \u015eampiyonlu\u011fu ya\u015fayan ve en fazla kupa kazanan oyuncu olarak da sar\u0131-lacivertlilerin tarihine ismini kaz\u0131d\u0131. Fenerbah\u00e7e resmi internet sitesinden yay\u0131nlanan te\u015fekk\u00fcr mesaj\u0131nda \u015fu ifadelere yer verildi:<\/p>\n<p>&#8220;Fenerbah\u00e7e Kad\u0131n Basketbol Tak\u0131m\u0131m\u0131z\u0131n formas\u0131n\u0131 13 y\u0131l boyunca gururla ta\u015f\u0131yan, sadece parkedeki ba\u015far\u0131lar\u0131yla de\u011fil duru\u015fuyla da Fenerbah\u00e7elili\u011fi en iyi \u015fekilde temsil eden Kaptan\u0131m\u0131z Birsel Vardarl\u0131 Demirmen basketbol kariyerini sonland\u0131rd\u0131.<\/p>\n<p>\u00c7ubuklu formam\u0131z alt\u0131nda say\u0131s\u0131z ba\u015far\u0131 ya\u015fayan, rekorlar\u0131 gururla tarihimize kaz\u0131yan, her \u015feyden \u00f6nemlisi \u00c7ubuklu formam\u0131z\u0131 her zaman ruhu ve aidiyetiyle ta\u015f\u0131yan kaptan\u0131m\u0131za, kul\u00fcb\u00fcm\u00fcze bug\u00fcne kadarki t\u00fcm hizmet ve katk\u0131lar\u0131 i\u00e7in en derin te\u015fekk\u00fcrlerimizi iletiyoruz.<\/p>\n<p>T\u00fcm bran\u015flar g\u00f6z \u00f6n\u00fcne al\u0131nd\u0131\u011f\u0131nda tarihimizde;<\/p>\n<p>En fazla resmi ma\u00e7a \u00e7\u0131kan (675)<\/p>\n<p>En fazla T\u00fcrkiye \u015eampiyonlu\u011fu ya\u015fayan (10)<\/p>\n<p>En fazla kupa kazanan oyuncumuz olan (22)<\/p>\n<p>(10 T\u00fcrkiye \u015eampiyonlu\u011fu, 6 T\u00fcrkiye Kupas\u0131, 6 Cumhurba\u015fkanl\u0131\u011f\u0131 Kupas\u0131)<\/p>\n<p>Birsel Vardarl\u0131\u2019n\u0131n 7 numaral\u0131 formas\u0131, detaylar\u0131 daha sonra a\u00e7\u0131klanacak j\u00fcbile ma\u00e7\u0131 ile Fenerbah\u00e7e \u00dclker Arena Metro Enerji Salonu\u2019na as\u0131lacak; Fenerbah\u00e7e i\u00e7in ortaya koydu\u011fu emek, elde etti\u011fi ba\u015far\u0131lar ve duru\u015fuyla t\u00fcm sporcular\u0131m\u0131za \u00f6rnek olacakt\u0131r.<\/p>\n<p>Her \u015fey i\u00e7in te\u015fekk\u00fcrler kaptan!&#8221;<\/p>\n","protected":false},"excerpt":{"rendered":"<p>FENERBAH\u00c7E, KADIN BASKETBOL TAKIMINDA FORMA G\u0130YEN VE KAR\u0130YER\u0130N\u0130 NOKTALAYAN KAPTAN B\u0130RSEL VARDARLI DEM\u0130RMEN\u2019E TE\u015eEKK\u00dcR MESAJI YAYINLADI. KAPTAN B\u0130RSEL, SARI-LAC\u0130VERTL\u0130LERDE 675 MA\u00c7TA G\u00d6REV YAPARAK, T\u00dcM BRAN\u015eLARDA EN FAZLA RESM\u0130 MA\u00c7A \u00c7IKAN SPORCU OLDU.<\/p>\n","protected":false},"author":1,"featured_media":0,"comment_status":"closed","ping_status":"open","sticky":false,"template":"","format":"standard","meta":{"jetpack_post_was_ever_published":false,"_jetpack_newsletter_access":"","_jetpack_dont_email_post_to_subs":false,"_jetpack_newsletter_tier_id":0,"_jetpack_memberships_contains_paywalled_content":false,"_jetpack_memberships_contains_paid_content":false,"footnotes":"","jetpack_publicize_message":"","jetpack_publicize_feature_enabled":true,"jetpack_social_post_already_shared":true,"jetpack_social_options":{"image_generator_settings":{"template":"highway","default_image_id":0,"font":"","enabled":false},"version":2}},"categories":[657],"tags":[42385,42387,18834,379,42386],"class_list":["post-174364","post","type-post","status-publish","format-standard","hentry","category-spor","tag-birsel","tag-demirmene","tag-fenerbahceden","tag-tesekkur","tag-vardarli"],"jetpack_publicize_connections":[],"jetpack_featured_media_url":"","jetpack_sharing_enabled":true,"jetpack_shortlink":"https:\/\/wp.me\/paKIfm-Jmk","_links":{"self":[{"href":"http:\/\/www.tvturk.com\/index.php\/wp-json\/wp\/v2\/posts\/174364","targetHints":{"allow":["GET"]}}],"collection":[{"href":"http:\/\/www.tvturk.com\/index.php\/wp-json\/wp\/v2\/posts"}],"about":[{"href":"http:\/\/www.tvturk.com\/index.php\/wp-json\/wp\/v2\/types\/post"}],"author":[{"embeddable":true,"href":"http:\/\/www.tvturk.com\/index.php\/wp-json\/wp\/v2\/users\/1"}],"replies":[{"embeddable":true,"href":"http:\/\/www.tvturk.com\/index.php\/wp-json\/wp\/v2\/comments?post=174364"}],"version-history":[{"count":0,"href":"http:\/\/www.tvturk.com\/index.php\/wp-json\/wp\/v2\/posts\/174364\/revisions"}],"wp:attachment":[{"href":"http:\/\/www.tvturk.com\/index.php\/wp-json\/wp\/v2\/media?parent=174364"}],"wp:term":[{"taxonomy":"category","embeddable":true,"href":"http:\/\/www.tvturk.com\/index.php\/wp-json\/wp\/v2\/categories?post=174364"},{"taxonomy":"post_tag","embeddable":true,"href":"http:\/\/www.tvturk.com\/index.php\/wp-json\/wp\/v2\/tags?post=174364"}],"curies":[{"name":"wp","href":"https:\/\/api.w.org\/{rel}","templated":true}]}}