{"id":174374,"date":"2019-06-26T16:32:12","date_gmt":"2019-06-26T13:32:12","guid":{"rendered":"http:\/\/www.tvturk.com\/index.php\/ali-gurbuz-hedefim-kirkpinarda-altin-kemer\/"},"modified":"2019-06-26T16:32:12","modified_gmt":"2019-06-26T13:32:12","slug":"ali-gurbuz-hedefim-kirkpinarda-altin-kemer","status":"publish","type":"post","link":"http:\/\/www.tvturk.com\/index.php\/ali-gurbuz-hedefim-kirkpinarda-altin-kemer\/","title":{"rendered":"Ali G\u00fcrb\u00fcz &#8220;Hedefim K\u0131rkp\u0131nar\u2019da alt\u0131n kemer&#8221;"},"content":{"rendered":"<p>Ba\u015fpehlivan Recep G\u00fcrb\u00fcz ve de\u011fi\u015fik boylardaki 20 pehlivan Kumluca Karatepe Stad\u0131\u2019nda K\u0131rkp\u0131nar Ya\u011fl\u0131 Pehlivan G\u00fcre\u015fleri\u2019ne haz\u0131rlan\u0131yor.<\/p>\n<p>Kumluca Karatepe Stad\u0131\u2019nda K\u0131rkp\u0131nar\u2019a haz\u0131rlanan pehlivanlar\u0131 ziyaret eden Kumluca Belediye Ba\u015fkan\u0131 Mustafa K\u00f6leo\u011flu, pehlivanlara ba\u015far\u0131lar diledi. Ba\u015fpehlivan Ali G\u00fcrb\u00fcz, burada yapt\u0131\u011f\u0131 a\u00e7\u0131klamada, y\u0131l\u0131n ilk g\u00fcre\u015finin Kumluca\u2019da yap\u0131ld\u0131\u011f\u0131n\u0131 belirterek, &#8220;\u0130lk performans\u0131m\u0131z\u0131 Kumluca G\u00fcre\u015fleri\u2019nde sergiledik. Kumluca sahas\u0131nda \u00e7ok g\u00fczel bir \u015fekilde K\u0131rkp\u0131nar\u2019a haz\u0131rlan\u0131yoruz. Hedefim alt\u0131n kemerdir\u201d dedi.<\/p>\n<p>Kumluca Belediye Ba\u015fkan\u0131 Mustafa K\u00f6leo\u011flu, \u201cSezonun ilk ya\u011fl\u0131 pehlivan g\u00fcre\u015fi Kumluca\u2019da yap\u0131l\u0131yor. K\u0131rkp\u0131nar, Kumluca, Bal\u0131kesir Kurtdereli ve Elmal\u0131 g\u00fcre\u015fleri, \u00fclkemizin 4 b\u00fcy\u00fck g\u00fcre\u015fleridir. Pehlivanlar\u0131m\u0131z g\u00fcre\u015f yap\u0131lmayan yakla\u015f\u0131k 6 ay boyunca yeni sezona haz\u0131rlan\u0131yor. Pehlivanlar\u0131m\u0131z yeni sezonun performans\u0131n\u0131 Kumluca g\u00fcre\u015flerinde g\u00f6steriyor. Ba\u015fpehlivanl\u0131\u011fa giden yolculuk Kumluca\u2019dan ba\u015fl\u0131yor. K\u0131rkp\u0131nar\u2019da final yap\u0131lacak. Bizde pehlivanlar\u0131m\u0131zla birlikte K\u0131rkp\u0131nar\u2019da olaca\u011f\u0131z\u201d dedi.<\/p>\n","protected":false},"excerpt":{"rendered":"<p>BA\u015ePEHL\u0130VAN RECEP G\u00dcRB\u00dcZ VE DE\u011e\u0130\u015e\u0130K BOYLARDAK\u0130 20 PEHL\u0130VAN KUMLUCA KARATEPE STADINDA GELENEKSEL KIRKPINAR YA\u011eLI PEHL\u0130VAN G\u00dcRE\u015eLER\u0130NE HAZIRLANIYOR. KUMLUCA KARATEPE STADINDAK\u0130 KIRKPINAR G\u00dcRE\u015eLER\u0130NE HAZIRLANAN PEHL\u0130VANLARI Z\u0130YARET EDEN KUMLUCA BELED\u0130YE BA\u015eKANI MUSTAFA K\u00d6LEO\u011eLU, PEHL\u0130VANLARA BA\u015eARILAR D\u0130LED\u0130.<\/p>\n","protected":false},"author":1,"featured_media":0,"comment_status":"closed","ping_status":"open","sticky":false,"template":"","format":"standard","meta":{"jetpack_post_was_ever_published":false,"_jetpack_newsletter_access":"","_jetpack_dont_email_post_to_subs":false,"_jetpack_newsletter_tier_id":0,"_jetpack_memberships_contains_paywalled_content":false,"_jetpack_memberships_contains_paid_content":false,"footnotes":"","jetpack_publicize_message":"","jetpack_publicize_feature_enabled":true,"jetpack_social_post_already_shared":true,"jetpack_social_options":{"image_generator_settings":{"template":"highway","default_image_id":0,"font":"","enabled":false},"version":2}},"categories":[657],"tags":[625,596,7766,7396,5867,42393],"class_list":["post-174374","post","type-post","status-publish","format-standard","hentry","category-spor","tag-ali","tag-altin","tag-gurbuz","tag-hedefim","tag-kemer","tag-kirkpinarda"],"jetpack_publicize_connections":[],"jetpack_featured_media_url":"","jetpack_sharing_enabled":true,"jetpack_shortlink":"https:\/\/wp.me\/paKIfm-Jmu","_links":{"self":[{"href":"http:\/\/www.tvturk.com\/index.php\/wp-json\/wp\/v2\/posts\/174374","targetHints":{"allow":["GET"]}}],"collection":[{"href":"http:\/\/www.tvturk.com\/index.php\/wp-json\/wp\/v2\/posts"}],"about":[{"href":"http:\/\/www.tvturk.com\/index.php\/wp-json\/wp\/v2\/types\/post"}],"author":[{"embeddable":true,"href":"http:\/\/www.tvturk.com\/index.php\/wp-json\/wp\/v2\/users\/1"}],"replies":[{"embeddable":true,"href":"http:\/\/www.tvturk.com\/index.php\/wp-json\/wp\/v2\/comments?post=174374"}],"version-history":[{"count":0,"href":"http:\/\/www.tvturk.com\/index.php\/wp-json\/wp\/v2\/posts\/174374\/revisions"}],"wp:attachment":[{"href":"http:\/\/www.tvturk.com\/index.php\/wp-json\/wp\/v2\/media?parent=174374"}],"wp:term":[{"taxonomy":"category","embeddable":true,"href":"http:\/\/www.tvturk.com\/index.php\/wp-json\/wp\/v2\/categories?post=174374"},{"taxonomy":"post_tag","embeddable":true,"href":"http:\/\/www.tvturk.com\/index.php\/wp-json\/wp\/v2\/tags?post=174374"}],"curies":[{"name":"wp","href":"https:\/\/api.w.org\/{rel}","templated":true}]}}