{"id":174400,"date":"2019-06-26T17:01:45","date_gmt":"2019-06-26T14:01:45","guid":{"rendered":"http:\/\/www.tvturk.com\/index.php\/iki-baskandan-birlik-mesaji\/"},"modified":"2019-06-26T17:01:45","modified_gmt":"2019-06-26T14:01:45","slug":"iki-baskandan-birlik-mesaji","status":"publish","type":"post","link":"http:\/\/www.tvturk.com\/index.php\/iki-baskandan-birlik-mesaji\/","title":{"rendered":"\u0130ki ba\u015fkandan birlik mesaj\u0131"},"content":{"rendered":"<p>Mudanya Belediye Ba\u015fkan\u0131 Hayri T\u00fcrky\u0131lmaz, Nil\u00fcfer Belediye Ba\u015fkan\u0131 Turgay Erdem\u2019i makam\u0131nda ziyaret ederek yeni g\u00f6revinde ba\u015far\u0131lar diledi. Ziyarette, birlik ve beraberlik mesajlar\u0131 verildi.<\/p>\n<p>Mudanya Belediye Ba\u015fkan\u0131 Hayri T\u00fcrky\u0131lmaz, Nil\u00fcfer Belediye Ba\u015fkan\u0131 Turgay Erdem\u2019e \u201chay\u0131rl\u0131 olsun\u201d ziyaretinde bulundu. Halk Evi\u2019nde ger\u00e7ekle\u015fen ziyarette, meclisi \u00fcyeleri Tu\u011f\u00e7e Sava\u015f ve Onur Uslu ile Nil\u00fcfer Belediye Ba\u015fkan Yard\u0131mc\u0131lar\u0131 Dr. Sibel \u00d6zer, Remzi \u00c7\u0131nar, Adem Vural ile Engin Yener de haz\u0131r bulundu. Nil\u00fcfer Belediye Ba\u015fkan\u0131 Turgay Erdem\u2019i 31 Mart mahall\u00ee se\u00e7imlerindeki ba\u015far\u0131s\u0131ndan dolay\u0131 kutlayan Hayri T\u00fcrky\u0131lmaz, Erdem\u2019e g\u00f6revinde ba\u015far\u0131lar diledi.<\/p>\n<p>Nil\u00fcfer Belediyesi, Mudanya Belediyesi ve Gemlik Belediyesi\u2019nin k\u00fclt\u00fcrel alanda ortak projeler y\u00fcr\u00fctmesi gerekti\u011fini belirten T\u00fcrky\u0131lmaz, \u201cBirlikte \u00e7ok g\u00fczel i\u015fler yapaca\u011f\u0131z. Dayan\u0131\u015fma, birlik ve beraberlik anlay\u0131\u015f\u0131 i\u00e7inde insanlar\u0131m\u0131za karde\u015fli\u011fin getirdi\u011fi co\u015fkulu g\u00fczellikleri ya\u015fatmaya devam edece\u011fiz\u201d dedi.<\/p>\n<p>eden Nil\u00fcfer Belediye Ba\u015fkan\u0131 Turgay Erdem de 31 Mart\u2019ta Nil\u00fcfer, Mudanya ve Gemlik\u2019te \u00f6nemli bir ba\u015far\u0131ya birlikte imza att\u0131klar\u0131n\u0131 s\u00f6yledi. Turgay Erdem, \u201cBursa B\u00fcy\u00fck\u015fehir Belediyesi\u2019nde \u00e7ok az farkla kaybetmenin \u00fcz\u00fcnt\u00fcs\u00fcn\u00fc ya\u015f\u0131yoruz ama en az\u0131ndan oylar\u0131m\u0131z\u0131 \u00e7ok y\u00fckse\u011fe \u00e7\u0131kararak Bursa\u2019da bir g\u00fcc\u00fcm\u00fcz oldu\u011funu ispatlad\u0131k. Bursa B\u00fcy\u00fck\u015fehir Belediyesi i\u00e7in de sosyal demokrat belediyecili\u011fin a\u011f\u0131rl\u0131\u011f\u0131n\u0131 hissettirmeye \u00e7al\u0131\u015faca\u011f\u0131z. B\u00fct\u00fcn kadrolar\u0131m\u0131zla bunu da ba\u015faraca\u011f\u0131m\u0131za inan\u0131yorum\u201d \u015feklinde konu\u015ftu.<\/p>\n<p>Birlik mesajlar\u0131n\u0131n verildi\u011fi ziyarette Ba\u015fkan Turgay Erdem, \u201cMudanya bar\u0131\u015f\u0131n kenti, Nil\u00fcfer\u2019in de denize ba\u011flant\u0131 yolu. Biz mutluyuz. Bug\u00fcne kadar \u00e7al\u0131\u015fmalar\u0131m\u0131zda nas\u0131l birlikte olduysak, bundan sonra da Hayri T\u00fcrky\u0131lmaz ba\u015fkanla birlikte \u00e7al\u0131\u015fman\u0131n heyecan\u0131n\u0131 ya\u015fayaca\u011f\u0131z. Hem Nil\u00fcferliler\u2019i hem Mudanyal\u0131lar\u2019\u0131 hem de Gemliklileri tekrar birle\u015ftirece\u011fiz. Bu, b\u00fct\u00fcn Bursa\u2019y\u0131 kapsayan birlik, beraberlik ve bar\u0131\u015f olacak. T\u00fcrkiye art\u0131k sosyal demokrat belediyecilikle, yeni nesil belediyecilikle tan\u0131\u015facak ve bu d\u00f6neme imz\u00e2s\u0131n\u0131 atacak. Biz de b\u00fct\u00fcn  T\u00fcrkiye\u2019ye bunu yayman\u0131n \u00e7al\u0131\u015fmalar\u0131n\u0131, hedefini birlikte ger\u00e7ekle\u015ftirece\u011fiz\u201d ifadelerini kulland\u0131. Ziyaretin sonunda iki ba\u015fkan, g\u00fcn\u00fcn an\u0131s\u0131na birbirine \u00e7e\u015fitli hediyeler verdi.<\/p>\n","protected":false},"excerpt":{"rendered":"<p>MUDANYA BELED\u0130YE BA\u015eKANI HAYR\u0130 T\u00dcRKYILMAZ, N\u0130L\u00dcFER BELED\u0130YE BA\u015eKANI TURGAY ERDEM\u2019\u0130 MAKAMINDA Z\u0130YARET EDEREK YEN\u0130 G\u00d6REV\u0130NDE BA\u015eARILAR D\u0130LED\u0130<\/p>\n","protected":false},"author":1,"featured_media":0,"comment_status":"closed","ping_status":"open","sticky":false,"template":"","format":"standard","meta":{"jetpack_post_was_ever_published":false,"_jetpack_newsletter_access":"","_jetpack_dont_email_post_to_subs":false,"_jetpack_newsletter_tier_id":0,"_jetpack_memberships_contains_paywalled_content":false,"_jetpack_memberships_contains_paid_content":false,"footnotes":"","jetpack_publicize_message":"","jetpack_publicize_feature_enabled":true,"jetpack_social_post_already_shared":true,"jetpack_social_options":{"image_generator_settings":{"template":"highway","default_image_id":0,"font":"","enabled":false},"version":2}},"categories":[1],"tags":[1275,6496,1220,3121],"class_list":["post-174400","post","type-post","status-publish","format-standard","hentry","category-genel","tag-baskandan","tag-birlik","tag-iki","tag-mesaji"],"jetpack_publicize_connections":[],"jetpack_featured_media_url":"","jetpack_sharing_enabled":true,"jetpack_shortlink":"https:\/\/wp.me\/paKIfm-JmU","_links":{"self":[{"href":"http:\/\/www.tvturk.com\/index.php\/wp-json\/wp\/v2\/posts\/174400","targetHints":{"allow":["GET"]}}],"collection":[{"href":"http:\/\/www.tvturk.com\/index.php\/wp-json\/wp\/v2\/posts"}],"about":[{"href":"http:\/\/www.tvturk.com\/index.php\/wp-json\/wp\/v2\/types\/post"}],"author":[{"embeddable":true,"href":"http:\/\/www.tvturk.com\/index.php\/wp-json\/wp\/v2\/users\/1"}],"replies":[{"embeddable":true,"href":"http:\/\/www.tvturk.com\/index.php\/wp-json\/wp\/v2\/comments?post=174400"}],"version-history":[{"count":0,"href":"http:\/\/www.tvturk.com\/index.php\/wp-json\/wp\/v2\/posts\/174400\/revisions"}],"wp:attachment":[{"href":"http:\/\/www.tvturk.com\/index.php\/wp-json\/wp\/v2\/media?parent=174400"}],"wp:term":[{"taxonomy":"category","embeddable":true,"href":"http:\/\/www.tvturk.com\/index.php\/wp-json\/wp\/v2\/categories?post=174400"},{"taxonomy":"post_tag","embeddable":true,"href":"http:\/\/www.tvturk.com\/index.php\/wp-json\/wp\/v2\/tags?post=174400"}],"curies":[{"name":"wp","href":"https:\/\/api.w.org\/{rel}","templated":true}]}}