{"id":174413,"date":"2019-06-26T17:31:14","date_gmt":"2019-06-26T14:31:14","guid":{"rendered":"http:\/\/www.tvturk.com\/index.php\/istanbulda-iki-yeni-nesil-osb-kurulmasi-plani-masaya-geliyor\/"},"modified":"2019-06-26T17:31:14","modified_gmt":"2019-06-26T14:31:14","slug":"istanbulda-iki-yeni-nesil-osb-kurulmasi-plani-masaya-geliyor","status":"publish","type":"post","link":"http:\/\/www.tvturk.com\/index.php\/istanbulda-iki-yeni-nesil-osb-kurulmasi-plani-masaya-geliyor\/","title":{"rendered":"\u0130stanbul\u2019da iki yeni nesil OSB kurulmas\u0131 plan\u0131 masaya geliyor"},"content":{"rendered":"<p>\u00c7evre ve \u015eehircilik Bakan\u0131 Murat Kurum, \u0130stanbul sanayicilerinin iki yakada yeni nesil OSB kurulmas\u0131 iste\u011fine olumlu sinyal verdi. Kurum, \u201cOSB anlam\u0131nda hem Avrupa hem de Anadolu yakas\u0131nda bir talep s\u00f6z konusu. Avrupa yakas\u0131nda iki \u00fc\u00e7 yerle ilgili \u00e7al\u0131\u015fm\u0131\u015f durumday\u0131z. Buna ili\u015fkin projeleri geli\u015ftirebiliriz. Anadolu yakas\u0131nda da Hazine m\u00fclkiyetinde sanayicimizin yeni yat\u0131r\u0131m yapaca\u011f\u0131 istihdam olu\u015fturaca\u011f\u0131 neresi varsa sanayicilerimizle ortak projeler geli\u015ftirebiliriz\u201d dedi.<\/p>\n<p>\u0130stanbul Sanayi Odas\u0131 (\u0130SO) Meclisi\u2019nin Haziran ay\u0131 ola\u011fan toplant\u0131s\u0131, \u201c\u0130stanbul\u2019un Sanayi Kimli\u011fi, Sanayinin Yerle\u015fim Sorunu ve \u00c7evre D\u00fczeni Plan\u0131\u2019na Bir Bak\u0131\u015f\u201d ana g\u00fcndemi ile ger\u00e7ekle\u015ftirildi. Toplant\u0131ya \u00c7evre ve \u015eehircilik Bakan\u0131 Murat Kurum kat\u0131larak g\u00fcndeme ili\u015fkin de\u011ferlendirmelerde bulundu.<\/p>\n<p>Kurum, sanayicilerden  gelen biri Avrupa di\u011feri Anadolu yakas\u0131nda olmak \u00fczere nitelikli 2 yeni nesil  Organize Sanayi B\u00f6lgesi (OSB) kurulmas\u0131n\u0131 iste\u011fine  \u201cOSB anlam\u0131nda hem Avrupa hem de Anadolu yakas\u0131nda bir talep s\u00f6z konusu. Avrupa yakas\u0131nda iki \u00fc\u00e7 yerle ilgili \u00e7al\u0131\u015fm\u0131\u015f durumday\u0131z. Buna ili\u015fkin projeleri geli\u015ftirebiliriz. Anadolu yakas\u0131nda da Hazine m\u00fclkiyetinde sanayicimizin yeni yat\u0131r\u0131m yapaca\u011f\u0131 istihdam olu\u015fturaca\u011f\u0131 neresi varsa sanayicilerimizle ortak projeler geli\u015ftirebiliriz\u201d \u015feklinde cevap verdi.<\/p>\n<p>\u0130stanbul\u2019un T\u00fcrkiye sanayisinin lokomotifi oldu\u011funu s\u00f6yleyen Kurum, \u201cSanayi \u00fcretimimizin yakla\u015f\u0131k y\u00fczde 35\u2019i \u0130stanbul\u2019dan sa\u011flan\u0131yor. \u0130stanbul\u2019daki sanayicilerimizin istihdamdaki pay\u0131 ise y\u00fczde 17 civar\u0131nda. Bu oranlar \u0131\u015f\u0131\u011f\u0131nda bakt\u0131\u011f\u0131n\u0131zda \u0130stanbul sanayisine yap\u0131lacak her t\u00fcrl\u00fc deste\u011fin \u00fclkemize katlanarak geri d\u00f6nece\u011fini s\u00f6ylemek m\u00fcmk\u00fcn\u201d dedi.<\/p>\n<p>Bakan Kurum, sanayide mek\u00e2nsal strateji \u00fczerinde \u00e7al\u0131\u015fmalar\u0131n s\u00fcrd\u00fc\u011f\u00fcn\u00fc kaydederek ,\u201d2009 y\u0131l\u0131nda yap\u0131lan \u00e7evre d\u00fczeni plan\u0131m\u0131z var. Bu planla birlikte sanayi alanlar\u0131n\u0131 dair ilkeleri ortaya koymaya \u00e7aba g\u00f6sterdik. \u00dclke genelinde onaylanan \u00e7evre d\u00fczeni planlar\u0131nda sanayi alanlar\u0131n\u0131n yer se\u00e7imi dahil olmak \u00fczere gelecek i\u00e7in mek\u00e2nsal strateji i\u00e7erisinde \u00e7al\u0131\u015fmalar\u0131m\u0131z\u0131 s\u00fcrd\u00fcr\u00fcyoruz. Bunu da \u00e7evre d\u00fczeni plan\u0131n\u0131n bir \u00fcst\u00fcnde \u00f6l\u00e7ekle hareket ettirmeye \u00e7al\u0131\u015f\u0131yoruz\u201d ifadelerini kulland\u0131.<\/p>\n<p>Bakan Kurum var olan problemleri a\u015facak \u00f6nemli bir \u00e7al\u0131\u015fmay\u0131 da \u00f6n\u00fcm\u00fczdeki y\u0131ldan itibaren uygulamaya \u00e7al\u0131\u015facaklar\u0131n\u0131 ve sanayicilerin bu plan \u00fczerinde yat\u0131r\u0131mlar\u0131n\u0131 yapaca\u011f\u0131n\u0131 s\u00f6yledi. Kurum,  \u201cAna stratejimiz sanayi sekt\u00f6r\u00fcn\u00fcn yap\u0131la\u015fmas\u0131n\u0131 daha sa\u011fl\u0131kl\u0131 hale getirilmesi ve bu anlamda da yap\u0131sal d\u00f6n\u00fc\u015f\u00fcm\u00fcn sa\u011flanmas\u0131d\u0131r. G\u00fc\u00e7l\u00fc \u015fehirler ancak g\u00fc\u00e7l\u00fc sanayicilerle olu\u015fuz. Bunu istiyorsak sadece planlama ile yetinemeyiz. Sanayi politikalar\u0131n\u0131n da planlara i\u015flenmesi gerekir\u201d \u015feklinde konu\u015ftu.<\/p>\n<p>\u0130ki OSB talebi<\/p>\n<p>Bakan Kurum sanayicilerin iki yeni OSB kurulmas\u0131 istedi\u011fine ili\u015fkin \u015funlar\u0131 kaydetti: \u201cOSB anlam\u0131nda hem Avrupa hem de Anadolu yakas\u0131nda bir talep s\u00f6z konusu. Avrupa yakas\u0131nda iki \u00fc\u00e7 yerle ilgili \u00e7al\u0131\u015fm\u0131\u015f durumday\u0131z. Buna ili\u015fkin projeleri geli\u015ftirebiliriz. Anadolu yakas\u0131nda da Hazine m\u00fclkiyetinde sanayicimizin yeni yat\u0131r\u0131m yapaca\u011f\u0131 istihdam olu\u015fturaca\u011f\u0131 neresi varsa sanayicilerimizle ortak projeler geli\u015ftirebiliriz, buna ili\u015fkin de beraber \u00e7al\u0131\u015fabiliriz. Hem 49 y\u0131ll\u0131k kiralama modeliyle olabilir hem de Toplu Konut \u0130daresi veya Milli Emlak Genel M\u00fcd\u00fcrl\u00fc\u011f\u00fc b\u00fcnyes\u015fnde yapabiliriz. iller bankas\u0131 ile yapabiliriz.\u201d<\/p>\n","protected":false},"excerpt":{"rendered":"<p>\u00c7EVRE VE \u015eEH\u0130RC\u0130L\u0130K BAKANI MURAT KURUM, \u0130STANBUL SANAY\u0130C\u0130LER\u0130N\u0130N \u0130K\u0130 YAKADA YEN\u0130 NES\u0130L OSB KURULMASI \u0130STE\u011e\u0130NE OLUMLU S\u0130NYAL VERD\u0130.<\/p>\n","protected":false},"author":1,"featured_media":0,"comment_status":"closed","ping_status":"open","sticky":false,"template":"","format":"standard","meta":{"jetpack_post_was_ever_published":false,"_jetpack_newsletter_access":"","_jetpack_dont_email_post_to_subs":false,"_jetpack_newsletter_tier_id":0,"_jetpack_memberships_contains_paywalled_content":false,"_jetpack_memberships_contains_paid_content":false,"footnotes":"","jetpack_publicize_message":"","jetpack_publicize_feature_enabled":true,"jetpack_social_post_already_shared":true,"jetpack_social_options":{"image_generator_settings":{"template":"highway","default_image_id":0,"font":"","enabled":false},"version":2}},"categories":[19],"tags":[3927,1220,1268,33172,843,390,3762,6634,87],"class_list":["post-174413","post","type-post","status-publish","format-standard","hentry","category-ekonomi","tag-geliyor","tag-iki","tag-istanbulda","tag-kurulmasi","tag-masaya","tag-nesil","tag-osb","tag-plani","tag-yeni"],"jetpack_publicize_connections":[],"jetpack_featured_media_url":"","jetpack_sharing_enabled":true,"jetpack_shortlink":"https:\/\/wp.me\/paKIfm-Jn7","_links":{"self":[{"href":"http:\/\/www.tvturk.com\/index.php\/wp-json\/wp\/v2\/posts\/174413","targetHints":{"allow":["GET"]}}],"collection":[{"href":"http:\/\/www.tvturk.com\/index.php\/wp-json\/wp\/v2\/posts"}],"about":[{"href":"http:\/\/www.tvturk.com\/index.php\/wp-json\/wp\/v2\/types\/post"}],"author":[{"embeddable":true,"href":"http:\/\/www.tvturk.com\/index.php\/wp-json\/wp\/v2\/users\/1"}],"replies":[{"embeddable":true,"href":"http:\/\/www.tvturk.com\/index.php\/wp-json\/wp\/v2\/comments?post=174413"}],"version-history":[{"count":0,"href":"http:\/\/www.tvturk.com\/index.php\/wp-json\/wp\/v2\/posts\/174413\/revisions"}],"wp:attachment":[{"href":"http:\/\/www.tvturk.com\/index.php\/wp-json\/wp\/v2\/media?parent=174413"}],"wp:term":[{"taxonomy":"category","embeddable":true,"href":"http:\/\/www.tvturk.com\/index.php\/wp-json\/wp\/v2\/categories?post=174413"},{"taxonomy":"post_tag","embeddable":true,"href":"http:\/\/www.tvturk.com\/index.php\/wp-json\/wp\/v2\/tags?post=174413"}],"curies":[{"name":"wp","href":"https:\/\/api.w.org\/{rel}","templated":true}]}}