{"id":174427,"date":"2019-06-26T17:32:24","date_gmt":"2019-06-26T14:32:24","guid":{"rendered":"http:\/\/www.tvturk.com\/index.php\/burdur-belediyesi-2-yagli-guresleri-17-agustosda-yapilacak\/"},"modified":"2019-06-26T17:32:24","modified_gmt":"2019-06-26T14:32:24","slug":"burdur-belediyesi-2-yagli-guresleri-17-agustosda-yapilacak","status":"publish","type":"post","link":"http:\/\/www.tvturk.com\/index.php\/burdur-belediyesi-2-yagli-guresleri-17-agustosda-yapilacak\/","title":{"rendered":"Burdur Belediyesi 2. Ya\u011fl\u0131 G\u00fcre\u015fleri 17 A\u011fustos\u2019da yap\u0131lacak"},"content":{"rendered":"<p>-Burdur Belediyesi 2. Ya\u011fl\u0131 G\u00fcre\u015fleri 17 A\u011fustos\u2019 da yap\u0131lacak. Burdur Belediye Ba\u015fkan\u0131 Orkun Ercengiz, g\u00fcre\u015flere 40\u2019\u0131 T\u00fcrkiye\u2019nin \u00f6nde gelen m\u00fcsabakalar\u0131nda g\u00fcre\u015fmi\u015f ba\u015fpehlivanlar olmak \u00fczere toplam 500 g\u00fcre\u015f\u00e7inin kat\u0131laca\u011f\u0131n\u0131 s\u00f6yledi.<\/p>\n<p>Burdur Belediyesi 17 A\u011fustos 2019 tarihinde d\u00fczenlenecek Burdur Belediyesi, 2\u2019inci Ya\u011fl\u0131 Pehlivan G\u00fcre\u015fleri\u2019nin tarihini belirledi. Konuyla ilgili d\u00fczenlenen toplant\u0131ya Burdur Belediye Ba\u015fkan Ercengiz, CHP Burdur Milletvekili Dr. Mehmet G\u00f6ker, CHP \u0130l Ba\u015fkan\u0131 \u0130zzet Akbulut, G\u00fcre\u015f Organizat\u00f6r\u00fc Erhan \u00dcst\u00fcnda\u011f, Ba\u015fpehlivan Sava\u015f Y\u0131ld\u0131r\u0131m ve milli g\u00fcre\u015f\u00e7i Ali G\u00fcn kat\u0131ld\u0131.<\/p>\n<p>Susaml\u0131k Tesisleri\u2019ndeki toplant\u0131da a\u00e7\u0131klamalarda bulunan Ba\u015fkan Ercengiz, bu y\u0131l ikincisi yap\u0131lacak ya\u011fl\u0131 pehlivan g\u00fcre\u015flerinde 40\u2019\u0131 ba\u015fpehlivan ba\u015fta olmak \u00fczere yakla\u015f\u0131k 500\u2019e yak\u0131n ba\u015falt\u0131 g\u00fcre\u015f\u00e7inin i\u015ftirak edece\u011fini vurgulad\u0131. Ge\u00e7en y\u0131l 10 bin ki\u015finin takip etti\u011fi Ya\u011fl\u0131 Pehlivan G\u00fcre\u015fleri\u2019ne bu y\u0131l daha yo\u011fun kat\u0131l\u0131m beklediklerini ifade eden Burdur Belediye Ba\u015fkan\u0131 Ali Orkun Ercengiz, \u201c\u0130lkini ge\u00e7en y\u0131l 1 Eyl\u00fcl 2018\u2019de D\u00fcnya Bar\u0131\u015f G\u00fcn\u00fc\u2019nde d\u00fczenlemi\u015ftik. Hem d\u00fcnya bar\u0131\u015f\u0131n\u0131n ne kadar \u00f6nemli oldu\u011funa bir vurguda bulunmak hem de ata sporumuz olan ya\u011fl\u0131 pehlivan g\u00fcre\u015flerinin Burdur\u2019da ilkini ger\u00e7ekle\u015ftirip, bundan sonra geleneksel hale getirebilmek i\u00e7in bir ad\u0131m atm\u0131\u015ft\u0131k. Ge\u00e7en y\u0131l, a\u00e7\u0131k\u00e7as\u0131 bizlerin de bekledi\u011finden daha fazla ilgi g\u00f6r\u00fcnce, bu y\u0131l ya\u011fl\u0131 pehlivan g\u00fcre\u015flerimizin organizasyonu ile ilgili \u00e7al\u0131\u015fmam\u0131z\u0131 daha erken ba\u015flatt\u0131k. B\u00f6ylece, Burdur\u2019da g\u00fcre\u015fecek olan pehlivanlar\u0131m\u0131z\u0131n s\u00f6zle\u015fmelerini erken yap\u0131p, Burdur\u2019a davet edece\u011fiz. Burdur\u2019da yap\u0131lacak ya\u011fl\u0131 pehlivan g\u00fcre\u015flerinin ulusal anlamda da dikkat \u00e7eken sporcular\u0131 burada a\u011f\u0131rlayacak olmas\u0131 hem de di\u011fer taraftan ge\u00e7en y\u0131ldan edindi\u011fimiz tecr\u00fcbe ile yurtta\u015f\u0131m\u0131z\u0131n beklentisine kar\u015f\u0131l\u0131k verebilmek i\u00e7in do\u011frusu i\u015fi biraz daha b\u00fcy\u00fct\u00fcp daha da bize yak\u0131\u015fan hale getirebilmek i\u00e7in elimizden gelen gayreti g\u00f6sterdik\u201d dedi.<\/p>\n<p>\u201cBurdur\u2019un tan\u0131t\u0131m\u0131na katk\u0131 sa\u011flayacak\u201d<\/p>\n<p>Bu y\u0131l 17 A\u011fustos\u2019ta yap\u0131lacak olan ya\u011fl\u0131 pehlivan g\u00fcre\u015flerine kat\u0131lacak 40 ba\u015fpehlivan\u0131n tamam\u0131n\u0131n T\u00fcrkiye\u2019deki t\u00fcm g\u00fcre\u015flerde iddial\u0131 olan ve K\u0131rkp\u0131nar\u2019da ba\u015fpehlivanl\u0131k i\u00e7in g\u00fcre\u015fen pehlivanlar oldu\u011funu s\u00f6yleyen Ba\u015fkan Ercengiz, Burdur\u2019a yak\u0131\u015fan bir \u015fekilde organizasyon yapacaklar\u0131n\u0131 s\u00f6yledi. Ercengiz, \u015f\u00f6yle devam etti:<\/p>\n<p>&#8220;Organizasyonun Burdur\u2019un tan\u0131t\u0131m\u0131na katk\u0131da bulunaca\u011f\u0131na inan\u0131yorum. B\u00f6lgemizin temiz \u00e7ocuklar\u0131n\u0131, k\u00f6t\u00fc al\u0131\u015fkanl\u0131klardan korumak ve spora olan sevgiyi ve yatk\u0131nl\u0131\u011f\u0131 art\u0131rabilmek i\u00e7in de bu organizasyonun Burdur\u2019da \u00e7ok etkili olaca\u011f\u0131n\u0131 d\u00fc\u015f\u00fcn\u00fcyorum. Burdur Ticaret ve Sanayi Odam\u0131z bu konuda bize destek oldu, organizasyonumuza sahip \u00e7\u0131karak, katk\u0131 verdiler. T\u00fcrkiye\u2019nin belki de en g\u00fczel \u00e7ay\u0131r\u0131na sahip bir organizasyona ev sahipli\u011fi yap\u0131yoruz. Burdur G\u00f6l\u00fc\u2019ne naz\u0131r sahada bir taraf\u0131ndan o kuruyup gitmesine \u00fcz\u00fcld\u00fc\u011f\u00fcm\u00fcz g\u00f6le yeniden dikkat \u00e7ekmeyi ba\u015faraca\u011f\u0131z.\u201d<\/p>\n","protected":false},"excerpt":{"rendered":"<p>BURDUR BELED\u0130YES\u0130 2. YA\u011eLI G\u00dcRE\u015eLER\u0130 17 A\u011eUSTOS\u2019 DA YAPILACAK.<\/p>\n","protected":false},"author":1,"featured_media":0,"comment_status":"closed","ping_status":"open","sticky":false,"template":"","format":"standard","meta":{"jetpack_post_was_ever_published":false,"_jetpack_newsletter_access":"","_jetpack_dont_email_post_to_subs":false,"_jetpack_newsletter_tier_id":0,"_jetpack_memberships_contains_paywalled_content":false,"_jetpack_memberships_contains_paid_content":false,"footnotes":"","jetpack_publicize_message":"","jetpack_publicize_feature_enabled":true,"jetpack_social_post_already_shared":true,"jetpack_social_options":{"image_generator_settings":{"template":"highway","default_image_id":0,"font":"","enabled":false},"version":2}},"categories":[657],"tags":[42411,383,21348,8517,11762,158],"class_list":["post-174427","post","type-post","status-publish","format-standard","hentry","category-spor","tag-agustosda","tag-belediyesi","tag-burdur","tag-guresleri","tag-yagli","tag-yapilacak"],"jetpack_publicize_connections":[],"jetpack_featured_media_url":"","jetpack_sharing_enabled":true,"jetpack_shortlink":"https:\/\/wp.me\/paKIfm-Jnl","_links":{"self":[{"href":"http:\/\/www.tvturk.com\/index.php\/wp-json\/wp\/v2\/posts\/174427","targetHints":{"allow":["GET"]}}],"collection":[{"href":"http:\/\/www.tvturk.com\/index.php\/wp-json\/wp\/v2\/posts"}],"about":[{"href":"http:\/\/www.tvturk.com\/index.php\/wp-json\/wp\/v2\/types\/post"}],"author":[{"embeddable":true,"href":"http:\/\/www.tvturk.com\/index.php\/wp-json\/wp\/v2\/users\/1"}],"replies":[{"embeddable":true,"href":"http:\/\/www.tvturk.com\/index.php\/wp-json\/wp\/v2\/comments?post=174427"}],"version-history":[{"count":0,"href":"http:\/\/www.tvturk.com\/index.php\/wp-json\/wp\/v2\/posts\/174427\/revisions"}],"wp:attachment":[{"href":"http:\/\/www.tvturk.com\/index.php\/wp-json\/wp\/v2\/media?parent=174427"}],"wp:term":[{"taxonomy":"category","embeddable":true,"href":"http:\/\/www.tvturk.com\/index.php\/wp-json\/wp\/v2\/categories?post=174427"},{"taxonomy":"post_tag","embeddable":true,"href":"http:\/\/www.tvturk.com\/index.php\/wp-json\/wp\/v2\/tags?post=174427"}],"curies":[{"name":"wp","href":"https:\/\/api.w.org\/{rel}","templated":true}]}}