{"id":174457,"date":"2019-06-26T18:31:31","date_gmt":"2019-06-26T15:31:31","guid":{"rendered":"http:\/\/www.tvturk.com\/index.php\/aksarayli-sehit-son-yolculuguna-ugurlandi\/"},"modified":"2019-06-26T18:31:31","modified_gmt":"2019-06-26T15:31:31","slug":"aksarayli-sehit-son-yolculuguna-ugurlandi","status":"publish","type":"post","link":"http:\/\/www.tvturk.com\/index.php\/aksarayli-sehit-son-yolculuguna-ugurlandi\/","title":{"rendered":"Aksarayl\u0131 \u015fehit son yolculu\u011funa u\u011furland\u0131"},"content":{"rendered":"<p>Suriye\u2019de PKK\u2019l\u0131 ter\u00f6ristlerle girilen \u00e7at\u0131\u015fmada \u015fehit olan Uzman Onba\u015f\u0131 Mikail Candan, memleketi Aksaray\u2019\u0131n merkeze ba\u011fl\u0131 Ba\u011fl\u0131kaya beldesinde son yolculu\u011funa u\u011furland\u0131.<\/p>\n<p>Suriye\u2019nin Halep kentine ba\u011fl\u0131 Afrin il\u00e7esindeki Kimar b\u00f6lgesinde ke\u015fif faaliyetleri s\u0131ras\u0131nda sabah 04.00 sular\u0131nda ter\u00f6ristlerle \u00e7\u0131kan \u00e7at\u0131\u015fma sonucu Aksarayl\u0131 Uzman Onba\u015f\u0131 Mikail Candan (23) \u015fehit d\u00fc\u015ft\u00fc. 8 ayl\u0131k Uzman Onba\u015f\u0131 Mikail Candan\u2019\u0131n ac\u0131 haberi Aksaray\u2019\u0131n merkeze ba\u011fl\u0131 Ba\u011fl\u0131kaya beldesinde oturan ailesine ula\u015ft\u0131. \u00c7ift\u00e7i Ra\u015fit Candan ile \u00dcm\u00fc\u015f Candan\u2019a o\u011fullar\u0131n\u0131n \u015fehit oldu\u011fu haberini yetkililer verdi. Haberi alan belde sakinleri ve yak\u0131nlar\u0131, taziye i\u00e7in T\u00fcrk bayra\u011f\u0131 as\u0131lan eve gelmeye ba\u015flad\u0131. Baba Ra\u015fit Candan\u2019\u0131n, bekar olan o\u011fluyla en son d\u00fcn telefonla g\u00f6r\u00fc\u015ft\u00fc\u011f\u00fc \u00f6\u011frenildi. \u015eehit Mikail Candan\u2019\u0131n cenazesi saat 14.30\u2019da Hatay\u2019dan u\u00e7akla Nev\u015fehir\u2019e, buradan da cenaze arac\u0131yla Aksaray\u2019a getirildi. \u0130lk olarak Ba\u011fl\u0131kaya beldesinde baba evine getirilen \u015fehidin cenazesi daha sonra Ba\u011fl\u0131kaya beldesinde bulunan Yeni Camiye getirildi. \u015eehidin cenazesi, ikindi namaz\u0131n\u0131 m\u00fcteakip k\u0131l\u0131nan cenaze namaz\u0131n\u0131n ard\u0131ndan belde mezarl\u0131\u011f\u0131nda defnedildi.<\/p>\n<p>Cenaze namaz\u0131na, Aksaray Valisi Ali Mant\u0131, milletvekilleri, Belediye Ba\u015fkan\u0131 Evren Din\u00e7er, Kara Kuvvetleri Lojistik Komutan Yard\u0131mc\u0131s\u0131 Tu\u011fgeneral Sinan Eren, \u0130l Jandarma Komutan\u0131 Jandarma Albay Fuat An\u0131k, Emniyet M\u00fcd\u00fcr\u00fc Ali Karaba\u011f, il protokol\u00fc ve \u00e7ok say\u0131da vatanda\u015f kat\u0131ld\u0131.<\/p>\n","protected":false},"excerpt":{"rendered":"<p>SUR\u0130YE&#8217;DE PKK&#8217;LI TER\u00d6R\u0130STLERLE G\u0130R\u0130LEN \u00c7ATI\u015eMADA \u015eEH\u0130T OLAN UZMAN ONBA\u015eI M\u0130KA\u0130L CANDAN, MEMLEKET\u0130 AKSARAY\u2019IN MERKEZE BA\u011eLI BA\u011eLIKAYA BELDES\u0130NDE SON YOLCULU\u011eUNA U\u011eURLANDI.<\/p>\n","protected":false},"author":1,"featured_media":0,"comment_status":"closed","ping_status":"open","sticky":false,"template":"","format":"standard","meta":{"jetpack_post_was_ever_published":false,"_jetpack_newsletter_access":"","_jetpack_dont_email_post_to_subs":false,"_jetpack_newsletter_tier_id":0,"_jetpack_memberships_contains_paywalled_content":false,"_jetpack_memberships_contains_paid_content":false,"footnotes":"","jetpack_publicize_message":"","jetpack_publicize_feature_enabled":true,"jetpack_social_post_already_shared":true,"jetpack_social_options":{"image_generator_settings":{"template":"highway","default_image_id":0,"font":"","enabled":false},"version":2}},"categories":[1],"tags":[42423,237,1240,2516,2515],"class_list":["post-174457","post","type-post","status-publish","format-standard","hentry","category-genel","tag-aksarayli","tag-sehit","tag-son","tag-ugurlandi","tag-yolculuguna"],"jetpack_publicize_connections":[],"jetpack_featured_media_url":"","jetpack_sharing_enabled":true,"jetpack_shortlink":"https:\/\/wp.me\/paKIfm-JnP","_links":{"self":[{"href":"http:\/\/www.tvturk.com\/index.php\/wp-json\/wp\/v2\/posts\/174457","targetHints":{"allow":["GET"]}}],"collection":[{"href":"http:\/\/www.tvturk.com\/index.php\/wp-json\/wp\/v2\/posts"}],"about":[{"href":"http:\/\/www.tvturk.com\/index.php\/wp-json\/wp\/v2\/types\/post"}],"author":[{"embeddable":true,"href":"http:\/\/www.tvturk.com\/index.php\/wp-json\/wp\/v2\/users\/1"}],"replies":[{"embeddable":true,"href":"http:\/\/www.tvturk.com\/index.php\/wp-json\/wp\/v2\/comments?post=174457"}],"version-history":[{"count":0,"href":"http:\/\/www.tvturk.com\/index.php\/wp-json\/wp\/v2\/posts\/174457\/revisions"}],"wp:attachment":[{"href":"http:\/\/www.tvturk.com\/index.php\/wp-json\/wp\/v2\/media?parent=174457"}],"wp:term":[{"taxonomy":"category","embeddable":true,"href":"http:\/\/www.tvturk.com\/index.php\/wp-json\/wp\/v2\/categories?post=174457"},{"taxonomy":"post_tag","embeddable":true,"href":"http:\/\/www.tvturk.com\/index.php\/wp-json\/wp\/v2\/tags?post=174457"}],"curies":[{"name":"wp","href":"https:\/\/api.w.org\/{rel}","templated":true}]}}