{"id":174471,"date":"2019-06-26T18:32:31","date_gmt":"2019-06-26T15:32:31","guid":{"rendered":"http:\/\/www.tvturk.com\/index.php\/ibo-aslan-dunya-sampiyonu\/"},"modified":"2019-06-26T18:32:31","modified_gmt":"2019-06-26T15:32:31","slug":"ibo-aslan-dunya-sampiyonu","status":"publish","type":"post","link":"http:\/\/www.tvturk.com\/index.php\/ibo-aslan-dunya-sampiyonu\/","title":{"rendered":"\u0130bo Aslan D\u00fcnya \u015fampiyonu"},"content":{"rendered":"<p>Avusturya\u2019n\u0131n ba\u015fkenti Viyana\u2019da d\u00fczenlenen Vendetta \u015fampiyonlar gecesinde ringe \u00e7\u0131kan 23 ya\u015f\u0131ndaki gen\u00e7 MMA d\u00f6v\u00fc\u015f\u00e7\u00fcs\u00fc \u0130bo Aslan, rakibini nakavt ederek d\u00fcnya \u015fampiyonluk kemerini beline takt\u0131.<\/p>\n<p>Vendetta \u015fampiyonlar gecesine MMA d\u00f6v\u00fc\u015f\u00e7\u00fcs\u00fc \u0130bo Aslan damga vurdu. Ma\u00e7\u0131n ba\u015f\u0131ndan itibaren rakibine bask\u0131 uygulayan T\u00fcrk sporcu, adeta \u015fov yapt\u0131. 1.90 boyunda ve 106 kilo d\u00f6v\u00fc\u015f\u00e7\u00fc kar\u015f\u0131la\u015fmay\u0131 nakavt ile alarak m\u00fcthi\u015f bir zafere daha imza att\u0131. Salonu t\u0131kl\u0131m t\u0131kl\u0131m dolduran T\u00fcrk ve Avusturyal\u0131 seyirciler Aslan\u2019\u0131 tezah\u00fcrata bo\u011farken, \u0130bo kar\u015f\u0131la\u015fman\u0131n ard\u0131ndan babas\u0131 Cuma Demirarslan ve promot\u00f6r\u00fc B\u00fclent Sa\u011flam\u2019\u0131 ringe davet ederken, duygusal anlar ya\u015fand\u0131. \u0130bo yapt\u0131\u011f\u0131 konu\u015fmada, &#8220;\u00d6ncelikle babam\u0131n bana verdi\u011fi emekler ve yard\u0131mlar\u0131 hi\u00e7bir \u015fekilde \u00f6deyemem kendisine huzurlar\u0131n\u0131zda te\u015fekk\u00fcr ediyorum. Promot\u00f6r\u00fcm B\u00fclent Sa\u011flam da \u00e7ok b\u00fcy\u00fck emekler vererek d\u00fcnya \u015fampiyonu olmam i\u00e7in elinden geleni yapt\u0131. Antren\u00f6rlerim, ekibim ve sponsorlar\u0131m\u0131n da bu ba\u015far\u0131da b\u00fcy\u00fck eme\u011fi var. Siz seyircilerim ve bana destek olan herkese huzurlar\u0131n\u0131zda ayr\u0131 ayr\u0131 te\u015fekk\u00fcr etmek istiyorum&#8221; dedi.<\/p>\n<p>B\u00fclent Sa\u011flam: &#8220;\u0130bo gelecekte bir d\u00fcnya star\u0131 olacak&#8221;<\/p>\n<p>Avusturya\u2019n\u0131n en b\u00fcy\u00fck d\u00f6v\u00fc\u015f sporlar\u0131 kul\u00fcb\u00fc Iron Fist Gym (Demir Yumruk) ve Vendetta Organizasyon Y\u00f6netim Kurulu Ba\u015fkan\u0131 B\u00fclent Sa\u011flam, sporcusunun bu gen\u00e7 ya\u015f\u0131nda b\u00fcy\u00fck ba\u015far\u0131lara imza att\u0131\u011f\u0131n\u0131n alt\u0131n\u0131 \u00e7izerek, &#8220;\u0130bo gelece\u011fin y\u0131ld\u0131zlar\u0131ndan birisidir. Biz bunun bilincinde olarak kendisini \u00f6zel olarak e\u011fitiyoruz. D\u00fcnya starlar\u0131yla antrenmanlar yapmas\u0131 i\u00e7in elimizden geleni yap\u0131yoruz. Bu kar\u015f\u0131la\u015fmaya da d\u00fcnyan\u0131n en iyi d\u00f6v\u00fc\u015f\u00e7\u00fclerinin yeti\u015fti\u011fi Hollanda\u2019daki bir kul\u00fcpte haz\u0131rlad\u0131k kendisini ve sonu\u00e7ta do\u011fru yapt\u0131\u011f\u0131m\u0131z\u0131 g\u00f6sterdi. Son bahara do\u011fru T\u00fcrkiye\u2019de Sakarya veya \u0130stanbul\u2019da bir gala daha d\u00fczenleyece\u011fiz ve orada da yine d\u00fcnya star\u0131 d\u00f6v\u00fc\u015f\u00e7\u00fcleri \u00e7\u0131kararak \u00fclkemizdeki gen\u00e7lerimize de d\u00fcnyaya a\u00e7\u0131lma f\u0131rsat\u0131 verece\u011fiz&#8221; \u015feklinde konu\u015ftu.<\/p>\n<p>Vedat Alyaz: &#8220;\u0130bo bir d\u00fcnya star\u0131&#8221;<\/p>\n<p>Avusturya\u2019n\u0131n en b\u00fcy\u00fck d\u00f6v\u00fc\u015f sporlar\u0131 organizasyonu olan Vendetta Promosyon\u2019un bas\u0131n dan\u0131\u015fman\u0131 Vedat Alyaz da ikinci kez d\u00fcnya \u015fampiyonlu\u011funa ula\u015ft\u0131klar\u0131n\u0131 vurgulayarak, &#8220;\u0130bo bug\u00fcne kadar yapt\u0131\u011f\u0131 yedi ma\u00e7\u0131n hepsini nakavtla kazand\u0131. Bunlardan alt\u0131 kar\u015f\u0131la\u015fmay\u0131 birinci rauntta nakavt etti. Bu da onun ne kadar g\u00fc\u00e7l\u00fc ve gelecek vadeden bir sporcu oldu\u011funu g\u00f6steriyor. Avrupa\u2019daki gen\u00e7lerimiz ay-y\u0131ld\u0131zl\u0131 bayra\u011f\u0131m\u0131z\u0131 en iyi \u015fekilde temsil etmekte ve \u0130stiklal Mar\u015f\u0131\u2019m\u0131z\u0131 Avrupa\u2019n\u0131n g\u00f6be\u011finde okutuyor. Gelecek y\u0131llarda da \u00fclkemiz ve de\u011ferlerini t\u00fcm d\u00fcnyaya tan\u0131taca\u011f\u0131na olan inanc\u0131m\u0131z tam&#8221; ifadelerini kulland\u0131.<\/p>\n","protected":false},"excerpt":{"rendered":"<p>AVUSTURYA\u2019NIN BA\u015eKENT\u0130 V\u0130YANA\u2019DA D\u00dcZENLENEN VENDETTA \u015eAMP\u0130YONLAR GECES\u0130NDE R\u0130NGE \u00c7IKAN 23 YA\u015eINDAK\u0130 GEN\u00c7 MMA D\u00d6V\u00dc\u015e\u00c7\u00dcS\u00dc \u0130BO ASLAN, RAK\u0130B\u0130N\u0130 NAKAVT EDEREK D\u00dcNYA \u015eAMP\u0130YONLUK KEMER\u0130N\u0130 BEL\u0130NE TAKTI.<\/p>\n","protected":false},"author":1,"featured_media":0,"comment_status":"closed","ping_status":"open","sticky":false,"template":"","format":"standard","meta":{"jetpack_post_was_ever_published":false,"_jetpack_newsletter_access":"","_jetpack_dont_email_post_to_subs":false,"_jetpack_newsletter_tier_id":0,"_jetpack_memberships_contains_paywalled_content":false,"_jetpack_memberships_contains_paid_content":false,"footnotes":"","jetpack_publicize_message":"","jetpack_publicize_feature_enabled":true,"jetpack_social_post_already_shared":true,"jetpack_social_options":{"image_generator_settings":{"template":"highway","default_image_id":0,"font":"","enabled":false},"version":2}},"categories":[657],"tags":[349,9471,42427,2415],"class_list":["post-174471","post","type-post","status-publish","format-standard","hentry","category-spor","tag-dunya","tag-aslan","tag-ibo","tag-sampiyonu"],"jetpack_publicize_connections":[],"jetpack_featured_media_url":"","jetpack_sharing_enabled":true,"jetpack_shortlink":"https:\/\/wp.me\/paKIfm-Jo3","_links":{"self":[{"href":"http:\/\/www.tvturk.com\/index.php\/wp-json\/wp\/v2\/posts\/174471","targetHints":{"allow":["GET"]}}],"collection":[{"href":"http:\/\/www.tvturk.com\/index.php\/wp-json\/wp\/v2\/posts"}],"about":[{"href":"http:\/\/www.tvturk.com\/index.php\/wp-json\/wp\/v2\/types\/post"}],"author":[{"embeddable":true,"href":"http:\/\/www.tvturk.com\/index.php\/wp-json\/wp\/v2\/users\/1"}],"replies":[{"embeddable":true,"href":"http:\/\/www.tvturk.com\/index.php\/wp-json\/wp\/v2\/comments?post=174471"}],"version-history":[{"count":0,"href":"http:\/\/www.tvturk.com\/index.php\/wp-json\/wp\/v2\/posts\/174471\/revisions"}],"wp:attachment":[{"href":"http:\/\/www.tvturk.com\/index.php\/wp-json\/wp\/v2\/media?parent=174471"}],"wp:term":[{"taxonomy":"category","embeddable":true,"href":"http:\/\/www.tvturk.com\/index.php\/wp-json\/wp\/v2\/categories?post=174471"},{"taxonomy":"post_tag","embeddable":true,"href":"http:\/\/www.tvturk.com\/index.php\/wp-json\/wp\/v2\/tags?post=174471"}],"curies":[{"name":"wp","href":"https:\/\/api.w.org\/{rel}","templated":true}]}}