{"id":174521,"date":"2019-06-27T09:01:08","date_gmt":"2019-06-27T06:01:08","guid":{"rendered":"http:\/\/www.tvturk.com\/index.php\/cumhurbaskani-erdogan-japonyada\/"},"modified":"2019-06-27T09:01:08","modified_gmt":"2019-06-27T06:01:08","slug":"cumhurbaskani-erdogan-japonyada","status":"publish","type":"post","link":"http:\/\/www.tvturk.com\/index.php\/cumhurbaskani-erdogan-japonyada\/","title":{"rendered":"Cumhurba\u015fkan\u0131 Erdo\u011fan Japonya\u2019da"},"content":{"rendered":"<p>Cumhurba\u015fkan\u0131 Recep Tayyip Erdo\u011fan G20 Liderler Zirvesi\u2019ne kat\u0131lmak \u00fczere Japonya\u2019n\u0131n Osaka \u015fehrine geldi.<\/p>\n<p>Japonya\u2019n\u0131n Osaka \u015fehrinde ger\u00e7ekle\u015ftirilecek G20 Liderler Zirvesi\u2019ne kat\u0131lmak \u00fczere d\u00fcn T\u00fcrkiye\u2019den ayr\u0131lan Cumhurba\u015fkan\u0131 Recep Tayyip Erdo\u011fan, bug\u00fcn TS\u0130 06.15\u2019te Osaka\u2019n\u0131n Kansai Havaalan\u0131\u2019na indi. TC TRK u\u00e7a\u011f\u0131yla Japonya\u2019ya gelen ve Japonya D\u0131\u015fi\u015fleri Bakan Yard\u0131mc\u0131s\u0131 Kenji Yamada ve T\u00fcrkiye\u2019nin Tokyo B\u00fcy\u00fckel\u00e7i\u015fi Hasat Murat Mercan taraf\u0131ndan kar\u015f\u0131lanan Erdo\u011fan\u2019a e\u015fi Emine Erdo\u011fan\u2019\u0131n yan\u0131 s\u0131ra D\u0131\u015fi\u015fleri Bakan\u0131 Mevl\u00fct \u00c7avu\u015fo\u011flu, Hazine ve Maliye Bakan\u0131 Berat Albayrak, Milli Savunma Bakan\u0131 Hulusi Akar, Cumhurba\u015fkanl\u0131\u011f\u0131 \u0130leti\u015fim Daire Ba\u015fkan\u0131 Fahrettin Altun ve Cumhurba\u015fkanl\u0131\u011f\u0131 S\u00f6zc\u00fcs\u00fc \u0130brahim Kal\u0131n da e\u015flik ediyor.<\/p>\n<p>28-29 Haziran\u2019da ger\u00e7ekle\u015ftirilecek zirvede \u00f6nemli temaslarda bulunmas\u0131 beklenen Erdo\u011fan\u2019\u0131n 29 Haziran g\u00fcn\u00fc ABD Ba\u015fkan\u0131 Donald Trump ve Rusya Devlet Ba\u015fkan\u0131 Vladimir Putin ile g\u00f6r\u00fc\u015fmesi bekleniyor. G\u00f6r\u00fc\u015fmelerde masada olacak ana konular\u0131n ba\u015f\u0131nda S-400 Hava Savunma Sistemleri ve F-35 sava\u015f u\u00e7aklar\u0131n\u0131n al\u0131m s\u00fcre\u00e7lerinin yer alaca\u011f\u0131 tahmin ediliyor.<\/p>\n<p>Cumhurba\u015fkan\u0131 Erdo\u011fan ve e\u015fi Emine Erdo\u011fan, konaklayacaklar\u0131 otele geldiklerinde 2020 Olimpiyatlar\u0131\u2019nda T\u00fcrkiye i\u00e7in \u00f6zel olarak haz\u0131rlanan geleneksel Japon kimono k\u0131yafetleriyle kar\u015f\u0131land\u0131.<\/p>\n","protected":false},"excerpt":{"rendered":"<p>CUMHURBA\u015eKANI RECEP TAYY\u0130P ERDO\u011eAN G20 L\u0130DERLER Z\u0130RVES\u0130&#8217;NE KATILMAK \u00dcZERE JAPONYA&#8217;NIN OSAKA \u015eEHR\u0130NE GELD\u0130.<\/p>\n","protected":false},"author":1,"featured_media":0,"comment_status":"closed","ping_status":"open","sticky":false,"template":"","format":"standard","meta":{"jetpack_post_was_ever_published":false,"_jetpack_newsletter_access":"","_jetpack_dont_email_post_to_subs":false,"_jetpack_newsletter_tier_id":0,"_jetpack_memberships_contains_paywalled_content":false,"_jetpack_memberships_contains_paid_content":false,"footnotes":"","jetpack_publicize_message":"","jetpack_publicize_feature_enabled":true,"jetpack_social_post_already_shared":true,"jetpack_social_options":{"image_generator_settings":{"template":"highway","default_image_id":0,"font":"","enabled":false},"version":2}},"categories":[10],"tags":[503,649,15716],"class_list":["post-174521","post","type-post","status-publish","format-standard","hentry","category-dunya","tag-cumhurbaskani","tag-erdogan","tag-japonyada"],"jetpack_publicize_connections":[],"jetpack_featured_media_url":"","jetpack_sharing_enabled":true,"jetpack_shortlink":"https:\/\/wp.me\/paKIfm-JoR","_links":{"self":[{"href":"http:\/\/www.tvturk.com\/index.php\/wp-json\/wp\/v2\/posts\/174521","targetHints":{"allow":["GET"]}}],"collection":[{"href":"http:\/\/www.tvturk.com\/index.php\/wp-json\/wp\/v2\/posts"}],"about":[{"href":"http:\/\/www.tvturk.com\/index.php\/wp-json\/wp\/v2\/types\/post"}],"author":[{"embeddable":true,"href":"http:\/\/www.tvturk.com\/index.php\/wp-json\/wp\/v2\/users\/1"}],"replies":[{"embeddable":true,"href":"http:\/\/www.tvturk.com\/index.php\/wp-json\/wp\/v2\/comments?post=174521"}],"version-history":[{"count":0,"href":"http:\/\/www.tvturk.com\/index.php\/wp-json\/wp\/v2\/posts\/174521\/revisions"}],"wp:attachment":[{"href":"http:\/\/www.tvturk.com\/index.php\/wp-json\/wp\/v2\/media?parent=174521"}],"wp:term":[{"taxonomy":"category","embeddable":true,"href":"http:\/\/www.tvturk.com\/index.php\/wp-json\/wp\/v2\/categories?post=174521"},{"taxonomy":"post_tag","embeddable":true,"href":"http:\/\/www.tvturk.com\/index.php\/wp-json\/wp\/v2\/tags?post=174521"}],"curies":[{"name":"wp","href":"https:\/\/api.w.org\/{rel}","templated":true}]}}