{"id":174547,"date":"2019-06-27T09:46:00","date_gmt":"2019-06-27T06:46:00","guid":{"rendered":"http:\/\/www.tvturk.com\/index.php\/putin-siyasi-kriz-yasanan-ulkeye-cumhurbaskani-atadi\/"},"modified":"2019-06-27T09:46:00","modified_gmt":"2019-06-27T06:46:00","slug":"putin-siyasi-kriz-yasanan-ulkeye-cumhurbaskani-atadi","status":"publish","type":"post","link":"http:\/\/www.tvturk.com\/index.php\/putin-siyasi-kriz-yasanan-ulkeye-cumhurbaskani-atadi\/","title":{"rendered":"Putin, siyasi kriz ya\u015fanan \u00fclkeye cumhurba\u015fkan\u0131 atad\u0131"},"content":{"rendered":"<p>Rusya\u2019ya ba\u011fl\u0131 \u0130ngu\u015fetya \u00d6zerk Cumhuriyeti\u2019nin istifa eden Cumhurba\u015fkan\u0131 yerine Rusya Devlet Ba\u015fkan\u0131 Vladimir Putin taraf\u0131ndan ge\u00e7ici Cumhurba\u015fkan\u0131 atand\u0131.<\/p>\n<p>Rusya\u2019ya ba\u011fl\u0131 Kafkasya \u00fclkelerinden \u0130ngu\u015fetya \u00d6zerk Cumhuriyeti\u2019nin 2008 y\u0131l\u0131nda devlet ba\u015fkanl\u0131\u011f\u0131 g\u00f6revinde bulunan Dimitri Medvedev taraf\u0131ndan atanan ve \u0130ngu\u015fetya parlamentosu taraf\u0131ndan \u00fclkenin 3. Cumhurba\u015fkan\u0131 olarak se\u00e7ilen Yunus-bek Yevkurov  ge\u00e7ti\u011fimiz g\u00fcnlerde istifa etti\u011fini a\u00e7\u0131klam\u0131\u015ft\u0131. \u00c7e\u00e7enistan ile s\u0131n\u0131r sorunu ya\u015fayan \u0130ngu\u015fetya ge\u00e7ti\u011fimiz y\u0131l \u00c7e\u00e7enistan ile s\u0131n\u0131r anla\u015fmas\u0131 imzalam\u0131\u015f, \u0130ngu\u015fetya muhalefeti ise bu anla\u015fmaya sert tepki g\u00f6sterince sokak olaylar\u0131 ya\u015fanm\u0131\u015ft\u0131. H\u00fck\u00fcmet ile sorunlar ya\u015fayan Yevkurov 2023 tarihinde sona erecek olan g\u00f6rev s\u00fcresinin tamamlanmas\u0131na 4 y\u0131l kala g\u00f6revinden istifa etmi\u015fti.<\/p>\n<p>Kremlin taraf\u0131ndan yap\u0131lan bas\u0131n a\u00e7\u0131klamas\u0131nda, Rusya Devlet Ba\u015fkan\u0131 Vladimir Putin\u2019in \u0130ngu\u015fetya Cumhurba\u015fkanl\u0131\u011f\u0131 g\u00f6revine \u0130ngu\u015fetya B\u00f6lge Savc\u0131s\u0131 Mahmud Ali Kalimatov\u2019u atad\u0131\u011f\u0131 belirtildi. A\u00e7\u0131klamada, Kalimatov\u2019un yasalar gere\u011fi \u0130ngu\u015fetya\u2019da yeni bir se\u00e7im yap\u0131lana kadar vekil cumhurba\u015fkan\u0131 olarak g\u00f6revini s\u00fcrd\u00fcrece\u011fi ifade edildi.<\/p>\n","protected":false},"excerpt":{"rendered":"<p>RUSYA DEVLET BA\u015eKANI VLAD\u0130M\u0130R PUT\u0130N, \u0130NGU\u015eETYA CUMHURBA\u015eKANLI\u011eI G\u00d6REV\u0130NE \u0130NGU\u015eETYA B\u00d6LGE SAVCISI MAHMUD AL\u0130 KAL\u0130MATOV\u2019U ATADI<\/p>\n","protected":false},"author":1,"featured_media":0,"comment_status":"closed","ping_status":"open","sticky":false,"template":"","format":"standard","meta":{"jetpack_post_was_ever_published":false,"_jetpack_newsletter_access":"","_jetpack_dont_email_post_to_subs":false,"_jetpack_newsletter_tier_id":0,"_jetpack_memberships_contains_paywalled_content":false,"_jetpack_memberships_contains_paid_content":false,"footnotes":"","jetpack_publicize_message":"","jetpack_publicize_feature_enabled":true,"jetpack_social_post_already_shared":true,"jetpack_social_options":{"image_generator_settings":{"template":"highway","default_image_id":0,"font":"","enabled":false},"version":2}},"categories":[10],"tags":[42447,503,4747,11790,2698,47,5775],"class_list":["post-174547","post","type-post","status-publish","format-standard","hentry","category-dunya","tag-atadi","tag-cumhurbaskani","tag-kriz","tag-putin","tag-siyasi","tag-ulkeye","tag-yasanan"],"jetpack_publicize_connections":[],"jetpack_featured_media_url":"","jetpack_sharing_enabled":true,"jetpack_shortlink":"https:\/\/wp.me\/paKIfm-Jph","_links":{"self":[{"href":"http:\/\/www.tvturk.com\/index.php\/wp-json\/wp\/v2\/posts\/174547","targetHints":{"allow":["GET"]}}],"collection":[{"href":"http:\/\/www.tvturk.com\/index.php\/wp-json\/wp\/v2\/posts"}],"about":[{"href":"http:\/\/www.tvturk.com\/index.php\/wp-json\/wp\/v2\/types\/post"}],"author":[{"embeddable":true,"href":"http:\/\/www.tvturk.com\/index.php\/wp-json\/wp\/v2\/users\/1"}],"replies":[{"embeddable":true,"href":"http:\/\/www.tvturk.com\/index.php\/wp-json\/wp\/v2\/comments?post=174547"}],"version-history":[{"count":0,"href":"http:\/\/www.tvturk.com\/index.php\/wp-json\/wp\/v2\/posts\/174547\/revisions"}],"wp:attachment":[{"href":"http:\/\/www.tvturk.com\/index.php\/wp-json\/wp\/v2\/media?parent=174547"}],"wp:term":[{"taxonomy":"category","embeddable":true,"href":"http:\/\/www.tvturk.com\/index.php\/wp-json\/wp\/v2\/categories?post=174547"},{"taxonomy":"post_tag","embeddable":true,"href":"http:\/\/www.tvturk.com\/index.php\/wp-json\/wp\/v2\/tags?post=174547"}],"curies":[{"name":"wp","href":"https:\/\/api.w.org\/{rel}","templated":true}]}}