{"id":174569,"date":"2019-06-27T10:15:56","date_gmt":"2019-06-27T07:15:56","guid":{"rendered":"http:\/\/www.tvturk.com\/index.php\/madurofasist-darbe-tesebbusu-onlendi\/"},"modified":"2019-06-27T10:15:56","modified_gmt":"2019-06-27T07:15:56","slug":"madurofasist-darbe-tesebbusu-onlendi","status":"publish","type":"post","link":"http:\/\/www.tvturk.com\/index.php\/madurofasist-darbe-tesebbusu-onlendi\/","title":{"rendered":"Maduro:&#8221;Fa\u015fist darbe te\u015febb\u00fcs\u00fc \u00f6nlendi&#8221;"},"content":{"rendered":"<p>Venezuela Devlet Ba\u015fkan\u0131 Nicolas Maduro, \u00fclkede yap\u0131lan fa\u015fist darbe te\u015febb\u00fcs\u00fcn\u00fcn \u00f6nlendi\u011fini s\u00f6yledi.<\/p>\n<p>Venezuela Devlet Ba\u015fkan\u0131 Nicolas Maduro, g\u00fcvenlik g\u00fc\u00e7lerinin kendisine suikast haz\u0131rlayarak yerine eski savunma bakan\u0131n\u0131 ge\u00e7irme te\u015febb\u00fcs\u00fcn\u00fcn \u00f6nledi\u011fini s\u00f6yledi. Maduro fa\u015fist komplonun ABD taraf\u0131ndan desteklenen muhalefet lideri Juan Guadio, Kolombiya ve \u015eili taraf\u0131ndan yap\u0131lmaya \u00e7al\u0131\u015f\u0131ld\u0131\u011f\u0131n\u0131 s\u00f6zlerine ekledi. Guaido ise bu t\u00fcr su\u00e7lamalar\u0131n say\u0131s\u0131n\u0131 unuttu\u011funu s\u00f6yleyerek iddialar\u0131 reddetti.<\/p>\n<p>Maduro, Guaido\u2019nun Nisan ay\u0131nda bir ayaklanma ba\u015flatmas\u0131n\u0131n ard\u0131ndan muhalefet \u00fczerindeki bask\u0131y\u0131 art\u0131rm\u0131\u015ft\u0131. Haberle\u015fme Bakan\u0131 Jorge Rodriguez, yap\u0131lmaya \u00e7al\u0131\u015f\u0131lan darbe giri\u015fiminin muhalif grup i\u00e7erisinden bilgi verenler taraf\u0131ndan ger\u00e7ekle\u015ftirilmeye \u00e7al\u0131\u015f\u0131ld\u0131\u011f\u0131n\u0131 \u00f6ne s\u00fcrd\u00fc. Rodriguez\u2019e g\u00f6re darbe giri\u015fimine, aktif ve emekli subaylar da dahil olmak \u00fczere yakla\u015f\u0131k 15 ki\u015fi dahil edildi.<\/p>\n<p>Darbe plan\u0131 \u00fc\u00e7 ana askeri \u00fcss\u00fc ele ge\u00e7irme ve Maduro\u0131, kar\u0131s\u0131, h\u00fck\u00fcmet ve Sosyalist Parti\u2019deki baz\u0131 \u00fcst d\u00fczey yetkilileri \u00f6ld\u00fcrme planlar\u0131ndan olu\u015fuyordu. Rodriguez, komplocular\u0131n eski Savunma Bakan\u0131 Raul Baduel\u2019i hapishaneden \u00e7\u0131karmak ve cumhurba\u015fkan\u0131 ilan etmek istediklerini s\u00f6yledi.<\/p>\n<p>Birle\u015fmi\u015f Milletlere (BM) g\u00f6re, 2015\u2019ten bu yana Venezuela\u2019dan ka\u00e7an 4 milyon insan, yeni ve kronik bir g\u0131da ve ila\u00e7 s\u0131k\u0131nt\u0131s\u0131 \u00e7ekmelerine yol a\u00e7an \u015fiddetli bir ekonomik krizin ortas\u0131nda.<\/p>\n<p>Muhalefet lideri Guaido, Ocak ay\u0131nda ge\u00e7ici cumhurba\u015fkan\u0131 oldu\u011funu a\u00e7\u0131klam\u0131\u015f ve ABD ile Latin Amerika\u2019n\u0131n da dahil oldu\u011fu 50\u2019den fazla \u00fclkenin deste\u011fini alm\u0131\u015ft\u0131. Maduro da \u00c7in ve Rusya gibi \u00f6nemli \u00fclkelerin deste\u011fini ald\u0131.<\/p>\n","protected":false},"excerpt":{"rendered":"<p>VENEZUELA DEVLET BA\u015eKANI N\u0130COLAS MADURO, \u00dcLKEDE YAPILAN FA\u015e\u0130ST DARBE TE\u015eEBB\u00dcS\u00dcN\u00dcN \u00d6NLEND\u0130\u011e\u0130N\u0130 S\u00d6YLED\u0130.<\/p>\n","protected":false},"author":1,"featured_media":0,"comment_status":"closed","ping_status":"open","sticky":false,"template":"","format":"standard","meta":{"jetpack_post_was_ever_published":false,"_jetpack_newsletter_access":"","_jetpack_dont_email_post_to_subs":false,"_jetpack_newsletter_tier_id":0,"_jetpack_memberships_contains_paywalled_content":false,"_jetpack_memberships_contains_paid_content":false,"footnotes":"","jetpack_publicize_message":"","jetpack_publicize_feature_enabled":true,"jetpack_social_post_already_shared":true,"jetpack_social_options":{"image_generator_settings":{"template":"highway","default_image_id":0,"font":"","enabled":false},"version":2}},"categories":[10],"tags":[3791,42454,14842,6772],"class_list":["post-174569","post","type-post","status-publish","format-standard","hentry","category-dunya","tag-darbe","tag-madurofasist","tag-onlendi","tag-tesebbusu"],"jetpack_publicize_connections":[],"jetpack_featured_media_url":"","jetpack_sharing_enabled":true,"jetpack_shortlink":"https:\/\/wp.me\/paKIfm-JpD","_links":{"self":[{"href":"http:\/\/www.tvturk.com\/index.php\/wp-json\/wp\/v2\/posts\/174569","targetHints":{"allow":["GET"]}}],"collection":[{"href":"http:\/\/www.tvturk.com\/index.php\/wp-json\/wp\/v2\/posts"}],"about":[{"href":"http:\/\/www.tvturk.com\/index.php\/wp-json\/wp\/v2\/types\/post"}],"author":[{"embeddable":true,"href":"http:\/\/www.tvturk.com\/index.php\/wp-json\/wp\/v2\/users\/1"}],"replies":[{"embeddable":true,"href":"http:\/\/www.tvturk.com\/index.php\/wp-json\/wp\/v2\/comments?post=174569"}],"version-history":[{"count":0,"href":"http:\/\/www.tvturk.com\/index.php\/wp-json\/wp\/v2\/posts\/174569\/revisions"}],"wp:attachment":[{"href":"http:\/\/www.tvturk.com\/index.php\/wp-json\/wp\/v2\/media?parent=174569"}],"wp:term":[{"taxonomy":"category","embeddable":true,"href":"http:\/\/www.tvturk.com\/index.php\/wp-json\/wp\/v2\/categories?post=174569"},{"taxonomy":"post_tag","embeddable":true,"href":"http:\/\/www.tvturk.com\/index.php\/wp-json\/wp\/v2\/tags?post=174569"}],"curies":[{"name":"wp","href":"https:\/\/api.w.org\/{rel}","templated":true}]}}