{"id":174575,"date":"2019-06-27T10:16:20","date_gmt":"2019-06-27T07:16:20","guid":{"rendered":"http:\/\/www.tvturk.com\/index.php\/cig-altinda-kalan-dagciyi-arama-calismalari-devam-ediyor\/"},"modified":"2019-06-27T10:16:20","modified_gmt":"2019-06-27T07:16:20","slug":"cig-altinda-kalan-dagciyi-arama-calismalari-devam-ediyor","status":"publish","type":"post","link":"http:\/\/www.tvturk.com\/index.php\/cig-altinda-kalan-dagciyi-arama-calismalari-devam-ediyor\/","title":{"rendered":"\u00c7\u0131\u011f alt\u0131nda kalan da\u011fc\u0131y\u0131 arama \u00e7al\u0131\u015fmalar\u0131 devam ediyor"},"content":{"rendered":"<p>Ni\u011fde\u2019nin \u00c7amard\u0131 il\u00e7esi Demirkaz\u0131k da\u011f\u0131nda \u00e7\u0131\u011f alt\u0131nda kalan ve 205 g\u00fcnd\u00fcr hava \u015fartlar\u0131n\u0131n olumsuzlu\u011fu nedeniyle bulunamayan da\u011fc\u0131 Mustafa Kemal Karako\u00e7 i\u00e7in arama devam ediyor.<\/p>\n<p>Ni\u011fde\u2019nin \u00c7amard\u0131 il\u00e7esindeki Demirkaz\u0131k Da\u011f\u0131 B\u00f6lgesinde bulunan Eznevit Mevkiinde arkada\u015f\u0131 Hilal \u0130\u015fcan ile birlikte zirve t\u0131rman\u0131\u015f\u0131ndan sonra d\u00f6n\u00fc\u015f yolunda \u00e7\u0131\u011f alt\u0131nda kalan da\u011fc\u0131 Mustafa Kemal Karako\u00e7 (27) i\u00e7in arama \u00e7al\u0131\u015fmalar\u0131 s\u00fcr\u00fcyor.<\/p>\n<p>2 Aral\u0131k 2018 g\u00fcn\u00fc Demirkaz\u0131k Da\u011f\u0131\u2019n\u0131n Eznevit Mevkii\u2019nde t\u0131rman\u0131\u015f yapt\u0131ktan sonra saat 16:00 s\u0131ralar\u0131nda arkada\u015f\u0131 Hilal \u0130\u015fcan ile birlikte d\u00f6n\u00fc\u015fe ge\u00e7ti\u011fi s\u0131rada \u00e7\u0131\u011f alt\u0131nda kalan, hava muhalefeti ve b\u00f6lgenin aramaya m\u00fcsait olmamas\u0131 nedeniyle yakla\u015f\u0131k 205 g\u00fcnd\u00fcr bulunamayan Mustafa Kemal Karako\u00e7 i\u00e7in arama \u00e7al\u0131\u015fmalar\u0131 ba\u015flad\u0131.<\/p>\n<p>Her an bulunabilir<\/p>\n<p>B\u00f6lgede hava s\u0131cakl\u0131\u011f\u0131n\u0131n son g\u00fcnlerde artmas\u0131 nedeniyle h\u0131zla erimeye ba\u015flayan kar k\u00fctlesi nedeniyle Mustafa Kemal Karako\u00e7\u2019un kayboldu\u011fu \u00e7\u0131\u011f alan\u0131 art\u0131k bo\u015f b\u0131rak\u0131lm\u0131yor. \u00c7\u0131\u011f b\u00f6lgesi da\u011fc\u0131n\u0131n kaybolmas\u0131n\u0131n ar\u0131ndan hava \u015fartlar\u0131 m\u00fcsait oldu\u011fu g\u00fcnlerde s\u00fcrekli tarand\u0131. Da\u011fc\u0131n\u0131n \u00e7\u0131\u011f alt\u0131nda kalmas\u0131n\u0131n hemen ard\u0131ndan Ni\u011fde B\u00f6lgesi ve T\u00fcrkiye\u2019nin d\u00f6rt bir yan\u0131nda gelen ekiplerle 2 g\u00fcnl\u00fck bir arama ger\u00e7ekle\u015ftirmi\u015f, havan\u0131n birden bozmas\u0131 nedeniyle aramalara 3. g\u00fcnde ara verilmi\u015fti. Eznevit b\u00f6lgesi olarak bilinen bir vadide \u00fczerine \u00e7\u0131\u011f k\u00fctlesinin gelmesi nedeniyle kaybolan Mustafa Kemal Karako\u00e7\u2019un karlar\u0131n erimeye ba\u015flamas\u0131n\u0131n ard\u0131ndan her an bulunabilece\u011fi belirtiliyor. \u0130lk g\u00fcnlerde yap\u0131lan \u00e7al\u0131\u015fmalarda kar kal\u0131nl\u0131\u011f\u0131n\u0131n baz\u0131 noktalarda 4 metreyi bulmas\u0131 ve daha sonra da yakla\u015f\u0131k 1,5 metre daha \u00e7\u0131\u011f alan\u0131n\u0131n oldu\u011fu b\u00f6lgeye kar ya\u011fmas\u0131 arama \u00e7al\u0131\u015fmalar\u0131n\u0131 olumsuz etkilemi\u015fti.<\/p>\n<p>Kadavra k\u00f6pe\u011fi i\u015fi \u00e7abukla\u015ft\u0131r\u0131r<\/p>\n<p>Mustafa Kemal Karako\u00e7\u2019un \u00e7\u0131\u011f d\u00fc\u015fmesi nedeniyle kayboldu\u011fu alanda AFAD, sivil g\u00f6n\u00fcll\u00fc da\u011fc\u0131lar, TSK ve AKUT Ni\u011fde ekipleri art\u0131k \u00e7\u0131\u011f alan\u0131n\u0131 hi\u00e7 bo\u015f b\u0131rakm\u0131yor. Ekipler da\u011fc\u0131 Mustafa Kemal Karako\u00e7\u2019un olmas\u0131 muhtemel alanlarda sonda ve kaz\u0131 y\u00f6ntemi ile arama \u00e7al\u0131\u015fmalar\u0131 ger\u00e7ekle\u015ftiriyorlar.<\/p>\n<p>B\u00f6lgede \u00e7al\u0131\u015fma ger\u00e7ekle\u015ftiren AKUT ekibinden profesyonel da\u011fc\u0131 Nedim Urcan, \u00e7\u0131\u011f alan\u0131n\u0131n art\u0131k iyice daralmaya ba\u015flad\u0131\u011f\u0131n\u0131 bu nedenle kaybolan da\u011fc\u0131n\u0131n her an bulunabilece\u011fini belirterek,<\/p>\n<p>\u201c\u00c7\u0131\u011f alan\u0131 \u015fu an havalar\u0131n \u0131s\u0131nmas\u0131 ve kaba yel esintileri nedeniyle h\u0131zla eriyor. Kaybolan da\u011fc\u0131n\u0131n her an bulunabilece\u011fi g\u00f6z \u00f6n\u00fcne al\u0131narak b\u00f6lge bo\u015f b\u0131rak\u0131lm\u0131yor. AFAD, sivil g\u00f6n\u00fcll\u00fc da\u011fc\u0131lar, TSK ve AKUT  Ni\u011fde ekibi olarak bizde aramalara s\u00fcrekli kat\u0131l\u0131yoruz. Bu arada \u00f6nemli bir konuyu da belirtmek gerekir. \u00c7\u0131\u011f alan\u0131 e\u011fimli, karlar\u0131n erimeye ba\u015flamas\u0131 ve kar at\u0131ndaki buzlanman\u0131n da gev\u015femesi nedeniyle aramalara kat\u0131lan arkada\u015flar\u0131m\u0131z\u0131n kaymalara kar\u015f\u0131 son derece dikkatli olmalar\u0131 gerekir. Yoksa her an bir kazan\u0131n olmas\u0131 ka\u00e7\u0131n\u0131lmaz. Bu nedenle aramalar bu konuda \u00e7ok daha dikkatli yap\u0131lmal\u0131. Kaybolan da\u011fc\u0131m\u0131z\u0131n k\u0131sa s\u00fcre i\u00e7erisinde bulunma ihtimali var. Fakat bunun biraz daha \u00e7abukla\u015ft\u0131r\u0131lmas\u0131 i\u00e7in b\u00f6lgenin konusunda uzman bir kadavra k\u00f6pe\u011fi ile taranmas\u0131 ve k\u00f6pe\u011fin verece\u011fi tepkiler \u0131\u015f\u0131nda arama yap\u0131lmas\u0131 da\u011fc\u0131n\u0131n bulmas\u0131n\u0131 daha k\u0131sa bir s\u00fcreye indirecektir\u201c dedi.<\/p>\n","protected":false},"excerpt":{"rendered":"<p>N\u0130\u011eDE\u2019N\u0130N \u00c7AMARDI \u0130L\u00c7ES\u0130 DEM\u0130RKAZIK DA\u011eINDA \u00c7I\u011e ALTINDA KALAN VE 205 G\u00dcND\u00dcR HAVA \u015eARTLARININ OLUMSUZLU\u011eU NEDEN\u0130YLE BULUNAMAYAN DA\u011eCI MUSTAFA KEMAL KARAKO\u00c7 \u0130\u00c7\u0130N ARAMA DEVAM ED\u0130YOR.<\/p>\n","protected":false},"author":1,"featured_media":0,"comment_status":"closed","ping_status":"open","sticky":false,"template":"","format":"standard","meta":{"jetpack_post_was_ever_published":false,"_jetpack_newsletter_access":"","_jetpack_dont_email_post_to_subs":false,"_jetpack_newsletter_tier_id":0,"_jetpack_memberships_contains_paywalled_content":false,"_jetpack_memberships_contains_paid_content":false,"footnotes":"","jetpack_publicize_message":"","jetpack_publicize_feature_enabled":true,"jetpack_social_post_already_shared":true,"jetpack_social_options":{"image_generator_settings":{"template":"highway","default_image_id":0,"font":"","enabled":false},"version":2}},"categories":[1],"tags":[3114,1827,310,5654,42455,522,523,1274],"class_list":["post-174575","post","type-post","status-publish","format-standard","hentry","category-genel","tag-altinda","tag-arama","tag-calismalari","tag-cig","tag-dagciyi","tag-devam","tag-ediyor","tag-kalan"],"jetpack_publicize_connections":[],"jetpack_featured_media_url":"","jetpack_sharing_enabled":true,"jetpack_shortlink":"https:\/\/wp.me\/paKIfm-JpJ","_links":{"self":[{"href":"http:\/\/www.tvturk.com\/index.php\/wp-json\/wp\/v2\/posts\/174575","targetHints":{"allow":["GET"]}}],"collection":[{"href":"http:\/\/www.tvturk.com\/index.php\/wp-json\/wp\/v2\/posts"}],"about":[{"href":"http:\/\/www.tvturk.com\/index.php\/wp-json\/wp\/v2\/types\/post"}],"author":[{"embeddable":true,"href":"http:\/\/www.tvturk.com\/index.php\/wp-json\/wp\/v2\/users\/1"}],"replies":[{"embeddable":true,"href":"http:\/\/www.tvturk.com\/index.php\/wp-json\/wp\/v2\/comments?post=174575"}],"version-history":[{"count":0,"href":"http:\/\/www.tvturk.com\/index.php\/wp-json\/wp\/v2\/posts\/174575\/revisions"}],"wp:attachment":[{"href":"http:\/\/www.tvturk.com\/index.php\/wp-json\/wp\/v2\/media?parent=174575"}],"wp:term":[{"taxonomy":"category","embeddable":true,"href":"http:\/\/www.tvturk.com\/index.php\/wp-json\/wp\/v2\/categories?post=174575"},{"taxonomy":"post_tag","embeddable":true,"href":"http:\/\/www.tvturk.com\/index.php\/wp-json\/wp\/v2\/tags?post=174575"}],"curies":[{"name":"wp","href":"https:\/\/api.w.org\/{rel}","templated":true}]}}