{"id":174589,"date":"2019-06-27T10:32:01","date_gmt":"2019-06-27T07:32:01","guid":{"rendered":"http:\/\/www.tvturk.com\/index.php\/yoresel-kilim-sanatini-gelecek-kusaklara-aktaracaklar\/"},"modified":"2019-06-27T10:32:01","modified_gmt":"2019-06-27T07:32:01","slug":"yoresel-kilim-sanatini-gelecek-kusaklara-aktaracaklar","status":"publish","type":"post","link":"http:\/\/www.tvturk.com\/index.php\/yoresel-kilim-sanatini-gelecek-kusaklara-aktaracaklar\/","title":{"rendered":"Y\u00f6resel kilim sanat\u0131n\u0131 gelecek ku\u015faklara aktaracaklar"},"content":{"rendered":"<p>Osmaniye \u00c7al\u0131\u015fma ve \u0130\u015f Kurumu (\u0130\u015eKUR) \u0130l M\u00fcd\u00fcrl\u00fc\u011f\u00fc ile D\u00fczi\u00e7i Halk E\u011fitim Merkezi M\u00fcd\u00fcrl\u00fc\u011f\u00fcnce a\u00e7\u0131lan kursta 15 ki\u015fi \u2019Y\u00f6resel Kilim Dokuyucu\u2019 e\u011fitimi ald\u0131.<\/p>\n<p>K\u00fclt\u00fcr Merkezinde, verilen mesleki e\u011fitimde, kursiyerler hem meslek sahibi oldular hem de geleneksel kilim sanat\u0131n\u0131 \u00f6\u011frenerek gelecek ku\u015faklara aktar\u0131lmas\u0131n\u0131 sa\u011flayacaklar. Kursiyeler 67 g\u00fcn s\u00fcren kurs boyunca g\u00fcnl\u00fck 30 TL \u00fccret alarak har\u00e7l\u0131klar\u0131n\u0131 da \u00e7\u0131kard\u0131.<\/p>\n<p>Usta \u00d6\u011fretici Tezcan K\u0131rg\u0131z, kilim kursunda 15 ki\u015filik grubuyla bir \u00e7ok kilim desenini i\u015flediklerini, k\u00fcpeli zincir, yar yare bakt\u0131, ko\u00e7 boynuzu ve yeni gelin desenlerini daha \u00e7ok \u00e7al\u0131\u015ft\u0131klar\u0131n\u0131 belirtti.<\/p>\n<p>Kursiyerlerin dokuyaca\u011f\u0131 kilimlerin \u00f6l\u00e7\u00fclerini kendilerinin ayarlad\u0131\u011f\u0131n\u0131 desenleri de ona g\u00f6re se\u00e7tiklerini belirten K\u0131rg\u0131z, seccade, k\u00fc\u00e7\u00fck yolluklar, \u00e7antalar, panolar yapt\u0131klar\u0131n\u0131 kaydetti. K\u0131rg\u0131z, \u201cEl sanatlar\u0131 anlam\u0131nda kilimimizin \u00f6ne \u00e7\u0131kmas\u0131 i\u00e7in baz\u0131 m\u00fccadeleler veriyoruz. Bunun i\u00e7inde destek bekliyoruz. Siyasilerden olsun, belediyemizden olsun, \u0130\u015f Kur\u2019un biraz daha desteklemesini kurs s\u00fcresini en az\u0131ndan biraz daha uzatmas\u0131n\u0131 istiyoruz. \u00d6\u011frenciler bu i\u015fi istekle yap\u0131yor&#8221; dedi.<\/p>\n<p>Kursiyer Sadiye Ko\u015fok, y\u00f6resel kilim dokumay\u0131 \u00e7ok merak etti\u011fini bunun i\u00e7in kursa ba\u015flad\u0131\u011f\u0131n\u0131 ifade ederek, &#8220;Evde zaman ge\u00e7irece\u011fimize g\u00fcn\u00fcm\u00fcz\u00fc de\u011ferlendiriyoruz. \u0130mkan olursa ninelerimizden annelerimizden g\u00f6rd\u00fc\u011f\u00fcm\u00fcz bu k\u00fclt\u00fcr\u00fc devam ettirmek istiyoruz\u201d diye konu\u015ftu.<\/p>\n<p>Kursiyer Sakine \u00c7i\u00e7ek, kilim dokumaya kar\u015f\u0131 daha \u00f6nceden de merak\u0131n\u0131n oldu\u011funu b\u00f6yle bir kursun a\u00e7\u0131laca\u011f\u0131n\u0131 duyunca da kat\u0131ld\u0131\u011f\u0131n\u0131 belirterek, &#8220;Yeni dostluklar, arkada\u015fl\u0131klar edindik. Evde oturaca\u011f\u0131m\u0131za terapi gibi sinir stresimizi ald\u0131 g\u00fczel oldu\u201d dedi<\/p>\n","protected":false},"excerpt":{"rendered":"<p>OSMAN\u0130YE \u00c7ALI\u015eMA VE \u0130\u015e KURUMU (\u0130\u015eKUR) \u0130L M\u00dcD\u00dcRL\u00dc\u011e\u00dc \u0130LE D\u00dcZ\u0130\u00c7\u0130 HALK E\u011e\u0130T\u0130M MERKEZ\u0130 M\u00dcD\u00dcRL\u00dc\u011e\u00dcNCE A\u00c7ILAN KURSTA 15 K\u0130\u015e\u0130 &#8216;Y\u00d6RESEL K\u0130L\u0130M DOKUYUCU&#8217; E\u011e\u0130T\u0130M\u0130 ALDI. KURS\u0130YERLER HEM MESLEK SAH\u0130B\u0130 OLDULAR HEM DE GELENEKSEL K\u0130L\u0130M SANATINI \u00d6\u011eRENEREK GELECEK KU\u015eAKLARA AKTARILMASINI SA\u011eLAYACAKLAR.<\/p>\n","protected":false},"author":1,"featured_media":0,"comment_status":"closed","ping_status":"open","sticky":false,"template":"","format":"standard","meta":{"jetpack_post_was_ever_published":false,"_jetpack_newsletter_access":"","_jetpack_dont_email_post_to_subs":false,"_jetpack_newsletter_tier_id":0,"_jetpack_memberships_contains_paywalled_content":false,"_jetpack_memberships_contains_paid_content":false,"footnotes":"","jetpack_publicize_message":"","jetpack_publicize_feature_enabled":true,"jetpack_social_post_already_shared":true,"jetpack_social_options":{"image_generator_settings":{"template":"highway","default_image_id":0,"font":"","enabled":false},"version":2}},"categories":[656],"tags":[42462,81,42461,12301,30047,15698],"class_list":["post-174589","post","type-post","status-publish","format-standard","hentry","category-kultur-sanat","tag-aktaracaklar","tag-gelecek","tag-kilim","tag-kusaklara","tag-sanatini","tag-yoresel"],"jetpack_publicize_connections":[],"jetpack_featured_media_url":"","jetpack_sharing_enabled":true,"jetpack_shortlink":"https:\/\/wp.me\/paKIfm-JpX","_links":{"self":[{"href":"http:\/\/www.tvturk.com\/index.php\/wp-json\/wp\/v2\/posts\/174589","targetHints":{"allow":["GET"]}}],"collection":[{"href":"http:\/\/www.tvturk.com\/index.php\/wp-json\/wp\/v2\/posts"}],"about":[{"href":"http:\/\/www.tvturk.com\/index.php\/wp-json\/wp\/v2\/types\/post"}],"author":[{"embeddable":true,"href":"http:\/\/www.tvturk.com\/index.php\/wp-json\/wp\/v2\/users\/1"}],"replies":[{"embeddable":true,"href":"http:\/\/www.tvturk.com\/index.php\/wp-json\/wp\/v2\/comments?post=174589"}],"version-history":[{"count":0,"href":"http:\/\/www.tvturk.com\/index.php\/wp-json\/wp\/v2\/posts\/174589\/revisions"}],"wp:attachment":[{"href":"http:\/\/www.tvturk.com\/index.php\/wp-json\/wp\/v2\/media?parent=174589"}],"wp:term":[{"taxonomy":"category","embeddable":true,"href":"http:\/\/www.tvturk.com\/index.php\/wp-json\/wp\/v2\/categories?post=174589"},{"taxonomy":"post_tag","embeddable":true,"href":"http:\/\/www.tvturk.com\/index.php\/wp-json\/wp\/v2\/tags?post=174589"}],"curies":[{"name":"wp","href":"https:\/\/api.w.org\/{rel}","templated":true}]}}