{"id":174607,"date":"2019-06-27T11:01:47","date_gmt":"2019-06-27T08:01:47","guid":{"rendered":"http:\/\/www.tvturk.com\/index.php\/en-cok-haber-takip-eden-ulkeler-belli-oldu\/"},"modified":"2019-06-27T11:01:47","modified_gmt":"2019-06-27T08:01:47","slug":"en-cok-haber-takip-eden-ulkeler-belli-oldu","status":"publish","type":"post","link":"http:\/\/www.tvturk.com\/index.php\/en-cok-haber-takip-eden-ulkeler-belli-oldu\/","title":{"rendered":"En \u00e7ok haber takip eden \u00fclkeler belli oldu"},"content":{"rendered":"<p>D\u00fcnyada en \u00e7ok haber takip eden \u00fclkeler belli olurken, T\u00fcrkiye bu listenin \u00fc\u00e7\u00fcnc\u00fc s\u0131ras\u0131nda yer ald\u0131.<\/p>\n<p>Medya takibinin \u00f6nemli kurumu Ajans Press, haber okumaya y\u00f6nelik yap\u0131lan ara\u015ft\u0131rma istatistiklerini inceledi. Ajans Press\u2019in Haber ve Medya Ara\u015ft\u0131rma Merkezi ile Avusturalya Kanberra \u00dcniversitesinin ortak haz\u0131rlad\u0131\u011f\u0131 raporun yan\u0131 s\u0131ra medya yans\u0131malar\u0131ndan derledi\u011fi bilgilere g\u00f6re, T\u00fcrkiye d\u00fcnyan\u0131n en \u00e7ok haber takip eden 3\u2019\u00fcnc\u00fc \u00fclkesi oldu. B\u00f6ylelikle T\u00fcrkiye y\u00fczde 78\u2019lik bir orana sahip olurken, listenin ba\u015f\u0131na y\u00fczde 85 ile \u0130sve\u00e7\u2019in yerle\u015fti\u011fi g\u00f6r\u00fcld\u00fc. \u0130lk 5\u2019te yer alan di\u011fer \u00fclkeler ise y\u00fczde 79 ile Polonya, y\u00fczde 77 ile G\u00fcney Kore, y\u00fczde 70 ile \u0130talya olarak kaydedildi. T\u00fcrkiye\u2019de her g\u00fcn en az 1 kere haberleri kontrol eden kesimin y\u00fczde 42\u2019sinin online oldu\u011fu anla\u015f\u0131l\u0131rken, y\u00fczde 58\u2019inin \u00e7evrimd\u0131\u015f\u0131 kaynaklardan haberleri takip etti\u011fi, y\u00fczde 14\u2019l\u00fck bir kesimin ise haber kayna\u011f\u0131 olarak sosyal medyay\u0131 tercih etti\u011fi analiz edildi.<\/p>\n<p>Medyada en \u00e7ok bu ba\u015fl\u0131klar konu\u015fuldu<\/p>\n<p>PRNet ve Ajans Press\u2019in ger\u00e7ekle\u015ftirdi\u011fi medya ara\u015ft\u0131rmas\u0131nda, konuyla alakal\u0131 yaz\u0131l\u0131 bas\u0131na yans\u0131yan haber ba\u015fl\u0131klar\u0131 da belli oldu. Ger\u00e7ekle\u015ftirilen incelemede 2019 y\u0131l\u0131n\u0131n yar\u0131s\u0131nda en \u00e7ok konu\u015ftu\u011fumuz haber ba\u015fl\u0131klar\u0131 derlendi. 31 Mart\u2019ta ger\u00e7ekle\u015ftirilen yerel se\u00e7imler, 23 Haziran\u2019da tekrarlanan \u0130stanbul se\u00e7imi, S-400 ve F35 ba\u015fl\u0131klar\u0131n\u0131n yan\u0131 s\u0131ra Do\u011fu Akdeniz\u2019de t\u0131rmanan gerilim ve ABD ile \u0130ran aras\u0131nda ya\u015fanan kriz 2019 medya g\u00fcndeminin en \u00e7ok konu\u015fulan ba\u015fl\u0131klar\u0131 aras\u0131nda yer ald\u0131.<\/p>\n","protected":false},"excerpt":{"rendered":"<p>D\u00dcNYADA EN \u00c7OK HABER TAK\u0130P EDEN \u00dcLKELER BELL\u0130 OLURKEN, T\u00dcRK\u0130YE BU L\u0130STEN\u0130N \u00dc\u00c7\u00dcNC\u00dc SIRASINDA YER ALDI.<\/p>\n","protected":false},"author":1,"featured_media":0,"comment_status":"closed","ping_status":"open","sticky":false,"template":"","format":"standard","meta":{"jetpack_post_was_ever_published":false,"_jetpack_newsletter_access":"","_jetpack_dont_email_post_to_subs":false,"_jetpack_newsletter_tier_id":0,"_jetpack_memberships_contains_paywalled_content":false,"_jetpack_memberships_contains_paid_content":false,"footnotes":"","jetpack_publicize_message":"","jetpack_publicize_feature_enabled":true,"jetpack_social_post_already_shared":true,"jetpack_social_options":{"image_generator_settings":{"template":"highway","default_image_id":0,"font":"","enabled":false},"version":2}},"categories":[1],"tags":[612,105,2393,1545,77,3533,8196],"class_list":["post-174607","post","type-post","status-publish","format-standard","hentry","category-genel","tag-belli","tag-cok","tag-eden","tag-haber","tag-oldu","tag-takip","tag-ulkeler"],"jetpack_publicize_connections":[],"jetpack_featured_media_url":"","jetpack_sharing_enabled":true,"jetpack_shortlink":"https:\/\/wp.me\/paKIfm-Jqf","_links":{"self":[{"href":"http:\/\/www.tvturk.com\/index.php\/wp-json\/wp\/v2\/posts\/174607","targetHints":{"allow":["GET"]}}],"collection":[{"href":"http:\/\/www.tvturk.com\/index.php\/wp-json\/wp\/v2\/posts"}],"about":[{"href":"http:\/\/www.tvturk.com\/index.php\/wp-json\/wp\/v2\/types\/post"}],"author":[{"embeddable":true,"href":"http:\/\/www.tvturk.com\/index.php\/wp-json\/wp\/v2\/users\/1"}],"replies":[{"embeddable":true,"href":"http:\/\/www.tvturk.com\/index.php\/wp-json\/wp\/v2\/comments?post=174607"}],"version-history":[{"count":0,"href":"http:\/\/www.tvturk.com\/index.php\/wp-json\/wp\/v2\/posts\/174607\/revisions"}],"wp:attachment":[{"href":"http:\/\/www.tvturk.com\/index.php\/wp-json\/wp\/v2\/media?parent=174607"}],"wp:term":[{"taxonomy":"category","embeddable":true,"href":"http:\/\/www.tvturk.com\/index.php\/wp-json\/wp\/v2\/categories?post=174607"},{"taxonomy":"post_tag","embeddable":true,"href":"http:\/\/www.tvturk.com\/index.php\/wp-json\/wp\/v2\/tags?post=174607"}],"curies":[{"name":"wp","href":"https:\/\/api.w.org\/{rel}","templated":true}]}}