{"id":174609,"date":"2019-06-27T11:01:51","date_gmt":"2019-06-27T08:01:51","guid":{"rendered":"http:\/\/www.tvturk.com\/index.php\/nesli-tukenme-tehlikesi-bulunan-ceylanlarin-sayisi-artiyor\/"},"modified":"2019-06-27T11:01:51","modified_gmt":"2019-06-27T08:01:51","slug":"nesli-tukenme-tehlikesi-bulunan-ceylanlarin-sayisi-artiyor","status":"publish","type":"post","link":"http:\/\/www.tvturk.com\/index.php\/nesli-tukenme-tehlikesi-bulunan-ceylanlarin-sayisi-artiyor\/","title":{"rendered":"Nesli t\u00fckenme tehlikesi bulunan ceylanlar\u0131n say\u0131s\u0131 art\u0131yor"},"content":{"rendered":"<p>\u015eanl\u0131urfa\u2019n\u0131n Ceylanp\u0131nar il\u00e7esine ad\u0131n\u0131 veren, zarif ve narin yap\u0131lar\u0131yla g\u00f6renleri kendilerine hayran b\u0131rakan ceylanlar, Ceylanp\u0131nar Tar\u0131m \u0130\u015fletmesi\u2019nde koruma alt\u0131na al\u0131nmas\u0131n\u0131n ard\u0131ndan say\u0131lar\u0131 her ge\u00e7en g\u00fcn artmaya devam ediyor.<\/p>\n<p>Nesli t\u00fckenme tehdidi alt\u0131nda bulunan\u2018\u2019gazellasubgutturosa &#8220;t\u00fcr\u00fcasya ceylanlar\u0131 1977 y\u0131l\u0131nda Milli Parklar ve Avc\u0131l\u0131k Genel M\u00fcd\u00fcrl\u00fc\u011f\u00fc taraf\u0131ndan koruma alt\u0131na al\u0131nd\u0131 ve 1982 y\u0131l\u0131nda Tar\u0131m \u0130\u015fletmeleri Genel M\u00fcd\u00fcrl\u00fc\u011f\u00fcne (T\u0130GEM) ba\u011fl\u0131 Ceylanp\u0131nar Tar\u0131m \u0130\u015fletmesine devredildi.<\/p>\n<p>Koruma alt\u0131na al\u0131nd\u0131\u011f\u0131 y\u0131llarda say\u0131lar\u0131 10 erkek 13 di\u015fi olmak \u00fczere toplam 23 ba\u015f olan ceylanlar\u0131n bu y\u0131l ki do\u011fumlar\u0131n ard\u0131ndan say\u0131lar\u0131n\u0131n 1.150\u2019yi bulmas\u0131 bekleniyor.<\/p>\n<p>D\u00fcnyada ender b\u00f6lgelerde ya\u015fayan asya ceylanlar\u0131n\u0131n T\u00fcrkiye\u2019de en \u00e7ok bulundu\u011fu kentlerin ba\u015f\u0131nda \u015eanl\u0131urfa geliyor. Kentte, t\u00fcrk\u00fclere de konu olan ve Ceylanp\u0131nar il\u00e7esine ad\u0131n\u0131 veren Asya ceylanlar\u0131, do\u011fal ortamlar\u0131n\u0131n bozulmas\u0131 ve neslinin t\u00fckenme tehlikesiyle kar\u015f\u0131 kar\u015f\u0131ya kalmas\u0131 nedeniyle 1977 y\u0131l\u0131nda koruma alt\u0131na al\u0131nd\u0131.<\/p>\n<p>Ceylanp\u0131nar Tar\u0131m \u0130\u015fletmesi M\u00fcd\u00fcrl\u00fc\u011f\u00fc Hayvanc\u0131l\u0131k Birim \u015eefi Bora Sar\u0131\u00e7am, Do\u011fal \u00f6zelliklerini kaybetmemeleri i\u00e7in insanlardan m\u00fcmk\u00fcn oldu\u011funca uzakta, yabani hayvanlar\u0131n zarar vermemesi i\u00e7in olu\u015fturulan etraf\u0131 kafes tel ile \u00e7evrilmi\u015f do\u011fal alanlarda ya\u015fayan ceylanlara, zaman zaman yem deste\u011fi de sa\u011fland\u0131\u011f\u0131n\u0131 s\u00f6yledi.<\/p>\n<p>Ceylanlar\u0131n ilgili birimlerinden talep edilmesi durumunda yeti\u015ftiricilere ve hayvan severlere belirli bir fiyat \u00fczerinden sat\u0131\u015f\u0131n\u0131n yap\u0131ld\u0131\u011f\u0131n\u0131 aktaran Sar\u0131\u00e7am, A\u011fustosve Kas\u0131m aylar\u0131 aras\u0131nda talep eden yeti\u015ftirici veya hayvan severlere \u00e7ift olarak sat\u0131ld\u0131\u011f\u0131n\u0131, ceylanlar\u0131n ikizlik oran\u0131n y\u00fczde 10 civar\u0131nda oldu\u011funu ifade etti.<\/p>\n<p>Narin ve zarif yap\u0131lar\u0131yla bilindi\u011fi kadar \u00fcrkek olduklar\u0131 bilinen ceylanlara \u00f6zellikle do\u011fum s\u00fcresince azami dikkat g\u00f6steriliyor zira yap\u0131lar\u0131ndan dolay\u0131 sessiz ve sakin b\u00f6lgede bar\u0131nmalar\u0131 gerekiyor. Bu \u00f6zel d\u00f6nemde kendilerine zarar vermemeleri i\u00e7in azami \u00f6zen g\u00f6steriliyor.<\/p>\n<p>2019 do\u011fum sezonunda yakla\u015f\u0131k 400 yavru beklendi\u011fini de dile getiren Sar\u0131\u00e7am, sat\u0131\u015f d\u00f6nemi olan A\u011fustos ve Kas\u0131m aylar\u0131 aras\u0131nda yeti\u015ftirici ve hayvan severlere belirlenen fiyat \u00fczerinden sat\u0131\u015f\u0131n\u0131n yap\u0131laca\u011f\u0131n\u0131 dile getirdi.<\/p>\n","protected":false},"excerpt":{"rendered":"<p>T\u0130GEM\u2019\u0130N CEYLANLARI G\u00d6Z KAMA\u015eTIRIYOR<\/p>\n","protected":false},"author":1,"featured_media":0,"comment_status":"closed","ping_status":"open","sticky":false,"template":"","format":"standard","meta":{"jetpack_post_was_ever_published":false,"_jetpack_newsletter_access":"","_jetpack_dont_email_post_to_subs":false,"_jetpack_newsletter_tier_id":0,"_jetpack_memberships_contains_paywalled_content":false,"_jetpack_memberships_contains_paid_content":false,"footnotes":"","jetpack_publicize_message":"","jetpack_publicize_feature_enabled":true,"jetpack_social_post_already_shared":true,"jetpack_social_options":{"image_generator_settings":{"template":"highway","default_image_id":0,"font":"","enabled":false},"version":2}},"categories":[1],"tags":[4552,1834,42471,9872,611,11501,35012],"class_list":["post-174609","post","type-post","status-publish","format-standard","hentry","category-genel","tag-artiyor","tag-bulunan","tag-ceylanlarin","tag-nesli","tag-sayisi","tag-tehlikesi","tag-tukenme"],"jetpack_publicize_connections":[],"jetpack_featured_media_url":"","jetpack_sharing_enabled":true,"jetpack_shortlink":"https:\/\/wp.me\/paKIfm-Jqh","_links":{"self":[{"href":"http:\/\/www.tvturk.com\/index.php\/wp-json\/wp\/v2\/posts\/174609","targetHints":{"allow":["GET"]}}],"collection":[{"href":"http:\/\/www.tvturk.com\/index.php\/wp-json\/wp\/v2\/posts"}],"about":[{"href":"http:\/\/www.tvturk.com\/index.php\/wp-json\/wp\/v2\/types\/post"}],"author":[{"embeddable":true,"href":"http:\/\/www.tvturk.com\/index.php\/wp-json\/wp\/v2\/users\/1"}],"replies":[{"embeddable":true,"href":"http:\/\/www.tvturk.com\/index.php\/wp-json\/wp\/v2\/comments?post=174609"}],"version-history":[{"count":0,"href":"http:\/\/www.tvturk.com\/index.php\/wp-json\/wp\/v2\/posts\/174609\/revisions"}],"wp:attachment":[{"href":"http:\/\/www.tvturk.com\/index.php\/wp-json\/wp\/v2\/media?parent=174609"}],"wp:term":[{"taxonomy":"category","embeddable":true,"href":"http:\/\/www.tvturk.com\/index.php\/wp-json\/wp\/v2\/categories?post=174609"},{"taxonomy":"post_tag","embeddable":true,"href":"http:\/\/www.tvturk.com\/index.php\/wp-json\/wp\/v2\/tags?post=174609"}],"curies":[{"name":"wp","href":"https:\/\/api.w.org\/{rel}","templated":true}]}}