{"id":174645,"date":"2019-06-27T11:47:18","date_gmt":"2019-06-27T08:47:18","guid":{"rendered":"http:\/\/www.tvturk.com\/index.php\/doga-kolejinde-yuzde-100e-varan-burs-imkani\/"},"modified":"2019-06-27T11:47:18","modified_gmt":"2019-06-27T08:47:18","slug":"doga-kolejinde-yuzde-100e-varan-burs-imkani","status":"publish","type":"post","link":"http:\/\/www.tvturk.com\/index.php\/doga-kolejinde-yuzde-100e-varan-burs-imkani\/","title":{"rendered":"Do\u011fa Koleji\u2019nde y\u00fczde 100\u2019e varan burs imkan\u0131"},"content":{"rendered":"<p>Milli E\u011fitim Bakanl\u0131\u011f\u0131, 2019 Orta\u00f6\u011fretime Ge\u00e7i\u015f Tercih ve Yerle\u015ftirme K\u0131lavuzu\u2019nu, yerel ve merkezi yerle\u015ftirme sistemiyle \u00f6\u011frenci alan okullar\u0131n y\u00fczdelik dilimlerini a\u00e7\u0131klad\u0131. Do\u011fa Koleji Psikolojik Dan\u0131\u015fmanl\u0131k ve Rehberlik \u00d6\u011fretmenleri, tercih s\u00fcrecinde \u00f6\u011frencilerin en do\u011fru karar\u0131 vermesi konusunda y\u00f6nlendirmede bulunmak \u00fczere Do\u011fa Koleji kamp\u00fcslerinde bulunacak. Liseye Giris S\u0131navlar\u0131\u2019nda ba\u015far\u0131 elde eden \u00f6\u011frenciler, Do\u011fa Anadolu Liseleri ve Fen ve Teknoloji Liseleri\u2019nde y\u00fczde 100\u2019e varan burs imkan\u0131yla e\u011fitim alma imkan\u0131 elde edecek.<\/p>\n<p>Burs Ko\u015fullar\u0131 Belirlendi<\/p>\n<p>Liseye Ge\u00e7i\u015f S\u0131nav\u0131\u2019na kat\u0131lan 8. s\u0131n\u0131f \u00f6\u011frencilerini ve velilerini yak\u0131ndan ilgilendiren tercih s\u00fcreci ba\u015flad\u0131. Do\u011fa Koleji ortaokul ve lise m\u00fcd\u00fcrleri ile birlikte belirlenen \u201cDo\u011fa Koleji liseye kabul ko\u015fullar\u0131 ve burs olanaklar\u0131\u201d g\u00f6zden ge\u00e7irilerek de\u011ferlendirmeler yap\u0131ld\u0131. Liseye Giris S\u0131navlar\u0131\u2019nda ba\u015far\u0131l\u0131 olan \u00f6\u011frenciler, Do\u011fa Anadolu Liseleri ve Fen ve Teknoloji Liseleri\u2019nde y\u00fczde 100\u2019e varan burs imkan\u0131yla e\u011fitim alma f\u0131rsat\u0131 elde ediyor.<\/p>\n<p>\u201cTercih D\u00f6neminde Yan\u0131n\u0131zday\u0131z\u201d<\/p>\n<p>Kolejin Rehberlik Koordinat\u00f6r\u00fc Sibel \u0130zgiman, \u201cT\u00fcm \u00f6\u011frenciler, tercih s\u00fcrecinde liselerin e\u011fitim imkanlar\u0131n\u0131 detayl\u0131 bir \u015fekilde inceleyerek gelece\u011fine y\u00f6n verecek bir lise tercih edecek. Tercih s\u00fcrecinde \u00f6\u011frencilerimize g\u00fc\u00e7l\u00fc akademik i\u00e7eri\u011fimizi do\u011fru anlatmak ve \u00f6\u011frencilerimizin ihtiya\u00e7 ve beklentilerini kar\u015f\u0131lamak i\u00e7in haz\u0131rl\u0131klar\u0131m\u0131z\u0131 titizlikle tamamlad\u0131k\u201d dedi.<\/p>\n<p>Merkezi yerle\u015fme sistemine dahil olacak \u00f6\u011frencilerin, ge\u00e7mi\u015f y\u0131llarda oldu\u011fu gibi \u00f6nce yerel yerle\u015fme tercih sistemine dahil olaca\u011f\u0131n\u0131n alt\u0131n\u0131 \u00e7izen \u0130zgiman, \u201cYerel yerle\u015fme tercihlerinde \u00f6\u011frenciler ilk 3 okulu kendi kay\u0131t alan\u0131ndan tercih etmek zorunda. Ayr\u0131ca, ayn\u0131 okul t\u00fcr\u00fcnden 3 tercih yapabilirler\u201d \u015feklinde konu\u015ftu.<\/p>\n<p>Okul Ara\u015ft\u0131r\u0131rken Detaylar \u00d6nemli<\/p>\n<p>\u0130zgiman, s\u00f6zlerini, \u201cMerkezi yerle\u015fme tercihleriyle ilgili bilgi almak isteyen veliler ve okullar, MEB robotu arac\u0131l\u0131\u011f\u0131yla okullar\u0131n ge\u00e7en y\u0131lki y\u00fczdelik dilimini \u00f6\u011frenebilir. Bu s\u00fcre\u00e7te \u00f6zel okullara y\u00f6nelen velilerin, ara\u015ft\u0131rmalar\u0131n\u0131 detayland\u0131rarak okullar\u0131 iyi tan\u0131malar\u0131 gerekiyor. \u0130yi bir lise, \u00f6\u011frencilerini hem akademik anlamda hem de \u00e7ok y\u00f6nl\u00fc olarak gelece\u011fe haz\u0131rlamal\u0131d\u0131r\u201d diye s\u00fcrd\u00fcrd\u00fc.<\/p>\n<p>Tercihler Hangi Tarihler Aras\u0131nda Yap\u0131lacak?<\/p>\n<p>Milli E\u011fitim Bakanl\u0131\u011f\u0131 taraf\u0131ndan a\u00e7\u0131klanan takvime g\u00f6re, merkezi yerle\u015ftirme tercihleri 1-12 Temmuz tarihleri aras\u0131nda tamamlanacak. \u00d6zel orta \u00f6\u011fretim kurumlar\u0131 ve yetenek s\u0131nav\u0131yla \u00f6\u011frenci alan okullar\u0131n kay\u0131tlar\u0131n\u0131n ise 27 Haziran-12 Temmuz tarihleri aras\u0131nda yap\u0131lmas\u0131 gerekiyor.<\/p>\n","protected":false},"excerpt":{"rendered":"<p>L\u0130SEYE G\u0130R\u0130S SINAVLARI\u2019NDA BA\u015eARI ELDE EDEN \u00d6\u011eRENC\u0130LER, DO\u011eA ANADOLU L\u0130SELER\u0130 VE FEN VE TEKNOLOJ\u0130 L\u0130SELER\u0130\u2019NDE Y\u00dcZDE 100\u2019E VARAN BURS \u0130MKANIYLA E\u011e\u0130T\u0130M ALMA \u0130MKANI ELDE EDECEK.<\/p>\n","protected":false},"author":1,"featured_media":0,"comment_status":"closed","ping_status":"open","sticky":false,"template":"","format":"standard","meta":{"jetpack_post_was_ever_published":false,"_jetpack_newsletter_access":"","_jetpack_dont_email_post_to_subs":false,"_jetpack_newsletter_tier_id":0,"_jetpack_memberships_contains_paywalled_content":false,"_jetpack_memberships_contains_paid_content":false,"footnotes":"","jetpack_publicize_message":"","jetpack_publicize_feature_enabled":true,"jetpack_social_post_already_shared":true,"jetpack_social_options":{"image_generator_settings":{"template":"highway","default_image_id":0,"font":"","enabled":false},"version":2}},"categories":[1],"tags":[18983,11765,4197,21765,16458,21267,3480],"class_list":["post-174645","post","type-post","status-publish","format-standard","hentry","category-genel","tag-100e","tag-burs","tag-doga","tag-imkani","tag-kolejinde","tag-varan","tag-yuzde"],"jetpack_publicize_connections":[],"jetpack_featured_media_url":"","jetpack_sharing_enabled":true,"jetpack_shortlink":"https:\/\/wp.me\/paKIfm-JqR","_links":{"self":[{"href":"http:\/\/www.tvturk.com\/index.php\/wp-json\/wp\/v2\/posts\/174645","targetHints":{"allow":["GET"]}}],"collection":[{"href":"http:\/\/www.tvturk.com\/index.php\/wp-json\/wp\/v2\/posts"}],"about":[{"href":"http:\/\/www.tvturk.com\/index.php\/wp-json\/wp\/v2\/types\/post"}],"author":[{"embeddable":true,"href":"http:\/\/www.tvturk.com\/index.php\/wp-json\/wp\/v2\/users\/1"}],"replies":[{"embeddable":true,"href":"http:\/\/www.tvturk.com\/index.php\/wp-json\/wp\/v2\/comments?post=174645"}],"version-history":[{"count":0,"href":"http:\/\/www.tvturk.com\/index.php\/wp-json\/wp\/v2\/posts\/174645\/revisions"}],"wp:attachment":[{"href":"http:\/\/www.tvturk.com\/index.php\/wp-json\/wp\/v2\/media?parent=174645"}],"wp:term":[{"taxonomy":"category","embeddable":true,"href":"http:\/\/www.tvturk.com\/index.php\/wp-json\/wp\/v2\/categories?post=174645"},{"taxonomy":"post_tag","embeddable":true,"href":"http:\/\/www.tvturk.com\/index.php\/wp-json\/wp\/v2\/tags?post=174645"}],"curies":[{"name":"wp","href":"https:\/\/api.w.org\/{rel}","templated":true}]}}