{"id":174651,"date":"2019-06-27T12:02:00","date_gmt":"2019-06-27T09:02:00","guid":{"rendered":"http:\/\/www.tvturk.com\/index.php\/72-yasinda-41-kilo-vererek-sagligina-kavustu\/"},"modified":"2019-06-27T12:02:00","modified_gmt":"2019-06-27T09:02:00","slug":"72-yasinda-41-kilo-vererek-sagligina-kavustu","status":"publish","type":"post","link":"http:\/\/www.tvturk.com\/index.php\/72-yasinda-41-kilo-vererek-sagligina-kavustu\/","title":{"rendered":"72 ya\u015f\u0131nda 41 kilo vererek sa\u011fl\u0131\u011f\u0131na kavu\u015ftu"},"content":{"rendered":"<p>Amasya\u2019n\u0131n G\u00fcm\u00fc\u015fhac\u0131k\u00f6y il\u00e7esinde ya\u015fayan 72 ya\u015f\u0131ndaki Cuma Sar\u0131ta\u015f, 41 kilo vererek yeniden sa\u011fl\u0131\u011f\u0131na kavu\u015ftu.<\/p>\n<p>Cuma dede, Diyetisyen G\u00fcl\u015fah Y\u0131ld\u0131z Aky\u0131lmaz\u2019\u0131n diyet \u00f6nerilerine uyarak ve d\u00fczenli olarak her g\u00fcn y\u00fcr\u00fcy\u00fc\u015f yaparak 1,5 sene i\u00e7inde 41 kilo verdi. Tansiyon i\u00e7in kulland\u0131\u011f\u0131 ila\u00e7lardan da kurtulan Cuma Sar\u0131ta\u015f 72 ya\u015f\u0131nda hayata yeniden ba\u015flad\u0131.<\/p>\n<p>Diyetisyen G\u00fcl\u015fah Y\u0131ld\u0131z Aky\u0131lmaz, \u201cCuma amca 1,5 sene \u00f6nce geldi. 120 kiloydu, \u015fimdi 79 kilo. 1,5 senede 41 kilo verdi. Y\u00fcksek tansiyon hastas\u0131, 3 tane ilac\u0131 vard\u0131 geldi\u011finde. Ama \u015fimdi hepsinden kurtulduk. Diyetle kurtulduk. Belli bir ya\u015f\u0131n \u00fcst\u00fcnde ya\u015fam tarz\u0131 de\u011fi\u015fikli\u011fi yaparsak, y\u00fcr\u00fcy\u00fc\u015f\u00fcm\u00fcz\u00fc yaparsak, beslenmemizi d\u00fczenlersek y\u00fcksek tansiyondan kurtuluyoruz, ila\u00e7lardan kurtuluyoruz, ba\u015far\u0131yoruz\u201d dedi.<\/p>\n","protected":false},"excerpt":{"rendered":"<p>AMASYA\u2019NIN G\u00dcM\u00dc\u015eHACIK\u00d6Y \u0130L\u00c7ES\u0130NDE YA\u015eAYAN 72 YA\u015eINDAK\u0130 CUMA SARITA\u015e, 41 K\u0130LO VEREREK, SA\u011eLI\u011eINA YEN\u0130DEN KAVU\u015eTU.<\/p>\n","protected":false},"author":1,"featured_media":0,"comment_status":"closed","ping_status":"open","sticky":false,"template":"","format":"standard","meta":{"jetpack_post_was_ever_published":false,"_jetpack_newsletter_access":"","_jetpack_dont_email_post_to_subs":false,"_jetpack_newsletter_tier_id":0,"_jetpack_memberships_contains_paywalled_content":false,"_jetpack_memberships_contains_paid_content":false,"footnotes":"","jetpack_publicize_message":"","jetpack_publicize_feature_enabled":true,"jetpack_social_post_already_shared":true,"jetpack_social_options":{"image_generator_settings":{"template":"highway","default_image_id":0,"font":"","enabled":false},"version":2}},"categories":[1],"tags":[1825,1423,3705,6112,2487],"class_list":["post-174651","post","type-post","status-publish","format-standard","hentry","category-genel","tag-kavustu","tag-kilo","tag-sagligina","tag-vererek","tag-yasinda"],"jetpack_publicize_connections":[],"jetpack_featured_media_url":"","jetpack_sharing_enabled":true,"jetpack_shortlink":"https:\/\/wp.me\/paKIfm-JqX","_links":{"self":[{"href":"http:\/\/www.tvturk.com\/index.php\/wp-json\/wp\/v2\/posts\/174651","targetHints":{"allow":["GET"]}}],"collection":[{"href":"http:\/\/www.tvturk.com\/index.php\/wp-json\/wp\/v2\/posts"}],"about":[{"href":"http:\/\/www.tvturk.com\/index.php\/wp-json\/wp\/v2\/types\/post"}],"author":[{"embeddable":true,"href":"http:\/\/www.tvturk.com\/index.php\/wp-json\/wp\/v2\/users\/1"}],"replies":[{"embeddable":true,"href":"http:\/\/www.tvturk.com\/index.php\/wp-json\/wp\/v2\/comments?post=174651"}],"version-history":[{"count":0,"href":"http:\/\/www.tvturk.com\/index.php\/wp-json\/wp\/v2\/posts\/174651\/revisions"}],"wp:attachment":[{"href":"http:\/\/www.tvturk.com\/index.php\/wp-json\/wp\/v2\/media?parent=174651"}],"wp:term":[{"taxonomy":"category","embeddable":true,"href":"http:\/\/www.tvturk.com\/index.php\/wp-json\/wp\/v2\/categories?post=174651"},{"taxonomy":"post_tag","embeddable":true,"href":"http:\/\/www.tvturk.com\/index.php\/wp-json\/wp\/v2\/tags?post=174651"}],"curies":[{"name":"wp","href":"https:\/\/api.w.org\/{rel}","templated":true}]}}