{"id":174659,"date":"2019-06-27T12:02:21","date_gmt":"2019-06-27T09:02:21","guid":{"rendered":"http:\/\/www.tvturk.com\/index.php\/ordulu-milli-guresciler-gururlandirdi\/"},"modified":"2019-06-27T12:02:21","modified_gmt":"2019-06-27T09:02:21","slug":"ordulu-milli-guresciler-gururlandirdi","status":"publish","type":"post","link":"http:\/\/www.tvturk.com\/index.php\/ordulu-milli-guresciler-gururlandirdi\/","title":{"rendered":"Ordulu milli g\u00fcre\u015f\u00e7iler gururland\u0131rd\u0131"},"content":{"rendered":"<p>Y\u0131ld\u0131zlar Serbest ve Grekoromen G\u00fcre\u015f Avrupa \u015eampiyonas\u0131\u2019nda milli tak\u0131mda T\u00fcrkiye\u2019yi temsil eden Ordu B\u00fcy\u00fck\u015fehir Belediyespor g\u00fcre\u015f\u00e7ileri 3 madalya ile d\u00f6nd\u00fc.<\/p>\n<p>17-23 Haziran 2019 tarihleri aras\u0131nda \u0130talya\u2019n\u0131n Faenza \u015fehrinde yap\u0131lan Y\u0131ld\u0131zlar Serbest ve Grekoromen G\u00fcre\u015f Avrupa \u015eampiyonas\u0131\u2019na kat\u0131lan Ordu B\u00fcy\u00fck\u015fehir Belediyesi G\u00fcre\u015f Tak\u0131m\u0131, ger\u00e7ekle\u015ftirilen turnuvada 1 g\u00fcm\u00fc\u015f 2 bronz madalya ald\u0131.<\/p>\n<p>\u201cSporcular\u0131m\u0131za deste\u011fimiz devam edecek\u201d<\/p>\n<p>Elde edilen ba\u015far\u0131n\u0131n gelecek ad\u0131na b\u00fcy\u00fck bir umut \u0131\u015f\u0131\u011f\u0131 oldu\u011funu ifade eden Ordu B\u00fcy\u00fck\u015fehir Belediye ba\u015fkan\u0131 Dr. Mehmet Hilmi Ba\u015fkan G\u00fcler, \u201cT\u00fcrk sporu ad\u0131na ilimizin en mutlu g\u00fcnlerinden birini ya\u015f\u0131yoruz. Ordu B\u00fcy\u00fck\u015fehir Belediyesi Spor Kul\u00fcb\u00fc G\u00fcre\u015f Tak\u0131m\u0131, \u0130talya\u2019n\u0131n Faenza \u015fehrinde ger\u00e7ekle\u015ftirilen Y\u0131ld\u0131zlar Serbest ve Grekoromen G\u00fcre\u015f Avrupa \u015eampiyonas\u0131\u2019nda 2 bronz ve 1 g\u00fcm\u00fc\u015f madalya ald\u0131lar. \u0130nan\u0131yorum ki bu bronzlar ve g\u00fcm\u00fc\u015fler ilerleyen turnuvalarda alt\u0131na d\u00f6n\u00fc\u015fecek. B\u00f6ylece gelece\u011fimizin p\u0131rlantalar\u0131 Ordumuzu daha b\u00fcy\u00fck ba\u015far\u0131larla ta\u00e7land\u0131r\u0131r. Avrupa\u2019da ald\u0131\u011f\u0131n\u0131z her ba\u015far\u0131 T\u00fcrk\u2019\u00fcn g\u00fcc\u00fcn\u00fc b\u00fct\u00fcn d\u00fcnyaya g\u00f6stermesi i\u00e7in bir f\u0131rsatt\u0131r. Gelecekte; yeni Ya\u015far Do\u011fular, Ahmet Ay\u0131klar, Recep Karalar buradan \u00e7\u0131kacak. Onun i\u00e7in \u015fimdiden \u00e7al\u0131\u015fmalar\u0131n\u0131za ba\u015flamal\u0131s\u0131n\u0131z. \u0130yi \u00e7al\u0131\u015f\u0131n, iyi motive olun. Sadece rakibinize odaklan\u0131n. Sizin i\u00e7in Ordu B\u00fcy\u00fck\u015fehir Belediyesi olarak b\u00fct\u00fcn imkanlar\u0131m\u0131z\u0131 seferber edece\u011fiz\u201d dedi.<\/p>\n<p>\u00c7al\u0131\u015fmalar\u0131n\u0131n kar\u015f\u0131l\u0131\u011f\u0131n\u0131 ald\u0131\u011f\u0131n\u0131 ifade eden Gen\u00e7lik ve Spor Hizmetleri Daire Ba\u015fkan\u0131 ve Milli G\u00fcre\u015f\u00e7i Recep Kara, \u201cYeni kurulan Ordu B\u00fcy\u00fck\u015fehir Belediyespor Kul\u00fcb\u00fcn\u00fcn meyvelerini almaya ba\u015flad\u0131k. Al\u0131nan bu ba\u015far\u0131lar uzun soluklu bir \u00e7al\u0131\u015fman\u0131n \u00fcr\u00fcn\u00fcd\u00fcr. Gen\u00e7lerimiz, Avrupa\u2019da elde ettikleri ba\u015far\u0131larla \u0130stiklal Mar\u015f\u0131m\u0131z\u0131 ezberletecekler. Bunun i\u00e7in ba\u015fkan\u0131m\u0131z\u0131n bizlere verdi\u011fi destek \u00e7ok \u00f6nemli. Bu deste\u011fi her zaman g\u00f6rd\u00fck, bundan sonra da fazlas\u0131yla g\u00f6rmeye devam edece\u011fiz. Bizim yapmam\u0131z gereken tek \u015fey mindere \u00e7\u0131kt\u0131\u011f\u0131m\u0131zda rakibimiz kim olursa olsun, onu yenmek olacakt\u0131r\u201d \u015feklinde konu\u015ftu.<\/p>\n","protected":false},"excerpt":{"rendered":"<p>YILDIZLAR SERBEST VE GREKOROMEN G\u00dcRE\u015e AVRUPA \u015eAMP\u0130YONASI\u2019NDA M\u0130LL\u0130 TAKIMDA \u00dcLKEM\u0130Z\u0130 TEMS\u0130L EDEN ORDU B\u00dcY\u00dcK\u015eEH\u0130R BELED\u0130YESPOR G\u00dcRE\u015e\u00c7\u0130LER\u0130 3 MADALYA \u0130LE D\u00d6ND\u00dc. G\u00dcRE\u015e\u00c7\u0130LER\u0130 TEBR\u0130K EDEN ORDU B\u00dcY\u00dcK\u015eEH\u0130R BELED\u0130YE BA\u015eKANI DR. MEHMET H\u0130LM\u0130 G\u00dcLER, \u201cSPORCULARIMIZA DESTE\u011e\u0130M\u0130Z DEVAM EDECEK\u201d DED\u0130<\/p>\n","protected":false},"author":1,"featured_media":0,"comment_status":"closed","ping_status":"open","sticky":false,"template":"","format":"standard","meta":{"jetpack_post_was_ever_published":false,"_jetpack_newsletter_access":"","_jetpack_dont_email_post_to_subs":false,"_jetpack_newsletter_tier_id":0,"_jetpack_memberships_contains_paywalled_content":false,"_jetpack_memberships_contains_paid_content":false,"footnotes":"","jetpack_publicize_message":"","jetpack_publicize_feature_enabled":true,"jetpack_social_post_already_shared":true,"jetpack_social_options":{"image_generator_settings":{"template":"highway","default_image_id":0,"font":"","enabled":false},"version":2}},"categories":[657],"tags":[11604,35425,429,26095],"class_list":["post-174659","post","type-post","status-publish","format-standard","hentry","category-spor","tag-guresciler","tag-gururlandirdi","tag-milli","tag-ordulu"],"jetpack_publicize_connections":[],"jetpack_featured_media_url":"","jetpack_sharing_enabled":true,"jetpack_shortlink":"https:\/\/wp.me\/paKIfm-Jr5","_links":{"self":[{"href":"http:\/\/www.tvturk.com\/index.php\/wp-json\/wp\/v2\/posts\/174659","targetHints":{"allow":["GET"]}}],"collection":[{"href":"http:\/\/www.tvturk.com\/index.php\/wp-json\/wp\/v2\/posts"}],"about":[{"href":"http:\/\/www.tvturk.com\/index.php\/wp-json\/wp\/v2\/types\/post"}],"author":[{"embeddable":true,"href":"http:\/\/www.tvturk.com\/index.php\/wp-json\/wp\/v2\/users\/1"}],"replies":[{"embeddable":true,"href":"http:\/\/www.tvturk.com\/index.php\/wp-json\/wp\/v2\/comments?post=174659"}],"version-history":[{"count":0,"href":"http:\/\/www.tvturk.com\/index.php\/wp-json\/wp\/v2\/posts\/174659\/revisions"}],"wp:attachment":[{"href":"http:\/\/www.tvturk.com\/index.php\/wp-json\/wp\/v2\/media?parent=174659"}],"wp:term":[{"taxonomy":"category","embeddable":true,"href":"http:\/\/www.tvturk.com\/index.php\/wp-json\/wp\/v2\/categories?post=174659"},{"taxonomy":"post_tag","embeddable":true,"href":"http:\/\/www.tvturk.com\/index.php\/wp-json\/wp\/v2\/tags?post=174659"}],"curies":[{"name":"wp","href":"https:\/\/api.w.org\/{rel}","templated":true}]}}