{"id":174661,"date":"2019-06-27T12:02:26","date_gmt":"2019-06-27T09:02:26","guid":{"rendered":"http:\/\/www.tvturk.com\/index.php\/akmerkez-acik-hava-sinemalari-basliyor\/"},"modified":"2019-06-27T12:02:26","modified_gmt":"2019-06-27T09:02:26","slug":"akmerkez-acik-hava-sinemalari-basliyor","status":"publish","type":"post","link":"http:\/\/www.tvturk.com\/index.php\/akmerkez-acik-hava-sinemalari-basliyor\/","title":{"rendered":"Akmerkez a\u00e7\u0131k hava sinemalar\u0131 ba\u015fl\u0131yor"},"content":{"rendered":"<p>Yediden yetmi\u015fe herkesin severek izleyece\u011fi, gi\u015fe rekorlar\u0131 k\u0131ran \u00f6d\u00fcll\u00fc filmler bu yaz Akmerkez\u2019de sinemaseverler i\u00e7in g\u00f6sterimde olacak. \u2018\u015eampiyon\u2019 filmi ile 3 Temmuz\u2019da ba\u015flayacak olan g\u00f6sterimler, 7 A\u011fustos tarihine kadar her \u00c7ar\u015famba gecesi izleyiciyle bulu\u015facak.<\/p>\n<p>Bir yaz klasi\u011fi haline gelen Akmerkez a\u00e7\u0131k havada sinema keyfi, bu y\u0131l da t\u00fcm e\u011flencesi ile 3 Temmuz \u00c7ar\u015famba g\u00fcn\u00fc ba\u015flayaca\u011f\u0131 duyuruldu. 7 A\u011fustos tarihine kadar her \u00c7ar\u015famba g\u00fcn\u00fc ger\u00e7ekle\u015fecek olan g\u00f6sterimler; y\u00f6netmenli\u011fini Ahmet Kat\u0131ks\u0131z\u2019\u0131n yapt\u0131\u011f\u0131, \u2018\u015eampiyon\u2019 filmi ile ba\u015flayacak. Film, 1994-1997 y\u0131llar\u0131nda Jokey Halis Karata\u015f, Beg\u00fcm Atman ve \u015fampiyon at Bold Pilot\u2018\u0131n ya\u015fam\u0131n\u0131 ve halka umut olu\u015funu beyaz perdeye aktar\u0131yor.<\/p>\n<p>Vizyonda oldu\u011fu s\u00fcre boyunca herkesin severek izledi\u011fi hayalperest bir k\u0131z olan June\u2019un sevimli dostlar\u0131 ile maceras\u0131 animasyon t\u00fcr\u00fcndeki filmi 10 Temmuz\u2019da seyirciyle bula\u015faca\u011f\u0131 belirtildi.<\/p>\n<p>Guillermo del Toro taraf\u0131ndan y\u00f6netilen ve senaryosu del Toro ile birlikte Vanessa Taylor taraf\u0131ndan yaz\u0131lan \u00f6d\u00fcll\u00fc film, The Shape of Water, 17 Temmuz\u2019da izleyici ile bula\u015facak. So\u011fuk sava\u015f d\u00f6neminde yaln\u0131z ba\u015f\u0131na olan Elisa\u2019n\u0131n ABD\u2019de ge\u00e7en hikayesini anlatan film, romantik ve fantastik sahneleri ile b\u00fcy\u00fcleyecek.<\/p>\n<p>Ba\u015frollerini Viggo Mortensen ve Mahershala Ali\u2019nin payla\u015ft\u0131\u011f\u0131, bir di\u011fer \u00f6d\u00fcll\u00fc film Green Book, siyahi piyanist Dr. Don Shirley ve kendisinin G\u00fcney\u2019de \u015fof\u00f6rl\u00fc\u011f\u00fcn\u00fc yapacak olan New York\u2019lu fedai Tony Lip\u2019in yolculu\u011funu beyaz perdeye ta\u015f\u0131yor. Ger\u00e7ek bir hik\u00e2yeye dayanan film, ak\u0131llardan \u00e7\u0131kmayacak senaryosu ile 24 Temmuz\u2019da sinemaseverleri bekliyor.<\/p>\n<p>Animasyon d\u00fcnyas\u0131n\u0131n en keyifli ve en e\u011flenceli filmlerinden biri olan Dumbo, 31 Temmuz\u2019da sahnelenecek. 1941 y\u0131l\u0131nda Disney\u2019in animasyon filminin bir uyarlamas\u0131 olan film, yeni do\u011fmu\u015f ve devasa kulaklar\u0131 nedeniyle herkesin g\u00fcld\u00fc\u011f\u00fc fil yavrusunun bak\u0131c\u0131lar\u0131 ile Holt Farrier ve \u00e7ocuklar\u0131n\u0131n \u00f6yk\u00fcs\u00fcn\u00fc anlat\u0131yor. Tim Burton\u2019\u0131n y\u00f6netti\u011fi, Ehren Kruger\u2019\u0131n senaryosunu yazd\u0131\u011f\u0131 filmde Colin Farrell, Michael Keaton, Danny DeVito, Eva Green birlikte rol al\u0131yor.<\/p>\n<p>Sezonun son filmi ise 7 A\u011fustos gecesi perdede olacak olan film, d\u00fcnyay\u0131 iki uzayl\u0131 \u0131rk\u0131 kar\u015f\u0131s\u0131nda s\u00fcper g\u00fc\u00e7leri sayesinde savunan Captain Marvel. Merakla beklenen film, eski sava\u015f u\u00e7a\u011f\u0131 pilotu Carol Danvers\u2019in edindi\u011fi s\u00fcper g\u00fc\u00e7lerle yeni bir s\u00fcper kahraman olan Captain Marvel\u2019e d\u00f6n\u00fc\u015fmesi ile ba\u015fl\u0131yor. Captain Marvel\u2019in ba\u015frol\u00fcnde Brie Larson yer al\u0131rken; Yon-Rogg a ise Jude Law hayat veriyor.<\/p>\n<p>A\u00e7\u0131k hava sinemalar\u0131 t\u00fcm misafirlerin \u00fccretsiz olarak kat\u0131l\u0131m\u0131na a\u00e7\u0131k olacak.<\/p>\n","protected":false},"excerpt":{"rendered":"<p>YED\u0130DEN YETM\u0130\u015eE HERKES\u0130N SEVEREK \u0130ZLEYECE\u011e\u0130, G\u0130\u015eE REKORLARI KIRAN \u00d6D\u00dcLL\u00dc F\u0130LMLER BU YAZ AKMERKEZ&#8217;DE S\u0130NEMASEVERLER \u0130\u00c7\u0130N G\u00d6STER\u0130MDE OLACAK<\/p>\n","protected":false},"author":1,"featured_media":0,"comment_status":"closed","ping_status":"open","sticky":false,"template":"","format":"standard","meta":{"jetpack_post_was_ever_published":false,"_jetpack_newsletter_access":"","_jetpack_dont_email_post_to_subs":false,"_jetpack_newsletter_tier_id":0,"_jetpack_memberships_contains_paywalled_content":false,"_jetpack_memberships_contains_paid_content":false,"footnotes":"","jetpack_publicize_message":"","jetpack_publicize_feature_enabled":true,"jetpack_social_post_already_shared":true,"jetpack_social_options":{"image_generator_settings":{"template":"highway","default_image_id":0,"font":"","enabled":false},"version":2}},"categories":[656],"tags":[9804,42494,1647,257,42495],"class_list":["post-174661","post","type-post","status-publish","format-standard","hentry","category-kultur-sanat","tag-acik","tag-akmerkez","tag-basliyor","tag-hava","tag-sinemalari"],"jetpack_publicize_connections":[],"jetpack_featured_media_url":"","jetpack_sharing_enabled":true,"jetpack_shortlink":"https:\/\/wp.me\/paKIfm-Jr7","_links":{"self":[{"href":"http:\/\/www.tvturk.com\/index.php\/wp-json\/wp\/v2\/posts\/174661","targetHints":{"allow":["GET"]}}],"collection":[{"href":"http:\/\/www.tvturk.com\/index.php\/wp-json\/wp\/v2\/posts"}],"about":[{"href":"http:\/\/www.tvturk.com\/index.php\/wp-json\/wp\/v2\/types\/post"}],"author":[{"embeddable":true,"href":"http:\/\/www.tvturk.com\/index.php\/wp-json\/wp\/v2\/users\/1"}],"replies":[{"embeddable":true,"href":"http:\/\/www.tvturk.com\/index.php\/wp-json\/wp\/v2\/comments?post=174661"}],"version-history":[{"count":0,"href":"http:\/\/www.tvturk.com\/index.php\/wp-json\/wp\/v2\/posts\/174661\/revisions"}],"wp:attachment":[{"href":"http:\/\/www.tvturk.com\/index.php\/wp-json\/wp\/v2\/media?parent=174661"}],"wp:term":[{"taxonomy":"category","embeddable":true,"href":"http:\/\/www.tvturk.com\/index.php\/wp-json\/wp\/v2\/categories?post=174661"},{"taxonomy":"post_tag","embeddable":true,"href":"http:\/\/www.tvturk.com\/index.php\/wp-json\/wp\/v2\/tags?post=174661"}],"curies":[{"name":"wp","href":"https:\/\/api.w.org\/{rel}","templated":true}]}}