{"id":174663,"date":"2019-06-27T12:02:38","date_gmt":"2019-06-27T09:02:38","guid":{"rendered":"http:\/\/www.tvturk.com\/index.php\/afad-ilce-koordinasyon-toplantisi\/"},"modified":"2019-06-27T12:02:38","modified_gmt":"2019-06-27T09:02:38","slug":"afad-ilce-koordinasyon-toplantisi","status":"publish","type":"post","link":"http:\/\/www.tvturk.com\/index.php\/afad-ilce-koordinasyon-toplantisi\/","title":{"rendered":"AFAD il\u00e7e koordinasyon toplant\u0131s\u0131"},"content":{"rendered":"<p>Tekirda\u011f AFAD \u0130l M\u00fcd\u00fcrl\u00fc\u011f\u00fc\u2019nde, il\u00e7e irtibat sorumlusu personelleri ile &#8220;Bilgilendirme, \u0130\u015fbirli\u011fi ve Koordinasyon Toplant\u0131s\u0131&#8221; ger\u00e7ekle\u015ftirildi.<\/p>\n<p>Toplant\u0131da Tekirda\u011f\u2019da meydana gelmesi muhtemel afet ve acil durumlarda \u0130l Afet ve Acil Durum Y\u00f6netim Merkezi ile bilgi al\u0131\u015fveri\u015fi ve raporlama i\u015flemleri yap\u0131ld\u0131. Toplant\u0131da TAMP-Tekirda\u011f \u0130l Afet M\u00fcdahale Plan\u0131, Milli M\u00fcdafaa M\u00fckellefiyeti \u0130\u015flemleri, Seferberlik Kaynak Planlama Sistemi (SEKAPS) i\u015flemleri, Kaymakaml\u0131klar\u0131n g\u00f6revleri, \u0130yile\u015ftirme i\u015flemleri, Afetlere y\u00f6nelik haberle\u015fme ve koordinasyon konular\u0131na de\u011finildi.<\/p>\n","protected":false},"excerpt":{"rendered":"<p>AFAD, \u0130L\u00c7E \u0130RT\u0130BAT SORUMLUSU PERSONELLER\u0130 \u0130LE TOPLANTI YAPTI<\/p>\n","protected":false},"author":1,"featured_media":0,"comment_status":"closed","ping_status":"open","sticky":false,"template":"","format":"standard","meta":{"jetpack_post_was_ever_published":false,"_jetpack_newsletter_access":"","_jetpack_dont_email_post_to_subs":false,"_jetpack_newsletter_tier_id":0,"_jetpack_memberships_contains_paywalled_content":false,"_jetpack_memberships_contains_paid_content":false,"footnotes":"","jetpack_publicize_message":"","jetpack_publicize_feature_enabled":true,"jetpack_social_post_already_shared":true,"jetpack_social_options":{"image_generator_settings":{"template":"highway","default_image_id":0,"font":"","enabled":false},"version":2}},"categories":[1],"tags":[2382,511,358,347],"class_list":["post-174663","post","type-post","status-publish","format-standard","hentry","category-genel","tag-afad","tag-ilce","tag-koordinasyon","tag-toplantisi"],"jetpack_publicize_connections":[],"jetpack_featured_media_url":"","jetpack_sharing_enabled":true,"jetpack_shortlink":"https:\/\/wp.me\/paKIfm-Jr9","_links":{"self":[{"href":"http:\/\/www.tvturk.com\/index.php\/wp-json\/wp\/v2\/posts\/174663","targetHints":{"allow":["GET"]}}],"collection":[{"href":"http:\/\/www.tvturk.com\/index.php\/wp-json\/wp\/v2\/posts"}],"about":[{"href":"http:\/\/www.tvturk.com\/index.php\/wp-json\/wp\/v2\/types\/post"}],"author":[{"embeddable":true,"href":"http:\/\/www.tvturk.com\/index.php\/wp-json\/wp\/v2\/users\/1"}],"replies":[{"embeddable":true,"href":"http:\/\/www.tvturk.com\/index.php\/wp-json\/wp\/v2\/comments?post=174663"}],"version-history":[{"count":0,"href":"http:\/\/www.tvturk.com\/index.php\/wp-json\/wp\/v2\/posts\/174663\/revisions"}],"wp:attachment":[{"href":"http:\/\/www.tvturk.com\/index.php\/wp-json\/wp\/v2\/media?parent=174663"}],"wp:term":[{"taxonomy":"category","embeddable":true,"href":"http:\/\/www.tvturk.com\/index.php\/wp-json\/wp\/v2\/categories?post=174663"},{"taxonomy":"post_tag","embeddable":true,"href":"http:\/\/www.tvturk.com\/index.php\/wp-json\/wp\/v2\/tags?post=174663"}],"curies":[{"name":"wp","href":"https:\/\/api.w.org\/{rel}","templated":true}]}}