{"id":174693,"date":"2019-06-27T12:46:58","date_gmt":"2019-06-27T09:46:58","guid":{"rendered":"http:\/\/www.tvturk.com\/index.php\/genclik-ve-spor-bakanligi-yaz-spor-okullari-kapilarini-aciyor\/"},"modified":"2019-06-27T12:46:58","modified_gmt":"2019-06-27T09:46:58","slug":"genclik-ve-spor-bakanligi-yaz-spor-okullari-kapilarini-aciyor","status":"publish","type":"post","link":"http:\/\/www.tvturk.com\/index.php\/genclik-ve-spor-bakanligi-yaz-spor-okullari-kapilarini-aciyor\/","title":{"rendered":"Gen\u00e7lik ve Spor Bakanl\u0131\u011f\u0131 Yaz spor okullar\u0131 kap\u0131lar\u0131n\u0131 a\u00e7\u0131yor"},"content":{"rendered":"<p>Gen\u00e7lik ve Spor Bakanl\u0131\u011f\u0131\u2019n\u0131n, \u00e7ocuklar\u0131n ve gen\u00e7lerin sporla tan\u0131\u015fmas\u0131 amac\u0131yla geleneksel hale getirdi\u011fi Yaz Spor Okullar\u0131, 29 Haziran Cumartesi g\u00fcn\u00fc \u00f6\u011frencilerine kap\u0131lar\u0131n\u0131 a\u00e7\u0131yor.<\/p>\n<p>Yaz Spor Okullar\u0131\u2019ndan, T\u00fcrkiye\u2019nin 81 ilindeki \u0130l Spor Merkezlerinde 05-18 ya\u015f grubundaki \u00e7ocuk ve gen\u00e7ler yararlanabiliyor. 2018 &#8211; 2019 E\u011fitim-\u00d6\u011fretim y\u0131l\u0131n\u0131n sona ermesinin ard\u0131ndan \u00e7ocuklar\u0131n yaz aylar\u0131nda vakitlerini daha verimli ge\u00e7irebilmesi ve sporla tan\u0131\u015fmalar\u0131n\u0131 sa\u011flamak amac\u0131yla ba\u015flat\u0131lan \u00fccretsiz Yaz Spor Okullar\u0131 52 bran\u015fta d\u00fczenleniyor.<\/p>\n<p>&#8220;B\u00fct\u00fcn imkanlar\u0131m\u0131zla \u00e7ocuklar\u0131m\u0131z\u0131n ve gen\u00e7lerimizin yan\u0131nday\u0131z&#8221;<\/p>\n<p>Gen\u00e7lik ve Spor Bakan\u0131 Dr. Mehmet Muharrem Kasapo\u011flu, bakanl\u0131\u011f\u0131n\u0131n uzun y\u0131llard\u0131r d\u00fczenledi\u011fi yaz spor okullar\u0131n\u0131n art\u0131k daha co\u015fkulu ve kalabal\u0131k ge\u00e7ti\u011fine i\u015faret etti. Bakan Kasapo\u011flu, b\u00fct\u00fcn imk\u00e2nlar\u0131yla gen\u00e7lerin ve \u00e7ocuklar\u0131n yan\u0131nda olduklar\u0131n\u0131 ve olmaya da devam edeceklerini belirtirken, \u00e7ocuklar\u0131n spor al\u0131\u015fkanl\u0131\u011f\u0131 kazanmas\u0131nda velilere de b\u00fcy\u00fck i\u015f d\u00fc\u015ft\u00fc\u011f\u00fcne dikkati \u00e7ekti. Bakan Kasapo\u011flu, \u015f\u00f6yle dedi:<\/p>\n<p>&#8220;Biz \u00e7ocuklar\u0131m\u0131z i\u00e7in yaz spor okullar\u0131n\u0131 hizmete a\u00e7\u0131yoruz. Bu bizim sorumlulu\u011fumuz ve g\u00f6revimiz ama velilerimizin de evlatlar\u0131n\u0131 yaz spor okullar\u0131na g\u00f6ndermesi i\u015fin hayati noktas\u0131. Sporun her bran\u015f\u0131 ayr\u0131 bir de\u011fer, biz b\u00fct\u00fcn sporlar\u0131 \u00e7ok \u00f6nemsiyoruz. Hepsinin yeri, faydas\u0131, insan ruhuna, bedenine, zihnine katt\u0131klar\u0131 ba\u015fka. Bu a\u00e7\u0131dan biz sporun her bran\u015f\u0131n\u0131 yayg\u0131nla\u015ft\u0131rmak, asl\u0131nda sporun kendisini yayg\u0131n hale getirmek ve toplum hayat\u0131n\u0131n ayr\u0131lmaz bir par\u00e7as\u0131 k\u0131lmak gayretindeyiz. G\u00fcnden g\u00fcne say\u0131s\u0131 artan, geli\u015fen, yenilenen tesislerimiz ve imk\u00e2nlar\u0131m\u0131zla teknik olarak donan\u0131m\u0131m\u0131z\u0131 en \u00fcst seviyeye ta\u015f\u0131m\u0131\u015f durumday\u0131z. Sportif ba\u015far\u0131larda in\u015fallah \u00e7ok daha g\u00fczel noktalara gelece\u011fiz. Ba\u015far\u0131lar\u0131 hem art\u0131racak hem istikrarl\u0131 hale getirece\u011fiz.&#8221;<\/p>\n<p>Bakan Kasapo\u011flu, \u00e7ocuklar\u0131n ve gen\u00e7lerin bundan sonra sadece yaz\u0131n de\u011fil, bu imk\u00e2nlardan k\u0131\u015f aylar\u0131nda da yararlanacaklar\u0131n\u0131 bildirirken, &#8220;Her bir evlad\u0131m\u0131z\u0131n i\u00e7inde parlat\u0131lmay\u0131 bekleyen nice cevherler var. Biz onlar\u0131 el birli\u011fiyle g\u00fcn y\u00fcz\u00fcne \u00e7\u0131karacak, \u00e7ocuklar\u0131m\u0131z\u0131 yetenekli olduklar\u0131 alanlar\u0131n en iyisi olmalar\u0131 i\u00e7in y\u00fcreklendirece\u011fiz&#8221; diye konu\u015ftu.<\/p>\n<p>Hedef \u20191 milyon 600 bin\u2019<\/p>\n<p>Bakanl\u0131k\u00e7a her y\u0131l okullar\u0131n tatile girmesinin ard\u0131ndan a\u00e7\u0131lan Yaz Spor Okullar\u0131na, 2016 y\u0131l\u0131nda 1 milyon 397 bin 976, 2017 y\u0131l\u0131nda 1 milyon 455 bin 74 ve 2018 y\u0131l\u0131nda ise 1 milyon 581 bin 328 \u00e7ocuk ve gen\u00e7 kat\u0131ld\u0131. Bu y\u0131l ise yaz spor okullar\u0131ndan 1 milyon 600 bin \u00e7ocuk ve gencin yararlanmas\u0131, ayr\u0131ca spor kul\u00fcpleri ile di\u011fer kamu, \u00f6zel kurum ve kurulu\u015flar\u0131n\u0131n d\u00fczenledi\u011fi yaz spor okullar\u0131n\u0131n da te\u015fvik edilerek kat\u0131l\u0131m\u0131n art\u0131r\u0131lmas\u0131 hedefleniyor.<\/p>\n","protected":false},"excerpt":{"rendered":"<p>GEN\u00c7L\u0130K VE SPOR BAKANLI\u011eI\u2019NIN, \u00c7OCUKLARIN VE GEN\u00c7LER\u0130N SPORLA TANI\u015eMASI AMACIYLA GELENEKSEL HALE GET\u0130RD\u0130\u011e\u0130 YAZ SPOR OKULLARI, 29 HAZ\u0130RANDA KAPILARINI A\u00c7IYOR.<\/p>\n","protected":false},"author":1,"featured_media":0,"comment_status":"closed","ping_status":"open","sticky":false,"template":"","format":"standard","meta":{"jetpack_post_was_ever_published":false,"_jetpack_newsletter_access":"","_jetpack_dont_email_post_to_subs":false,"_jetpack_newsletter_tier_id":0,"_jetpack_memberships_contains_paywalled_content":false,"_jetpack_memberships_contains_paid_content":false,"footnotes":"","jetpack_publicize_message":"","jetpack_publicize_feature_enabled":true,"jetpack_social_post_already_shared":true,"jetpack_social_options":{"image_generator_settings":{"template":"highway","default_image_id":0,"font":"","enabled":false},"version":2}},"categories":[657],"tags":[1561,9825,512,1560,12352,1619,183],"class_list":["post-174693","post","type-post","status-publish","format-standard","hentry","category-spor","tag-aciyor","tag-bakanligi","tag-genclik","tag-kapilarini","tag-okullari","tag-spor","tag-yaz"],"jetpack_publicize_connections":[],"jetpack_featured_media_url":"","jetpack_sharing_enabled":true,"jetpack_shortlink":"https:\/\/wp.me\/paKIfm-JrD","_links":{"self":[{"href":"http:\/\/www.tvturk.com\/index.php\/wp-json\/wp\/v2\/posts\/174693","targetHints":{"allow":["GET"]}}],"collection":[{"href":"http:\/\/www.tvturk.com\/index.php\/wp-json\/wp\/v2\/posts"}],"about":[{"href":"http:\/\/www.tvturk.com\/index.php\/wp-json\/wp\/v2\/types\/post"}],"author":[{"embeddable":true,"href":"http:\/\/www.tvturk.com\/index.php\/wp-json\/wp\/v2\/users\/1"}],"replies":[{"embeddable":true,"href":"http:\/\/www.tvturk.com\/index.php\/wp-json\/wp\/v2\/comments?post=174693"}],"version-history":[{"count":0,"href":"http:\/\/www.tvturk.com\/index.php\/wp-json\/wp\/v2\/posts\/174693\/revisions"}],"wp:attachment":[{"href":"http:\/\/www.tvturk.com\/index.php\/wp-json\/wp\/v2\/media?parent=174693"}],"wp:term":[{"taxonomy":"category","embeddable":true,"href":"http:\/\/www.tvturk.com\/index.php\/wp-json\/wp\/v2\/categories?post=174693"},{"taxonomy":"post_tag","embeddable":true,"href":"http:\/\/www.tvturk.com\/index.php\/wp-json\/wp\/v2\/tags?post=174693"}],"curies":[{"name":"wp","href":"https:\/\/api.w.org\/{rel}","templated":true}]}}