{"id":174695,"date":"2019-06-27T13:01:13","date_gmt":"2019-06-27T10:01:13","guid":{"rendered":"http:\/\/www.tvturk.com\/index.php\/bakan-akar-afgan-mevkidasi-ile-gorustu\/"},"modified":"2019-06-27T13:01:13","modified_gmt":"2019-06-27T10:01:13","slug":"bakan-akar-afgan-mevkidasi-ile-gorustu","status":"publish","type":"post","link":"http:\/\/www.tvturk.com\/index.php\/bakan-akar-afgan-mevkidasi-ile-gorustu\/","title":{"rendered":"Bakan Akar, Afgan mevkida\u015f\u0131 ile g\u00f6r\u00fc\u015ft\u00fc"},"content":{"rendered":"<p>Milli Savunma Bakan\u0131 Hulusi Akar, NATO Savunma Bakanlar\u0131 Toplant\u0131s\u0131\u2019n\u0131n ikinci g\u00fcn\u00fcnde Afganistan Savunma Bakan\u0131 Asadullah Khalid ile bir araya geldi.<\/p>\n<p>Milli Savunma Bakan\u0131 Hulusi Akar, Br\u00fcksel temaslar\u0131n\u0131 s\u00fcrd\u00fcr\u00fcyor. Akar temaslar\u0131 kapsam\u0131nda NATO Savunma Bakanlar\u0131 Toplant\u0131s\u0131\u2019n\u0131n ikinci g\u00fcn\u00fcnde Afganistan Savunma Bakan\u0131 Asadullah Khalid ile g\u00f6r\u00fc\u015ft\u00fc.<\/p>\n","protected":false},"excerpt":{"rendered":"<p>M\u0130LL\u0130 SAVUNMA BAKANI HULUS\u0130 AKAR, NATO SAVUNMA BAKANLARI TOPLANTISI\u2019NIN \u0130K\u0130NC\u0130 G\u00dcN\u00dcNDE AFGAN\u0130STAN SAVUNMA BAKANI ASADULLAH KHAL\u0130D \u0130LE B\u0130R ARAYA GELD\u0130.<\/p>\n","protected":false},"author":1,"featured_media":0,"comment_status":"closed","ping_status":"open","sticky":false,"template":"","format":"standard","meta":{"jetpack_post_was_ever_published":false,"_jetpack_newsletter_access":"","_jetpack_dont_email_post_to_subs":false,"_jetpack_newsletter_tier_id":0,"_jetpack_memberships_contains_paywalled_content":false,"_jetpack_memberships_contains_paid_content":false,"footnotes":"","jetpack_publicize_message":"","jetpack_publicize_feature_enabled":true,"jetpack_social_post_already_shared":true,"jetpack_social_options":{"image_generator_settings":{"template":"highway","default_image_id":0,"font":"","enabled":false},"version":2}},"categories":[10],"tags":[4135,11703,742,316,192,12542],"class_list":["post-174695","post","type-post","status-publish","format-standard","hentry","category-dunya","tag-afgan","tag-akar","tag-bakan","tag-gorustu","tag-ile","tag-mevkidasi"],"jetpack_publicize_connections":[],"jetpack_featured_media_url":"","jetpack_sharing_enabled":true,"jetpack_shortlink":"https:\/\/wp.me\/paKIfm-JrF","_links":{"self":[{"href":"http:\/\/www.tvturk.com\/index.php\/wp-json\/wp\/v2\/posts\/174695","targetHints":{"allow":["GET"]}}],"collection":[{"href":"http:\/\/www.tvturk.com\/index.php\/wp-json\/wp\/v2\/posts"}],"about":[{"href":"http:\/\/www.tvturk.com\/index.php\/wp-json\/wp\/v2\/types\/post"}],"author":[{"embeddable":true,"href":"http:\/\/www.tvturk.com\/index.php\/wp-json\/wp\/v2\/users\/1"}],"replies":[{"embeddable":true,"href":"http:\/\/www.tvturk.com\/index.php\/wp-json\/wp\/v2\/comments?post=174695"}],"version-history":[{"count":0,"href":"http:\/\/www.tvturk.com\/index.php\/wp-json\/wp\/v2\/posts\/174695\/revisions"}],"wp:attachment":[{"href":"http:\/\/www.tvturk.com\/index.php\/wp-json\/wp\/v2\/media?parent=174695"}],"wp:term":[{"taxonomy":"category","embeddable":true,"href":"http:\/\/www.tvturk.com\/index.php\/wp-json\/wp\/v2\/categories?post=174695"},{"taxonomy":"post_tag","embeddable":true,"href":"http:\/\/www.tvturk.com\/index.php\/wp-json\/wp\/v2\/tags?post=174695"}],"curies":[{"name":"wp","href":"https:\/\/api.w.org\/{rel}","templated":true}]}}