{"id":174739,"date":"2019-06-27T13:47:13","date_gmt":"2019-06-27T10:47:13","guid":{"rendered":"http:\/\/www.tvturk.com\/index.php\/bilecik-mezarligi-ve-orhangazi-imaretine-mudahalesi-icin-anitlar-kurulundan-haber-bekleniyor\/"},"modified":"2019-06-27T13:47:13","modified_gmt":"2019-06-27T10:47:13","slug":"bilecik-mezarligi-ve-orhangazi-imaretine-mudahalesi-icin-anitlar-kurulundan-haber-bekleniyor","status":"publish","type":"post","link":"http:\/\/www.tvturk.com\/index.php\/bilecik-mezarligi-ve-orhangazi-imaretine-mudahalesi-icin-anitlar-kurulundan-haber-bekleniyor\/","title":{"rendered":"Bilecik Mezarl\u0131\u011f\u0131 ve Orhangazi \u0130mareti\u2019ne m\u00fcdahalesi i\u00e7in An\u0131tlar Kurulu\u2019ndan haber bekleniyor"},"content":{"rendered":"<p>Bilecik Belediye Ba\u015fkan\u0131 Semih \u015eahin, Bilecik\u2019in tarihi mek\u00e2nlar\u0131ndan biri olan ve Orhan Gazi\u2019nin 1326-1362 y\u0131llar\u0131 aras\u0131ndaki h\u00fck\u00fcmranl\u0131\u011f\u0131 d\u00f6nemine tarihlendirilen Orhangazi \u0130mareti toprak kaymas\u0131 y\u00fcz\u00fcnden yok olma tehlikesiyle ilgili olarak, &#8220;Osmanl\u0131 d\u00f6nemi yap\u0131lar\u0131ndan olan Orhangazi \u0130marethanesi de heyelan nedeniyle tehlike alt\u0131na girdi. Belediye olarak, toprak alt\u0131nda kalan mezarl\u0131\u011fa m\u00fcdahale i\u00e7in An\u0131tlar Kurulu\u2019ndan haber bekliyoruz&#8221; dedi.<\/p>\n<p>Bilecik\u2019te ya\u015fanan yo\u011fun ya\u011fmura ba\u011fl\u0131 sel felaketleri sonras\u0131 \u2019Su Bask\u0131n\u0131 ve Altyap\u0131 Sorunlar\u0131 Halk Bilgilendirme\u2019 toplant\u0131s\u0131 yap\u0131ld\u0131. Bilecik \u015eeyh Edebali K\u00fclt\u00fcr ve Kongre Merkezi\u2019nde Bilecik Belediye Ba\u015fkan\u0131 Semih \u015eahin ba\u015fkanl\u0131\u011f\u0131nda yap\u0131lan \u2019Su Bask\u0131n\u0131 ve Altyap\u0131 Sorunlar\u0131 Halk Bilgilendirme\u2019 toplant\u0131s\u0131nda Bilecik Vali Yard\u0131mc\u0131s\u0131 Mustafa Kemal \u00d6zg\u00fcn, Bilecik Belediye Ba\u015fkan Yard\u0131mc\u0131s\u0131 Muharrem Dumans\u0131zo\u011flu, belediye meclis \u00fcyeleri, STK temsilcileri ve vatanda\u015flar kat\u0131ld\u0131. Toplant\u0131da Bilecik\u2019te meydana gelen ya\u011f\u0131\u015flar nedeniyle olu\u015fan problemler ve yapaca\u011f\u0131m\u0131z \u00e7\u00f6z\u00fcmler hakk\u0131nda vatanda\u015flara bilgi verildi.<\/p>\n<p>&#8220;Toprak alt\u0131nda kalan mezarl\u0131\u011fa m\u00fcdahale i\u00e7in An\u0131tlar Kurulu\u2019ndan haber bekliyoruz&#8221;<\/p>\n<p>Son g\u00fcnlerde Bilecik\u2019te ya\u015fanan sel ve verdi\u011fi zararlar hakk\u0131nda bilgilendirme yapan Ba\u015fkan \u015eahin, &#8220;Son g\u00fcnlerde Bilecik ilinde ya\u015fanan yo\u011fun ya\u011fmur ya\u011f\u0131\u015f\u0131 topra\u011f\u0131n yumu\u015famas\u0131na ve kayman\u0131n h\u0131zlanmas\u0131na neden oldu. Bunun yan\u0131 s\u0131ra mezarl\u0131k i\u00e7erisinde bulunan erken Osmanl\u0131 d\u00f6nemi yap\u0131lar\u0131ndan olan Orhangazi \u0130marethanesi de heyelan nedeniyle tehlike alt\u0131na girdi. Belediye olarak, toprak alt\u0131nda kalan mezarl\u0131\u011fa m\u00fcdahale i\u00e7in An\u0131tlar Kurulu\u2019ndan haber bekliyoruz&#8221; dedi.<\/p>\n<p>&#8220;\u00c7ak\u0131lan fora kaz\u0131klar yeralt\u0131 suyunu bu defa 3\u2019e b\u00f6ld\u00fc&#8221;<\/p>\n<p>Bilecik \u015eehir Mezarl\u0131\u011f\u0131\u2019nda ya\u015fanan heyelan\u0131n ard\u0131ndan \u015fimdi de E5 Karayolunun alt\u0131nda da b\u00fcy\u00fck yar\u0131klar olu\u015fmaya ba\u015flad\u0131\u011f\u0131n\u0131 anlatan \u015eahin, &#8220;Atat\u00fcrk Orman\u0131\u2019ndaki yeralt\u0131 suyunun E5 Karayolu alt\u0131nda heyelana sebep olmas\u0131 sonucunda Karayollar\u0131 yetkilileri yolun alt\u0131na fora kaz\u0131k \u00e7akmakla toprak kaymas\u0131na \u00e7\u00f6z\u00fcm bulmu\u015flard\u0131. Ancak \u00e7ak\u0131lan fora kaz\u0131klar yeralt\u0131 suyunu bu defa 3\u2019e b\u00f6ld\u00fc ve suyun bir b\u00f6l\u00fcm\u00fc mezarl\u0131klar mevkiine do\u011fru yol al\u0131rken, \u015fehir mezarl\u0131\u011f\u0131nda meydana gelen heyelan nedeni ile mezarlar toprak alt\u0131nda kald\u0131&#8221; dedi.<\/p>\n<p>&#8220;Sit alan\u0131 oldu\u011fu i\u00e7in \u015fu anda m\u00fcdahale edilemiyor &#8220;<\/p>\n<p>Bilecik Belediye Ba\u015fkan\u0131 Semih \u015eahin, Bilecik\u2019in tarihi mek\u00e2nlar\u0131ndan biri olan ve Orhan Gazi\u2019nin h\u00fck\u00fcmranl\u0131\u011f\u0131 (1326-1362) d\u00f6nemine tarihlendirilen Orhangazi \u0130mareti toprak kaymas\u0131 y\u00fcz\u00fcnden zarar g\u00f6rd\u00fc\u011f\u00fcn\u00fc s\u00f6yledi.  Osmanl\u0131 Devleti\u2019nin ilk eserlerinden birisi olan \u0130marethanede de y\u0131k\u0131mlar oldu\u011fu g\u00f6zlenirken \u00f6n\u00fcnde ve arkas\u0131nda b\u00fcy\u00fck yar\u0131klar meydana geldi\u011fi anlatan \u015eahin, s\u00f6zlerine s\u00f6yle devam etti;<\/p>\n<p>&#8220;Bu alana sit alan\u0131 oldu\u011fu i\u00e7in \u015fu anda m\u00fcdahale edilemiyor Bilecik Belediyesi olarak, mezarl\u0131k i\u00e7in olu\u015fturdu\u011fumuz Komisyon gerekli raporlar\u0131 haz\u0131rlad\u0131 ve An\u0131tlar Kurulu\u2019na g\u00f6nderdik. Sit alan\u0131 olan mezarl\u0131k b\u00f6lgesine \u015fuan i\u00e7in hi\u00e7bir m\u00fcdahale yapam\u0131yoruz ve An\u0131tlar Kurulu\u2019ndan gelecek cevap neticesinde mezarl\u0131\u011fa m\u00fcdahale edece\u011fiz. \u00c7al\u0131\u015fmalar\u0131m\u0131z aras\u0131nda yeni mezarl\u0131k olu\u015fturmak plan\u0131 da olacak.&#8221;<\/p>\n<p>\u201cHem \u015fehir mezarl\u0131\u011f\u0131m\u0131z\u0131 kurtaraca\u011f\u0131z, hem de yeni mezarl\u0131k b\u00f6lgemizi de a\u00e7m\u0131\u015f olaca\u011f\u0131z\u201d<\/p>\n<p>Ba\u015fkan \u015eahin, Bilecik\u2019e yeni bir mezarl\u0131k b\u00f6lgesi a\u00e7acaklar\u0131n\u0131 s\u00f6yleyerek, &#8220;Gerek\u00e7e olarak, bizler karayollar\u0131nda yap\u0131lm\u0131\u015f fore kaz\u0131klar\u0131n yeralt\u0131 suyunu d\u00fczensizle\u015ftirdi\u011fini, buna ilave olarak yine ez az bunun kadar \u00f6nemli \u00f6l\u00e7\u00fcl\u00fcp bi\u00e7ilmeden ve m\u00fchendislik hesab\u0131 yap\u0131lmadan yap\u0131lm\u0131\u015f dolgunun ekstra bir y\u00fckleme yaparak heyelan\u0131 h\u0131zland\u0131rd\u0131\u011f\u0131n\u0131 tespit ettik. Hem \u015fehir mezarl\u0131\u011f\u0131m\u0131z\u0131 kurtaraca\u011f\u0131z, hem de yeni mezarl\u0131k b\u00f6lgemizi de a\u00e7m\u0131\u015f olaca\u011f\u0131z&#8221; dedi.<\/p>\n<p>\u201c\u0130marethane Osmanl\u0131 g\u00f6\u00e7ebe ya\u015fam tarz\u0131ndan yerle\u015fik ya\u015fam tarz\u0131na ge\u00e7i\u015finin ilk yap\u0131lar\u0131ndan biridir\u201d<\/p>\n<p>Son olarak Orhangazi \u0130maretinin \u00f6neminde de\u011finen Ba\u015fkan \u015eahin, &#8220;\u0130marethane Osmanl\u0131 g\u00f6\u00e7ebe ya\u015fam tarz\u0131ndan yerle\u015fik ya\u015fam tarz\u0131na ge\u00e7i\u015finin ilk yap\u0131lar\u0131ndan biridir. Buna ilave olarak valilik talimat\u0131yla bir komisyon kurduk. Bununla ilgili Karayollar\u0131, K\u00fclt\u00fcr Bakanl\u0131\u011f\u0131, \u00c7evre \u0130l M\u00fcd\u00fcrl\u00fc\u011f\u00fc ortak bir komisyon kurduk. Komisyonun ilk toplant\u0131s\u0131nda b\u00f6lgenin sit b\u00f6lgesi olmas\u0131 sebebiyle An\u0131tlar Kurulu\u2019ndan g\u00f6r\u00fc\u015f istedik. \u015eu anki a\u015famada bunu takip ediyoruz ve \u00e7\u00f6z\u00fcm \u00fcretmeye \u00e7al\u0131\u015f\u0131yoruz, \u00e7\u00fcnk\u00fc orada hem mezarl\u0131klar\u0131m\u0131z hem de tarihi bir \u0130marethane var.  B\u00fct\u00fcn bunlar\u0131n \u0131\u015f\u0131\u011f\u0131nda en k\u0131sa zamanda \u00e7\u00f6z\u00fcm \u00fcretmeye \u00e7al\u0131\u015f\u0131yoruz&#8221; ifadelerine yer verdi.<\/p>\n<p>Toplant\u0131 kar\u015f\u0131l\u0131kl\u0131 soru-cevap \u015feklinde sona erdi.<\/p>\n","protected":false},"excerpt":{"rendered":"<p>B\u0130LEC\u0130K&#8217;TE \u2019SU BASKINI VE ALTYAPI SORUNLARI HALK B\u0130LG\u0130LEND\u0130RME\u2019 TOPLANTISI YAPILDI<\/p>\n","protected":false},"author":1,"featured_media":0,"comment_status":"closed","ping_status":"open","sticky":false,"template":"","format":"standard","meta":{"jetpack_post_was_ever_published":false,"_jetpack_newsletter_access":"","_jetpack_dont_email_post_to_subs":false,"_jetpack_newsletter_tier_id":0,"_jetpack_memberships_contains_paywalled_content":false,"_jetpack_memberships_contains_paid_content":false,"footnotes":"","jetpack_publicize_message":"","jetpack_publicize_feature_enabled":true,"jetpack_social_post_already_shared":true,"jetpack_social_options":{"image_generator_settings":{"template":"highway","default_image_id":0,"font":"","enabled":false},"version":2}},"categories":[656],"tags":[42518,4742,5294,1545,44,42517,5943,15892,22611,30363],"class_list":["post-174739","post","type-post","status-publish","format-standard","hentry","category-kultur-sanat","tag-anitlar","tag-bekleniyor","tag-bilecik","tag-haber","tag-icin","tag-imaretine","tag-kurulundan","tag-mezarligi","tag-mudahalesi","tag-orhangazi"],"jetpack_publicize_connections":[],"jetpack_featured_media_url":"","jetpack_sharing_enabled":true,"jetpack_shortlink":"https:\/\/wp.me\/paKIfm-Jsn","_links":{"self":[{"href":"http:\/\/www.tvturk.com\/index.php\/wp-json\/wp\/v2\/posts\/174739","targetHints":{"allow":["GET"]}}],"collection":[{"href":"http:\/\/www.tvturk.com\/index.php\/wp-json\/wp\/v2\/posts"}],"about":[{"href":"http:\/\/www.tvturk.com\/index.php\/wp-json\/wp\/v2\/types\/post"}],"author":[{"embeddable":true,"href":"http:\/\/www.tvturk.com\/index.php\/wp-json\/wp\/v2\/users\/1"}],"replies":[{"embeddable":true,"href":"http:\/\/www.tvturk.com\/index.php\/wp-json\/wp\/v2\/comments?post=174739"}],"version-history":[{"count":0,"href":"http:\/\/www.tvturk.com\/index.php\/wp-json\/wp\/v2\/posts\/174739\/revisions"}],"wp:attachment":[{"href":"http:\/\/www.tvturk.com\/index.php\/wp-json\/wp\/v2\/media?parent=174739"}],"wp:term":[{"taxonomy":"category","embeddable":true,"href":"http:\/\/www.tvturk.com\/index.php\/wp-json\/wp\/v2\/categories?post=174739"},{"taxonomy":"post_tag","embeddable":true,"href":"http:\/\/www.tvturk.com\/index.php\/wp-json\/wp\/v2\/tags?post=174739"}],"curies":[{"name":"wp","href":"https:\/\/api.w.org\/{rel}","templated":true}]}}