{"id":174789,"date":"2019-06-27T15:02:19","date_gmt":"2019-06-27T12:02:19","guid":{"rendered":"http:\/\/www.tvturk.com\/index.php\/honda-motorsporlari-yarislarindaki-60inci-yil-donumunu-kutluyor\/"},"modified":"2019-06-27T15:02:19","modified_gmt":"2019-06-27T12:02:19","slug":"honda-motorsporlari-yarislarindaki-60inci-yil-donumunu-kutluyor","status":"publish","type":"post","link":"http:\/\/www.tvturk.com\/index.php\/honda-motorsporlari-yarislarindaki-60inci-yil-donumunu-kutluyor\/","title":{"rendered":"Honda, motorsporlar\u0131 yar\u0131\u015flar\u0131ndaki 60\u2019\u0131nc\u0131 y\u0131l d\u00f6n\u00fcm\u00fcn\u00fc kutluyor"},"content":{"rendered":"<p>Honda, Man Adas\u0131 TT ile motor sporlar\u0131na ad\u0131m att\u0131\u011f\u0131 g\u00fcnden bu yana ge\u00e7en 60 y\u0131l boyunca kaydetti\u011fi ba\u015far\u0131lar\u0131 kutlamak i\u00e7in \u2019Honda Yar\u0131\u015f Y\u0131ld\u00f6n\u00fcm\u00fc\u2019 etkinlikleri d\u00fczenliyor.<\/p>\n<p>Kuruldu\u011fu g\u00fcnden bu yana motor sporlar\u0131n\u0131n bir par\u00e7as\u0131 olan Honda, 1959 y\u0131l\u0131ndan bu yana yer ald\u0131\u011f\u0131 motor sporlar\u0131 yar\u0131\u015flar\u0131n\u0131n \u2018D\u00fcnya \u015eampiyonas\u0131\u2019ndaki 60\u2019\u0131nc\u0131 y\u0131l\u0131n\u0131 geride b\u0131rakt\u0131. Marka, Man Adas\u0131 TT ile motor sporlar\u0131na ad\u0131m att\u0131\u011f\u0131 g\u00fcnden bu yana ge\u00e7en 60 y\u0131l boyunca kaydetti\u011fi ba\u015far\u0131lar\u0131 kutlamak i\u00e7in \u2019Honda Yar\u0131\u015f Y\u0131ld\u00f6n\u00fcm\u00fc\u2019 etkinlikleri d\u00fczenliyor. Man Adas\u0131 ile ba\u015flayacak olan etkinlikler markan\u0131n motorsporlar\u0131 tarihindeki ba\u015far\u0131lar\u0131n\u0131n bug\u00fcn gelmi\u015f oldu\u011fu noktay\u0131 ve gelecek nesilleri g\u00f6zler \u00f6n\u00fcne serecek.<\/p>\n<p>\u2018Goodwood H\u0131z Festivali\u2019 kapsam\u0131nda d\u00fczenlenecek olan Honda Yar\u0131\u015f Y\u0131ld\u00f6n\u00fcm\u00fc etkinliklerinde markan\u0131n efsanevi yar\u0131\u015f motosikletleri ile 1988 y\u0131l\u0131nda pilotlar ve markalar \u015fampiyonlu\u011funu kazanan McLaren Honda modeli de sergilenecek. Etkinlik kapsam\u0131nda ayr\u0131ca Suzuka 8 Saat yar\u0131\u015f\u0131 ve Japonya MotoGP\u2019sinde de kutlamalar yap\u0131lacak.<\/p>\n<p>Honda, d\u00fcnyan\u0131n en iyisi olma hayalini ger\u00e7ekle\u015ftirmek \u00fczere hareket eden \u015firket kurucusu Soichiro Honda\u2019n\u0131n 1954 y\u0131l\u0131nda TT FIM 1 Yol Yar\u0131\u015f\u0131 D\u00fcnya \u015eampiyonas\u0131\u2019na kat\u0131laca\u011f\u0131n\u0131 a\u00e7\u0131klamas\u0131 ile birlikte 5 y\u0131l boyunca yar\u0131\u015f makinelerini geli\u015ftirmesinin ard\u0131ndan 3 Haziran 1959 tarihinde Man Adas\u0131\u2019nda giden ilk Japon motosiklet \u00fcreticisi olmu\u015ftu. Junzo Suzuki, Naomi Taniguchi, Giichi Suzuki ve Teisuke Tanaka\u2019n\u0131n 125 cc s\u0131n\u0131f\u0131nda RC142 yar\u0131\u015f motosikleti ile m\u00fccadeleye d\u00e2hil oldu\u011fu g\u00fcnden bu yana Honda, D\u00fcnya \u015eampiyonas\u0131\u2019ndaki 60 y\u0131l\u0131n\u0131 tamamlad\u0131.<\/p>\n<p>Formula 1\u2019e kat\u0131l\u0131m<\/p>\n<p>Honda, 1959 y\u0131l\u0131nda ba\u015flayan motor sporlar\u0131n\u0131n zirvesindeki m\u00fccadelesinde iki tekerlekli d\u00fcnyas\u0131 ile s\u0131n\u0131rl\u0131 kalmayarak Ronnie Bucknum\u2019un 1964 y\u0131l\u0131nda Formula 1 D\u00fcnya \u015eampiyonas\u0131\u2019n\u0131n Almanya Gran Prix\u2019sinde RA271 yar\u0131\u015f otomobili ile de yer ald\u0131. Motor sporlar\u0131n\u0131n zirvesinde sergiledi\u011fi performanslar\u0131n yan\u0131 s\u0131ra marka, farkl\u0131 kategorilerde de iki ve d\u00f6rt tekerlekli y\u00fcksek performansl\u0131 ara\u00e7 teknolojileri geli\u015ftirerek yar\u0131\u015flara kat\u0131ld\u0131. Yenilik\u00e7i teknolojilerini seri \u00fcretim otomobillerine de transfer eden marka, m\u00fc\u015fterilerine de heyecan veren otomobiller sundu.<\/p>\n","protected":false},"excerpt":{"rendered":"<p>HONDA, MAN ADASI TT \u0130LE MOTOR SPORLARINA ADIM ATTI\u011eI G\u00dcNDEN BU YANA GE\u00c7EN 60 YIL BOYUNCA KAYDETT\u0130\u011e\u0130 BA\u015eARILARI KUTLAMAK \u0130\u00c7\u0130N &#8216;HONDA YARI\u015e YILD\u00d6N\u00dcM\u00dc&#8217; ETK\u0130NL\u0130KLER\u0130 D\u00dcZENL\u0130YOR.<\/p>\n","protected":false},"author":1,"featured_media":0,"comment_status":"closed","ping_status":"open","sticky":false,"template":"","format":"standard","meta":{"jetpack_post_was_ever_published":false,"_jetpack_newsletter_access":"","_jetpack_dont_email_post_to_subs":false,"_jetpack_newsletter_tier_id":0,"_jetpack_memberships_contains_paywalled_content":false,"_jetpack_memberships_contains_paid_content":false,"footnotes":"","jetpack_publicize_message":"","jetpack_publicize_feature_enabled":true,"jetpack_social_post_already_shared":true,"jetpack_social_options":{"image_generator_settings":{"template":"highway","default_image_id":0,"font":"","enabled":false},"version":2}},"categories":[657],"tags":[20622,4431,11415,22391,42532,42533,231],"class_list":["post-174789","post","type-post","status-publish","format-standard","hentry","category-spor","tag-60inci","tag-donumunu","tag-honda","tag-kutluyor","tag-motorsporlari","tag-yarislarindaki","tag-yil"],"jetpack_publicize_connections":[],"jetpack_featured_media_url":"","jetpack_sharing_enabled":true,"jetpack_shortlink":"https:\/\/wp.me\/paKIfm-Jtb","_links":{"self":[{"href":"http:\/\/www.tvturk.com\/index.php\/wp-json\/wp\/v2\/posts\/174789","targetHints":{"allow":["GET"]}}],"collection":[{"href":"http:\/\/www.tvturk.com\/index.php\/wp-json\/wp\/v2\/posts"}],"about":[{"href":"http:\/\/www.tvturk.com\/index.php\/wp-json\/wp\/v2\/types\/post"}],"author":[{"embeddable":true,"href":"http:\/\/www.tvturk.com\/index.php\/wp-json\/wp\/v2\/users\/1"}],"replies":[{"embeddable":true,"href":"http:\/\/www.tvturk.com\/index.php\/wp-json\/wp\/v2\/comments?post=174789"}],"version-history":[{"count":0,"href":"http:\/\/www.tvturk.com\/index.php\/wp-json\/wp\/v2\/posts\/174789\/revisions"}],"wp:attachment":[{"href":"http:\/\/www.tvturk.com\/index.php\/wp-json\/wp\/v2\/media?parent=174789"}],"wp:term":[{"taxonomy":"category","embeddable":true,"href":"http:\/\/www.tvturk.com\/index.php\/wp-json\/wp\/v2\/categories?post=174789"},{"taxonomy":"post_tag","embeddable":true,"href":"http:\/\/www.tvturk.com\/index.php\/wp-json\/wp\/v2\/tags?post=174789"}],"curies":[{"name":"wp","href":"https:\/\/api.w.org\/{rel}","templated":true}]}}