{"id":174817,"date":"2019-06-27T15:46:02","date_gmt":"2019-06-27T12:46:02","guid":{"rendered":"http:\/\/www.tvturk.com\/index.php\/tunus-cumhurbaskani-hastaneye-kaldirildi\/"},"modified":"2019-06-27T15:46:02","modified_gmt":"2019-06-27T12:46:02","slug":"tunus-cumhurbaskani-hastaneye-kaldirildi","status":"publish","type":"post","link":"http:\/\/www.tvturk.com\/index.php\/tunus-cumhurbaskani-hastaneye-kaldirildi\/","title":{"rendered":"Tunus Cumhurba\u015fkan\u0131 hastaneye kald\u0131r\u0131ld\u0131"},"content":{"rendered":"<p>Tunus Cumhurba\u015fkan\u0131 El-Baci Kaid es-Sibsi, ciddi bir sa\u011fl\u0131k sorunu sebebiyle hastaneye kald\u0131r\u0131ld\u0131.<\/p>\n<p>Tunus Cumhurba\u015fkanl\u0131\u011f\u0131, Cumhurba\u015fkan\u0131 El-Baci Kaid es-Sibsi\u2019nin sabah saatlerinde ciddi bir sa\u011fl\u0131k sorunu sebebiyle askeri hastaneye kald\u0131r\u0131ld\u0131\u011f\u0131n\u0131 a\u00e7\u0131klad\u0131. Sibsi, ge\u00e7ti\u011fimiz g\u00fcnlerde gelecek cumhurba\u015fkanl\u0131\u011f\u0131 se\u00e7imlerinde aday olmayaca\u011f\u0131n\u0131 a\u00e7\u0131klam\u0131\u015ft\u0131. 2014\u2019te Tunus\u2019ta yap\u0131lan cumhurba\u015fkanl\u0131\u011f\u0131 se\u00e7imini Nida Tunus Partisi lideri Sibsi kazanm\u0131\u015ft\u0131.<\/p>\n","protected":false},"excerpt":{"rendered":"<p>TUNUS CUMHURBA\u015eKANI EL-BAC\u0130 KA\u0130D ES-S\u0130BS\u0130, C\u0130DD\u0130 B\u0130R SA\u011eLIK SORUNU SEBEB\u0130YLE HASTANEYE KALDIRILDI.<\/p>\n","protected":false},"author":1,"featured_media":0,"comment_status":"closed","ping_status":"open","sticky":false,"template":"","format":"standard","meta":{"jetpack_post_was_ever_published":false,"_jetpack_newsletter_access":"","_jetpack_dont_email_post_to_subs":false,"_jetpack_newsletter_tier_id":0,"_jetpack_memberships_contains_paywalled_content":false,"_jetpack_memberships_contains_paid_content":false,"footnotes":"","jetpack_publicize_message":"","jetpack_publicize_feature_enabled":true,"jetpack_social_post_already_shared":true,"jetpack_social_options":{"image_generator_settings":{"template":"highway","default_image_id":0,"font":"","enabled":false},"version":2}},"categories":[10],"tags":[503,2097,6278,21223],"class_list":["post-174817","post","type-post","status-publish","format-standard","hentry","category-dunya","tag-cumhurbaskani","tag-hastaneye","tag-kaldirildi","tag-tunus"],"jetpack_publicize_connections":[],"jetpack_featured_media_url":"","jetpack_sharing_enabled":true,"jetpack_shortlink":"https:\/\/wp.me\/paKIfm-JtD","_links":{"self":[{"href":"http:\/\/www.tvturk.com\/index.php\/wp-json\/wp\/v2\/posts\/174817","targetHints":{"allow":["GET"]}}],"collection":[{"href":"http:\/\/www.tvturk.com\/index.php\/wp-json\/wp\/v2\/posts"}],"about":[{"href":"http:\/\/www.tvturk.com\/index.php\/wp-json\/wp\/v2\/types\/post"}],"author":[{"embeddable":true,"href":"http:\/\/www.tvturk.com\/index.php\/wp-json\/wp\/v2\/users\/1"}],"replies":[{"embeddable":true,"href":"http:\/\/www.tvturk.com\/index.php\/wp-json\/wp\/v2\/comments?post=174817"}],"version-history":[{"count":0,"href":"http:\/\/www.tvturk.com\/index.php\/wp-json\/wp\/v2\/posts\/174817\/revisions"}],"wp:attachment":[{"href":"http:\/\/www.tvturk.com\/index.php\/wp-json\/wp\/v2\/media?parent=174817"}],"wp:term":[{"taxonomy":"category","embeddable":true,"href":"http:\/\/www.tvturk.com\/index.php\/wp-json\/wp\/v2\/categories?post=174817"},{"taxonomy":"post_tag","embeddable":true,"href":"http:\/\/www.tvturk.com\/index.php\/wp-json\/wp\/v2\/tags?post=174817"}],"curies":[{"name":"wp","href":"https:\/\/api.w.org\/{rel}","templated":true}]}}